{"id":5973,"date":"2017-04-28T16:10:12","date_gmt":"2017-04-28T19:10:12","guid":{"rendered":"http:\/\/www.apucarana.pr.gov.br\/ame\/?p=5973"},"modified":"2024-10-08T09:10:26","modified_gmt":"2024-10-08T12:10:26","slug":"educacao-divulga-cardapios-das-escolas-e-cmeis","status":"publish","type":"post","link":"http:\/\/www.apucarana.pr.gov.br\/ame\/educacao-divulga-cardapios-das-escolas-e-cmeis\/","title":{"rendered":"Educa\u00e7\u00e3o divulga card\u00e1pios das Escolas e CMEIs"},"content":{"rendered":"<p>Desde o m\u00eas passado, a Autarquia Municipal de Educa\u00e7\u00e3o tem disponibilizado os card\u00e1pios das Escolas e CMEIs nas redes sociais. O objetivo \u00e9 que os pais possam acompanhar a alimenta\u00e7\u00e3o oferecida a seus filhos. Veja os menus de maio:<\/p>\n<p>Centros Municipais de Educa\u00e7\u00e3o Infantil (CMEIs) \u2013 alunos de 0 a 4 meses:<\/p>\n<p><img loading=\"lazy\" class=\"alignnone size-full wp-image-5974\" src=\"http:\/\/www.apucarana.pr.gov.br\/ame\/wp-content\/uploads\/2017\/04\/CARD\u00c1PIO-CMEI-de-0-a-4-MESES-MAIO-2017-p\u00e1gina-1.jpg\" alt=\"\" width=\"842\" height=\"595\" \/> <img loading=\"lazy\" class=\"alignnone size-medium wp-image-5975\" src=\"http:\/\/www.apucarana.pr.gov.br\/ame\/wp-content\/uploads\/2017\/04\/CARD\u00c1PIO-CMEI-de-0-a-4-MESES-MAIO-2017-p\u00e1gina-2.jpg\" alt=\"\" width=\"300\" height=\"212\" \/> <img loading=\"lazy\" class=\"alignnone size-medium wp-image-5976\" src=\"http:\/\/www.apucarana.pr.gov.br\/ame\/wp-content\/uploads\/2017\/04\/CARD\u00c1PIO-CMEI-de-0-a-4-MESES-MAIO-2017-p\u00e1gina-3.jpg\" alt=\"\" width=\"300\" height=\"212\" \/><\/p>\n<p>Centros Municipais de Educa\u00e7\u00e3o Infantil (CMEIs) \u2013 alunos de 4 a 12 meses:<\/p>\n<p><img loading=\"lazy\" class=\"alignnone size-full wp-image-5977\" src=\"http:\/\/www.apucarana.pr.gov.br\/ame\/wp-content\/uploads\/2017\/04\/CARD\u00c1PIO-CMEI-4-A-12-MESES-MAIO-2017-p\u00e1gina-1.jpg\" alt=\"\" width=\"842\" height=\"595\" \/> <img loading=\"lazy\" class=\"alignnone size-medium wp-image-5978\" src=\"http:\/\/www.apucarana.pr.gov.br\/ame\/wp-content\/uploads\/2017\/04\/CARD\u00c1PIO-CMEI-4-A-12-MESES-MAIO-2017-p\u00e1gina-2.jpg\" alt=\"\" width=\"300\" height=\"212\" \/> <img loading=\"lazy\" class=\"alignnone size-medium wp-image-5979\" src=\"http:\/\/www.apucarana.pr.gov.br\/ame\/wp-content\/uploads\/2017\/04\/CARD\u00c1PIO-CMEI-4-A-12-MESES-MAIO-2017-p\u00e1gina-3.jpg\" alt=\"\" width=\"300\" height=\"212\" \/> <img loading=\"lazy\" class=\"alignnone size-medium wp-image-5980\" src=\"http:\/\/www.apucarana.pr.gov.br\/ame\/wp-content\/uploads\/2017\/04\/CARD\u00c1PIO-CMEI-4-A-12-MESES-MAIO-2017-p\u00e1gina-4.jpg\" alt=\"\" width=\"300\" height=\"212\" \/> <img loading=\"lazy\" class=\"alignnone size-medium wp-image-5981\" src=\"http:\/\/www.apucarana.pr.gov.br\/ame\/wp-content\/uploads\/2017\/04\/CARD\u00c1PIO-CMEI-4-A-12-MESES-MAIO-2017-p\u00e1gina-5.jpg\" alt=\"\" width=\"300\" height=\"212\" \/> <img loading=\"lazy\" class=\"alignnone size-medium wp-image-5982\" src=\"http:\/\/www.apucarana.pr.gov.br\/ame\/wp-content\/uploads\/2017\/04\/CARD\u00c1PIO-CMEI-4-A-12-MESES-MAIO-2017-p\u00e1gina-6.jpg\" alt=\"\" width=\"300\" height=\"212\" \/><\/p>\n<p>Centros Municipais de Educa\u00e7\u00e3o Infantil (CMEIs) \u2013 alunos acima de 12 meses:<\/p>\n<p><img loading=\"lazy\" class=\"alignnone size-full wp-image-5983\" src=\"http:\/\/www.apucarana.pr.gov.br\/ame\/wp-content\/uploads\/2017\/04\/CARD\u00c1PIO-CMEI-ACIMA-DE-12-MESES-MAIO-2017-p\u00e1gina-1.jpg\" alt=\"\" width=\"842\" height=\"595\" \/> <img loading=\"lazy\" class=\"alignnone size-medium wp-image-5984\" src=\"http:\/\/www.apucarana.pr.gov.br\/ame\/wp-content\/uploads\/2017\/04\/CARD\u00c1PIO-CMEI-ACIMA-DE-12-MESES-MAIO-2017-p\u00e1gina-2.jpg\" alt=\"\" width=\"300\" height=\"212\" \/> <img loading=\"lazy\" class=\"alignnone size-medium wp-image-5985\" src=\"http:\/\/www.apucarana.pr.gov.br\/ame\/wp-content\/uploads\/2017\/04\/CARD\u00c1PIO-CMEI-ACIMA-DE-12-MESES-MAIO-2017-p\u00e1gina-3.jpg\" alt=\"\" width=\"300\" height=\"212\" \/> <img loading=\"lazy\" class=\"alignnone size-medium wp-image-5986\" src=\"http:\/\/www.apucarana.pr.gov.br\/ame\/wp-content\/uploads\/2017\/04\/CARD\u00c1PIO-CMEI-ACIMA-DE-12-MESES-MAIO-2017-p\u00e1gina-4.jpg\" alt=\"\" width=\"300\" height=\"212\" \/> <img loading=\"lazy\" class=\"alignnone size-medium wp-image-5987\" src=\"http:\/\/www.apucarana.pr.gov.br\/ame\/wp-content\/uploads\/2017\/04\/CARD\u00c1PIO-CMEI-ACIMA-DE-12-MESES-MAIO-2017-p\u00e1gina-5.jpg\" alt=\"\" width=\"300\" height=\"212\" \/> <img loading=\"lazy\" class=\"alignnone size-medium wp-image-5988\" src=\"http:\/\/www.apucarana.pr.gov.br\/ame\/wp-content\/uploads\/2017\/04\/CARD\u00c1PIO-CMEI-ACIMA-DE-12-MESES-MAIO-2017-p\u00e1gina-6.jpg\" alt=\"\" width=\"300\" height=\"212\" \/><\/p>\n<p>Escolas Municipais \u2013 card\u00e1pio matutino:<\/p>\n<p><img loading=\"lazy\" class=\"alignnone size-full wp-image-5989\" src=\"http:\/\/www.apucarana.pr.gov.br\/ame\/wp-content\/uploads\/2017\/04\/CARD\u00c1PIO-MATUTINO-MAIO-2017-p\u00e1gina-1.jpg\" alt=\"\" width=\"842\" height=\"595\" \/> <img loading=\"lazy\" class=\"alignnone size-medium wp-image-5990\" src=\"http:\/\/www.apucarana.pr.gov.br\/ame\/wp-content\/uploads\/2017\/04\/CARD\u00c1PIO-MATUTINO-MAIO-2017-p\u00e1gina-2.jpg\" alt=\"\" width=\"300\" height=\"212\" \/> <img loading=\"lazy\" class=\"alignnone size-medium wp-image-5991\" src=\"http:\/\/www.apucarana.pr.gov.br\/ame\/wp-content\/uploads\/2017\/04\/CARD\u00c1PIO-MATUTINO-MAIO-2017-p\u00e1gina-3.jpg\" alt=\"\" width=\"300\" height=\"212\" \/> <img loading=\"lazy\" class=\"alignnone size-medium wp-image-5992\" src=\"http:\/\/www.apucarana.pr.gov.br\/ame\/wp-content\/uploads\/2017\/04\/CARD\u00c1PIO-MATUTINO-MAIO-2017-p\u00e1gina-4.jpg\" alt=\"\" width=\"300\" height=\"212\" \/> <img loading=\"lazy\" class=\"alignnone size-medium wp-image-5993\" src=\"http:\/\/www.apucarana.pr.gov.br\/ame\/wp-content\/uploads\/2017\/04\/CARD\u00c1PIO-MATUTINO-MAIO-2017-p\u00e1gina-5.jpg\" alt=\"\" width=\"300\" height=\"212\" \/> <img loading=\"lazy\" class=\"alignnone size-medium wp-image-5994\" src=\"http:\/\/www.apucarana.pr.gov.br\/ame\/wp-content\/uploads\/2017\/04\/CARD\u00c1PIO-MATUTINO-MAIO-2017-p\u00e1gina-6.jpg\" alt=\"\" width=\"300\" height=\"212\" \/><\/p>\n<p>Escolas Municipais \u2013 card\u00e1pio vespertino:<\/p>\n<p><img loading=\"lazy\" class=\"alignnone size-full wp-image-5995\" src=\"http:\/\/www.apucarana.pr.gov.br\/ame\/wp-content\/uploads\/2017\/04\/CARD\u00c1PIO-VESPERTINO-MAIO-2017-p\u00e1gina-1.jpg\" alt=\"\" width=\"842\" height=\"595\" \/> <img loading=\"lazy\" class=\"alignnone size-medium wp-image-5996\" src=\"http:\/\/www.apucarana.pr.gov.br\/ame\/wp-content\/uploads\/2017\/04\/CARD\u00c1PIO-VESPERTINO-MAIO-2017-p\u00e1gina-2.jpg\" alt=\"\" width=\"300\" height=\"212\" \/> <img loading=\"lazy\" class=\"alignnone size-medium wp-image-5997\" src=\"http:\/\/www.apucarana.pr.gov.br\/ame\/wp-content\/uploads\/2017\/04\/CARD\u00c1PIO-VESPERTINO-MAIO-2017-p\u00e1gina-3.jpg\" alt=\"\" width=\"300\" height=\"212\" \/><\/p>\n<p>Escolas Municipais \u2013 card\u00e1pio integral:<\/p>\n<p><img loading=\"lazy\" class=\"alignnone size-full wp-image-5998\" src=\"http:\/\/www.apucarana.pr.gov.br\/ame\/wp-content\/uploads\/2017\/04\/CARD\u00c1PIO-INTEGRAL-MAIO-2017-P\u00e1gina-1.jpg\" alt=\"\" width=\"842\" height=\"595\" \/> <img loading=\"lazy\" class=\"alignnone size-medium wp-image-5999\" src=\"http:\/\/www.apucarana.pr.gov.br\/ame\/wp-content\/uploads\/2017\/04\/CARD\u00c1PIO-INTEGRAL-MAIO-2017-p\u00e1gina-2.jpg\" alt=\"\" width=\"300\" height=\"212\" \/> <img loading=\"lazy\" class=\"alignnone size-medium wp-image-6000\" src=\"http:\/\/www.apucarana.pr.gov.br\/ame\/wp-content\/uploads\/2017\/04\/CARD\u00c1PIO-INTEGRAL-MAIO-2017-p\u00e1gina-3.jpg\" alt=\"\" width=\"300\" height=\"212\" \/> <img loading=\"lazy\" class=\"alignnone size-medium wp-image-6001\" src=\"http:\/\/www.apucarana.pr.gov.br\/ame\/wp-content\/uploads\/2017\/04\/CARD\u00c1PIO-INTEGRAL-MAIO-2017-p\u00e1gina-4.jpg\" alt=\"\" width=\"300\" height=\"212\" \/> <img loading=\"lazy\" class=\"alignnone size-medium wp-image-6002\" src=\"http:\/\/www.apucarana.pr.gov.br\/ame\/wp-content\/uploads\/2017\/04\/CARD\u00c1PIO-INTEGRAL-MAIO-2017-p\u00e1gina-5.jpg\" alt=\"\" width=\"300\" height=\"212\" \/> <img loading=\"lazy\" class=\"alignnone size-medium wp-image-6003\" src=\"http:\/\/www.apucarana.pr.gov.br\/ame\/wp-content\/uploads\/2017\/04\/CARD\u00c1PIO-INTEGRAL-MAIO-2017-p\u00e1gina-6.jpg\" alt=\"\" width=\"300\" height=\"212\" \/><\/p>\n<div class = 'socialMediaOnEveryPost'>Compartilhe<div id=\"sgmbShare1-1\" class=\"sgmbShare jssocials-theme-classic sgmbWidget1-1\"><\/div><div class=\"dropdownWrapper dropdownWrapper1 dropdownWrapper-for-widget \" id=\"dropdownWrapper-for-widget\">\r\n\t\t\t\t\t\t<div class=\"dropdownLabel\" id=\"dropdownLabel-share-list\"><span class=\"sgmbButtonListLabel1\">Share List<\/span><\/div>\r\n\t\t\t\t\t\t<div class=\"dropdownPanel dropdownPanel1-1\">\r\n\t\t\t\t\t\t<\/div>\r\n\t\t\t\t\t<\/div><script>  SGMB_URL = \"http:\/\/www.apucarana.pr.gov.br\/ame\/wp-content\/plugins\/social-media-builder\/\"; jQuery(\".dropdownWrapper\").hide(); SGMB_GOOGLE_ACOUNT = \"\"; <\/script><script type=\"text\/javascript\">\r\n\t\tjQuery(document).ready(function($){var widget = new SGMBWidget();widget.show({\"id\":\"1\",\"title\":\"Face\\\/Twitter\",\"options\":{\"currentUrl\":\"1\",\"url\":\"\",\"shareText\":\"\",\"fontSize\":\"14\",\"betweenButtons\":\"1px\",\"theme\":\"classic\",\"sgmbButtonsPosition\":\"bottomLeft\",\"socialTheme\":\"\",\"icon\":\"default\",\"buttonsPanelEffect\":\"No Effect\",\"buttonsEffect\":\"No Effect\",\"iconsEffect\":\"No Effect\",\"buttons\":\"{\\\"facebook\\\":{\\\"label\\\":\\\"Share\\\",\\\"icon\\\":\\\"default-facebook\\\"},\\\"twitter\\\":{\\\"label\\\":\\\"Tweet\\\",\\\"icon\\\":\\\"default-twitter\\\",\\\"via\\\":\\\"\\\",\\\"hashtags\\\":\\\"\\\"}}\",\"roundButton\":\"\",\"showLabels\":\"\",\"showCounts\":\"\",\"showCenter\":\"\",\"showButtonsAsList\":\"\",\"sgmbDropdownColor\":\"\",\"sgmbDropdownLabelFontSize\":\"14\",\"sgmbDropdownLabelColor\":\"\",\"showButtonsOnEveryPost\":\"on\",\"selectedOrExcluded\":\"\",\"showButtonsOnEveryPage\":\"\",\"textOnEveryPost\":\"Compartilhe\",\"showButtonsOnCustomPost\":\"\",\"textOnCustomPost\":\"\",\"showButtonsOnMobileDirect\":\"on\",\"showButtonsOnDesktopDirect\":\"on\",\"sgmbSelectedPages\":[\"\"],\"sgmbExcludedPosts\":[\"\"],\"sgmbSelectedCustomPosts\":[],\"showButtonsInPopup\":\"\",\"titleOfPopup\":\"\",\"descriptionOfPopup\":\"\",\"showPopupOnLoad\":\"\",\"showPopupOnScroll\":\"\",\"showPopupOnExit\":\"\",\"openSecondsOfPopup\":\"\",\"googleAnaliticsAccount\":\"\"},\"buttonOptions\":{\"facebook\":{\"label\":\"Share\",\"icon\":\"default-facebook\"},\"twitter\":{\"label\":\"Tweet\",\"icon\":\"default-twitter\",\"via\":\"\",\"hashtags\":\"\"}},\"button\":[\"facebook\",\"twitter\"]}, 1, '', 'http:\/\/www.apucarana.pr.gov.br\/ame\/wp-content\/uploads\/2017\/04\/Card\u00e1pio-correto.png', '', 'http:\/\/www.apucarana.pr.gov.br\/ame\/educacao-divulga-cardapios-das-escolas-e-cmeis\/'); });<\/script><\/div><script> jQuery(\".socialMediaOnEveryPost\").addClass(\"sgmb-left\") <\/script>","protected":false},"excerpt":{"rendered":"<p>Aproximadamente 39 mil refei\u00e7\u00f5es s\u00e3o servidas todos os dias na rede municipal apucaranense<\/p>\n","protected":false},"author":10,"featured_media":6008,"comment_status":"closed","ping_status":"open","sticky":false,"template":"","format":"standard","meta":[],"categories":[9],"tags":[],"_links":{"self":[{"href":"http:\/\/www.apucarana.pr.gov.br\/ame\/wp-json\/wp\/v2\/posts\/5973"}],"collection":[{"href":"http:\/\/www.apucarana.pr.gov.br\/ame\/wp-json\/wp\/v2\/posts"}],"about":[{"href":"http:\/\/www.apucarana.pr.gov.br\/ame\/wp-json\/wp\/v2\/types\/post"}],"author":[{"embeddable":true,"href":"http:\/\/www.apucarana.pr.gov.br\/ame\/wp-json\/wp\/v2\/users\/10"}],"replies":[{"embeddable":true,"href":"http:\/\/www.apucarana.pr.gov.br\/ame\/wp-json\/wp\/v2\/comments?post=5973"}],"version-history":[{"count":2,"href":"http:\/\/www.apucarana.pr.gov.br\/ame\/wp-json\/wp\/v2\/posts\/5973\/revisions"}],"predecessor-version":[{"id":6005,"href":"http:\/\/www.apucarana.pr.gov.br\/ame\/wp-json\/wp\/v2\/posts\/5973\/revisions\/6005"}],"wp:featuredmedia":[{"embeddable":true,"href":"http:\/\/www.apucarana.pr.gov.br\/ame\/wp-json\/wp\/v2\/media\/6008"}],"wp:attachment":[{"href":"http:\/\/www.apucarana.pr.gov.br\/ame\/wp-json\/wp\/v2\/media?parent=5973"}],"wp:term":[{"taxonomy":"category","embeddable":true,"href":"http:\/\/www.apucarana.pr.gov.br\/ame\/wp-json\/wp\/v2\/categories?post=5973"},{"taxonomy":"post_tag","embeddable":true,"href":"http:\/\/www.apucarana.pr.gov.br\/ame\/wp-json\/wp\/v2\/tags?post=5973"}],"curies":[{"name":"wp","href":"https:\/\/api.w.org\/{rel}","templated":true}]}}