{"id":5955,"date":"2017-04-13T18:00:26","date_gmt":"2017-04-13T21:00:26","guid":{"rendered":"http:\/\/www.apucarana.pr.gov.br\/ame\/?p=5955"},"modified":"2024-10-08T09:10:27","modified_gmt":"2024-10-08T12:10:27","slug":"alunos-recebem-chocolate-na-pascoa","status":"publish","type":"post","link":"http:\/\/www.apucarana.pr.gov.br\/ame\/alunos-recebem-chocolate-na-pascoa\/","title":{"rendered":"Alunos recebem chocolate na P\u00e1scoa"},"content":{"rendered":"<p>A P\u00e1scoa \u00e9 uma festa muito aguardada pelas crian\u00e7as, em especial por causa do chocolate. Nesta quinta-feira (13), o prefeito Beto Preto e a secret\u00e1ria de Educa\u00e7\u00e3o Marli Fernandes puderam ver, de perto, olhinhos brilhantes e muitos sorrisos. Receberam abra\u00e7os, beijos e disseram, em todas as escolas, o quanto esta era a melhor parte do trabalho de ambos.<\/p>\n<p>Eles entregaram caixas de 300 gramas de bombons Garoto (Nestl\u00e9) em 11 institui\u00e7\u00f5es de ensino da cidade, entre 8h e 17h. Todas as demais escolas e CMEIs receberam igualmente o presente das crian\u00e7as.<\/p>\n<p>A Autarquia Municipal de Educa\u00e7\u00e3o adquiriu, por meio de licita\u00e7\u00e3o, 12 mil caixas de bombom. Tamb\u00e9m foram compradas 560 barras de chocolates especiais, para as crian\u00e7as com restri\u00e7\u00f5es alimentares. Nesse caso o chocolate pode ser sem a\u00e7\u00facar, ou sem transg\u00eanicos, case\u00edna, prote\u00edna animal, sem lactose ou gl\u00faten, e igualmente sem oleaginosas. O investimento total foi de R$ 99.388,80.<\/p>\n<p>\u201c\u00c9 importante valorizar cada crian\u00e7a, fam\u00edlia, professor e servidor apucaranense. A entrega do chocolate \u00e9 apenas um detalhe que tem esse objetivo. Ver a alegria dos alunos renova os \u00e2nimos e nos motiva a continuar o trabalho que vem sendo feito na Educa\u00e7\u00e3o,\u201d disse Beto Preto.<\/p>\n<p>Em tr\u00eas unidades de ensino por onde passou, o prefeito anunciou obras de reforma e amplia\u00e7\u00e3o. \u201cN\u00f3s investiremos cerca de R$ 700 mil em melhorias na Escola Presidente M\u00e9dici, R$ 150 mil na reforma da quadra esportiva da Escola Albino Biacchi e tamb\u00e9m na Escola de Campo Wilson de Azevedo,\u201d garantiu.<\/p>\n<p>A diretora da Escola Municipal Albino Biacchi comemorou a not\u00edcia. \u201cRecentemente o nosso pr\u00e9dio foi contemplado com uma grande obra que trouxe mais conforto e seguran\u00e7a aos alunos. Com a reforma da quadra, n\u00e3o faltar\u00e1 mais nada,\u201d disse.<\/p>\n<p>A secret\u00e1ria Marli Fernandes destacou o trabalho da atual administra\u00e7\u00e3o nas Escolas e CMEIs apucaranenses. \u201cA equipe da Autarquia Municipal de Educa\u00e7\u00e3o \u00e9 respons\u00e1vel por planejar desde o espa\u00e7o f\u00edsico dos pr\u00e9dios, o material e o uniforme que s\u00e3o usados pelas crian\u00e7as, a merenda escolar, at\u00e9 a parte pedag\u00f3gica com a estrutura\u00e7\u00e3o do curr\u00edculo. Mas, visitar as escolas e CMEIs e ver a energia dos pequenos \u00e9 com certeza a melhor parte,\u201d afirmou.<\/p>\n<p>Ela aproveitou a ocasi\u00e3o para desejar uma P\u00e1scoa aben\u00e7oada a todos os envolvidos com a Educa\u00e7\u00e3o. \u201cQue Deus possa estar presente na casa e no cora\u00e7\u00e3o de cada aluno, funcion\u00e1rio, professor, coordenador, diretor e da minha querida equipe da AME.\u201d<\/p>\n<div class = 'socialMediaOnEveryPost'>Compartilhe<div id=\"sgmbShare1-1\" class=\"sgmbShare jssocials-theme-classic sgmbWidget1-1\"><\/div><div class=\"dropdownWrapper dropdownWrapper1 dropdownWrapper-for-widget \" id=\"dropdownWrapper-for-widget\">\r\n\t\t\t\t\t\t<div class=\"dropdownLabel\" id=\"dropdownLabel-share-list\"><span class=\"sgmbButtonListLabel1\">Share List<\/span><\/div>\r\n\t\t\t\t\t\t<div class=\"dropdownPanel dropdownPanel1-1\">\r\n\t\t\t\t\t\t<\/div>\r\n\t\t\t\t\t<\/div><script>  SGMB_URL = \"http:\/\/www.apucarana.pr.gov.br\/ame\/wp-content\/plugins\/social-media-builder\/\"; jQuery(\".dropdownWrapper\").hide(); SGMB_GOOGLE_ACOUNT = \"\"; <\/script><script type=\"text\/javascript\">\r\n\t\tjQuery(document).ready(function($){var widget = new SGMBWidget();widget.show({\"id\":\"1\",\"title\":\"Face\\\/Twitter\",\"options\":{\"currentUrl\":\"1\",\"url\":\"\",\"shareText\":\"\",\"fontSize\":\"14\",\"betweenButtons\":\"1px\",\"theme\":\"classic\",\"sgmbButtonsPosition\":\"bottomLeft\",\"socialTheme\":\"\",\"icon\":\"default\",\"buttonsPanelEffect\":\"No Effect\",\"buttonsEffect\":\"No Effect\",\"iconsEffect\":\"No Effect\",\"buttons\":\"{\\\"facebook\\\":{\\\"label\\\":\\\"Share\\\",\\\"icon\\\":\\\"default-facebook\\\"},\\\"twitter\\\":{\\\"label\\\":\\\"Tweet\\\",\\\"icon\\\":\\\"default-twitter\\\",\\\"via\\\":\\\"\\\",\\\"hashtags\\\":\\\"\\\"}}\",\"roundButton\":\"\",\"showLabels\":\"\",\"showCounts\":\"\",\"showCenter\":\"\",\"showButtonsAsList\":\"\",\"sgmbDropdownColor\":\"\",\"sgmbDropdownLabelFontSize\":\"14\",\"sgmbDropdownLabelColor\":\"\",\"showButtonsOnEveryPost\":\"on\",\"selectedOrExcluded\":\"\",\"showButtonsOnEveryPage\":\"\",\"textOnEveryPost\":\"Compartilhe\",\"showButtonsOnCustomPost\":\"\",\"textOnCustomPost\":\"\",\"showButtonsOnMobileDirect\":\"on\",\"showButtonsOnDesktopDirect\":\"on\",\"sgmbSelectedPages\":[\"\"],\"sgmbExcludedPosts\":[\"\"],\"sgmbSelectedCustomPosts\":[],\"showButtonsInPopup\":\"\",\"titleOfPopup\":\"\",\"descriptionOfPopup\":\"\",\"showPopupOnLoad\":\"\",\"showPopupOnScroll\":\"\",\"showPopupOnExit\":\"\",\"openSecondsOfPopup\":\"\",\"googleAnaliticsAccount\":\"\"},\"buttonOptions\":{\"facebook\":{\"label\":\"Share\",\"icon\":\"default-facebook\"},\"twitter\":{\"label\":\"Tweet\",\"icon\":\"default-twitter\",\"via\":\"\",\"hashtags\":\"\"}},\"button\":[\"facebook\",\"twitter\"]}, 1, '', 'http:\/\/www.apucarana.pr.gov.br\/ame\/wp-content\/uploads\/2017\/04\/PASCOAPROFETA-2.jpg', '', 'http:\/\/www.apucarana.pr.gov.br\/ame\/alunos-recebem-chocolate-na-pascoa\/'); });<\/script><\/div><script> jQuery(\".socialMediaOnEveryPost\").addClass(\"sgmb-left\") <\/script>","protected":false},"excerpt":{"rendered":"<p>12 mil estudantes ganham caixas de bombons (Fotos: Profeta)<\/p>\n","protected":false},"author":10,"featured_media":5957,"comment_status":"closed","ping_status":"open","sticky":false,"template":"","format":"standard","meta":[],"categories":[9],"tags":[],"_links":{"self":[{"href":"http:\/\/www.apucarana.pr.gov.br\/ame\/wp-json\/wp\/v2\/posts\/5955"}],"collection":[{"href":"http:\/\/www.apucarana.pr.gov.br\/ame\/wp-json\/wp\/v2\/posts"}],"about":[{"href":"http:\/\/www.apucarana.pr.gov.br\/ame\/wp-json\/wp\/v2\/types\/post"}],"author":[{"embeddable":true,"href":"http:\/\/www.apucarana.pr.gov.br\/ame\/wp-json\/wp\/v2\/users\/10"}],"replies":[{"embeddable":true,"href":"http:\/\/www.apucarana.pr.gov.br\/ame\/wp-json\/wp\/v2\/comments?post=5955"}],"version-history":[{"count":1,"href":"http:\/\/www.apucarana.pr.gov.br\/ame\/wp-json\/wp\/v2\/posts\/5955\/revisions"}],"predecessor-version":[{"id":5968,"href":"http:\/\/www.apucarana.pr.gov.br\/ame\/wp-json\/wp\/v2\/posts\/5955\/revisions\/5968"}],"wp:featuredmedia":[{"embeddable":true,"href":"http:\/\/www.apucarana.pr.gov.br\/ame\/wp-json\/wp\/v2\/media\/5957"}],"wp:attachment":[{"href":"http:\/\/www.apucarana.pr.gov.br\/ame\/wp-json\/wp\/v2\/media?parent=5955"}],"wp:term":[{"taxonomy":"category","embeddable":true,"href":"http:\/\/www.apucarana.pr.gov.br\/ame\/wp-json\/wp\/v2\/categories?post=5955"},{"taxonomy":"post_tag","embeddable":true,"href":"http:\/\/www.apucarana.pr.gov.br\/ame\/wp-json\/wp\/v2\/tags?post=5955"}],"curies":[{"name":"wp","href":"https:\/\/api.w.org\/{rel}","templated":true}]}}