{"id":5834,"date":"2017-03-29T08:59:36","date_gmt":"2017-03-29T11:59:36","guid":{"rendered":"http:\/\/www.apucarana.pr.gov.br\/ame\/?p=5834"},"modified":"2024-10-08T09:10:27","modified_gmt":"2024-10-08T12:10:27","slug":"transporte-escolar-passa-por-vistoria-obrigatoria-2","status":"publish","type":"post","link":"http:\/\/www.apucarana.pr.gov.br\/ame\/transporte-escolar-passa-por-vistoria-obrigatoria-2\/","title":{"rendered":"Transporte Escolar passa por vistoria obrigat\u00f3ria"},"content":{"rendered":"<p>A Autarquia Municipal de Educa\u00e7\u00e3o submeteu a frota do transporte escolar \u00e0 vistoria obrigat\u00f3ria da 15\u00aa Circunscri\u00e7\u00e3o Regional de Tr\u00e2nsito (Ciretran). Desde a \u00faltima segunda-feira (06), 8 \u00f4nibus, 15 micro-\u00f4nibus e 13 vans tiveram seus itens de seguran\u00e7a inspecionados.<\/p>\n<p>A secret\u00e1ria municipal de Educa\u00e7\u00e3o, professora Marli Fernandes, explica que as vistorias s\u00e3o previstas no C\u00f3digo Brasileiro de Tr\u00e2nsito e visam garantir a seguran\u00e7a dos alunos transportados. Al\u00e9m da Ciretran, os ve\u00edculos s\u00e3o analisados periodicamente pelo Instituto Nacional de Metrologia, Qualidade e Tecnologia (Inmetro), pelo 10\u00ba Batalh\u00e3o de Pol\u00edcia Militar e pela Guarda Municipal.<\/p>\n<p>\u201cCerca de 5.200 estudantes dependem diariamente dos ve\u00edculos do transporte escolar, sendo que a maioria reside na zona rural. Por isso, a nossa preocupa\u00e7\u00e3o em manter a frota em dia \u00e9 constante,\u201d disse a secret\u00e1ria.<\/p>\n<p>\u201cToda a parte de sinaliza\u00e7\u00e3o, como pisca alerta, luz de freio, luz alta, luz baixa, buzina e alarme de r\u00e9 est\u00e1 sendo verificada, al\u00e9m dos sistemas de cinto de seguran\u00e7a e dos pneus. Se faltar algum desses equipamentos, o ve\u00edculo \u00e9 reprovado e n\u00e3o pode circular at\u00e9 que o problema seja sanado. Mas a equipe da prefeitura busca manter seus ve\u00edculos sempre em ordem, por isso nenhuma irregularidade foi encontrada at\u00e9 o momento,\u201d detalhou o vistoriador da Ciretran, R\u00e9gis Fernando de Oliveira.<\/p>\n<p>Os carros que passaram pela inspe\u00e7\u00e3o essa semana pertencem \u00e0 frota pr\u00f3pria municipal. Eles haviam sido submetidos \u00e0 manuten\u00e7\u00e3o durante o per\u00edodo de f\u00e9rias escolares. \u201cJ\u00e1 os propriet\u00e1rios de ve\u00edculos terceirizados devem apresentar o comprovante da vistoria por ocasi\u00e3o da renova\u00e7\u00e3o de contrato,\u201d acrescentou Marli.<\/p>\n<p>A fiscaliza\u00e7\u00e3o da frota do transporte escolar antecede o in\u00edcio do ano letivo, agendado para esta quarta-feira (08\/02) na rede municipal de ensino apucaranense.<\/p>\n<div class = 'socialMediaOnEveryPost'>Compartilhe<div id=\"sgmbShare1-1\" class=\"sgmbShare jssocials-theme-classic sgmbWidget1-1\"><\/div><div class=\"dropdownWrapper dropdownWrapper1 dropdownWrapper-for-widget \" id=\"dropdownWrapper-for-widget\">\r\n\t\t\t\t\t\t<div class=\"dropdownLabel\" id=\"dropdownLabel-share-list\"><span class=\"sgmbButtonListLabel1\">Share List<\/span><\/div>\r\n\t\t\t\t\t\t<div class=\"dropdownPanel dropdownPanel1-1\">\r\n\t\t\t\t\t\t<\/div>\r\n\t\t\t\t\t<\/div><script>  SGMB_URL = \"http:\/\/www.apucarana.pr.gov.br\/ame\/wp-content\/plugins\/social-media-builder\/\"; jQuery(\".dropdownWrapper\").hide(); SGMB_GOOGLE_ACOUNT = \"\"; <\/script><script type=\"text\/javascript\">\r\n\t\tjQuery(document).ready(function($){var widget = new SGMBWidget();widget.show({\"id\":\"1\",\"title\":\"Face\\\/Twitter\",\"options\":{\"currentUrl\":\"1\",\"url\":\"\",\"shareText\":\"\",\"fontSize\":\"14\",\"betweenButtons\":\"1px\",\"theme\":\"classic\",\"sgmbButtonsPosition\":\"bottomLeft\",\"socialTheme\":\"\",\"icon\":\"default\",\"buttonsPanelEffect\":\"No Effect\",\"buttonsEffect\":\"No Effect\",\"iconsEffect\":\"No Effect\",\"buttons\":\"{\\\"facebook\\\":{\\\"label\\\":\\\"Share\\\",\\\"icon\\\":\\\"default-facebook\\\"},\\\"twitter\\\":{\\\"label\\\":\\\"Tweet\\\",\\\"icon\\\":\\\"default-twitter\\\",\\\"via\\\":\\\"\\\",\\\"hashtags\\\":\\\"\\\"}}\",\"roundButton\":\"\",\"showLabels\":\"\",\"showCounts\":\"\",\"showCenter\":\"\",\"showButtonsAsList\":\"\",\"sgmbDropdownColor\":\"\",\"sgmbDropdownLabelFontSize\":\"14\",\"sgmbDropdownLabelColor\":\"\",\"showButtonsOnEveryPost\":\"on\",\"selectedOrExcluded\":\"\",\"showButtonsOnEveryPage\":\"\",\"textOnEveryPost\":\"Compartilhe\",\"showButtonsOnCustomPost\":\"\",\"textOnCustomPost\":\"\",\"showButtonsOnMobileDirect\":\"on\",\"showButtonsOnDesktopDirect\":\"on\",\"sgmbSelectedPages\":[\"\"],\"sgmbExcludedPosts\":[\"\"],\"sgmbSelectedCustomPosts\":[],\"showButtonsInPopup\":\"\",\"titleOfPopup\":\"\",\"descriptionOfPopup\":\"\",\"showPopupOnLoad\":\"\",\"showPopupOnScroll\":\"\",\"showPopupOnExit\":\"\",\"openSecondsOfPopup\":\"\",\"googleAnaliticsAccount\":\"\"},\"buttonOptions\":{\"facebook\":{\"label\":\"Share\",\"icon\":\"default-facebook\"},\"twitter\":{\"label\":\"Tweet\",\"icon\":\"default-twitter\",\"via\":\"\",\"hashtags\":\"\"}},\"button\":[\"facebook\",\"twitter\"]}, 1, '', 'http:\/\/www.apucarana.pr.gov.br\/ame\/wp-content\/uploads\/2017\/03\/VISTORIAPROFETA-6.jpg', '', 'http:\/\/www.apucarana.pr.gov.br\/ame\/transporte-escolar-passa-por-vistoria-obrigatoria-2\/'); });<\/script><\/div><script> jQuery(\".socialMediaOnEveryPost\").addClass(\"sgmb-left\") <\/script>","protected":false},"excerpt":{"rendered":"<p>Cerca de 5.200 estudantes dependem diariamente dos ve\u00edculos do transporte escolar. Por isso, \u00e9 constante a preocupa\u00e7\u00e3o da AME em manter a  frota em dia<\/p>\n<p>Fotos: Josias Pinto (Profeta)<\/p>\n","protected":false},"author":13,"featured_media":5835,"comment_status":"closed","ping_status":"open","sticky":false,"template":"","format":"standard","meta":[],"categories":[9],"tags":[],"_links":{"self":[{"href":"http:\/\/www.apucarana.pr.gov.br\/ame\/wp-json\/wp\/v2\/posts\/5834"}],"collection":[{"href":"http:\/\/www.apucarana.pr.gov.br\/ame\/wp-json\/wp\/v2\/posts"}],"about":[{"href":"http:\/\/www.apucarana.pr.gov.br\/ame\/wp-json\/wp\/v2\/types\/post"}],"author":[{"embeddable":true,"href":"http:\/\/www.apucarana.pr.gov.br\/ame\/wp-json\/wp\/v2\/users\/13"}],"replies":[{"embeddable":true,"href":"http:\/\/www.apucarana.pr.gov.br\/ame\/wp-json\/wp\/v2\/comments?post=5834"}],"version-history":[{"count":1,"href":"http:\/\/www.apucarana.pr.gov.br\/ame\/wp-json\/wp\/v2\/posts\/5834\/revisions"}],"predecessor-version":[{"id":5836,"href":"http:\/\/www.apucarana.pr.gov.br\/ame\/wp-json\/wp\/v2\/posts\/5834\/revisions\/5836"}],"wp:featuredmedia":[{"embeddable":true,"href":"http:\/\/www.apucarana.pr.gov.br\/ame\/wp-json\/wp\/v2\/media\/5835"}],"wp:attachment":[{"href":"http:\/\/www.apucarana.pr.gov.br\/ame\/wp-json\/wp\/v2\/media?parent=5834"}],"wp:term":[{"taxonomy":"category","embeddable":true,"href":"http:\/\/www.apucarana.pr.gov.br\/ame\/wp-json\/wp\/v2\/categories?post=5834"},{"taxonomy":"post_tag","embeddable":true,"href":"http:\/\/www.apucarana.pr.gov.br\/ame\/wp-json\/wp\/v2\/tags?post=5834"}],"curies":[{"name":"wp","href":"https:\/\/api.w.org\/{rel}","templated":true}]}}