{"id":5824,"date":"2017-03-29T08:23:25","date_gmt":"2017-03-29T11:23:25","guid":{"rendered":"http:\/\/www.apucarana.pr.gov.br\/ame\/?p=5824"},"modified":"2024-10-08T09:10:27","modified_gmt":"2024-10-08T12:10:27","slug":"escola-braga-cortes-celebra-50-anos-de-fundacao","status":"publish","type":"post","link":"http:\/\/www.apucarana.pr.gov.br\/ame\/escola-braga-cortes-celebra-50-anos-de-fundacao\/","title":{"rendered":"Escola Braga C\u00f4rtes celebra 50 anos de funda\u00e7\u00e3o"},"content":{"rendered":"<p>A Escola Municipal Jo\u00e3o Ant\u00f4nio Braga C\u00f4rtes est\u00e1 completando hoje 50 anos de compromisso com a educa\u00e7\u00e3o apucaranense. Fundada em 17 de fevereiro de 1967, pelo decreto n\u00ba 5.155, a institui\u00e7\u00e3o j\u00e1 contribuiu para a forma\u00e7\u00e3o de mais de 7.300 crian\u00e7as.<\/p>\n<p>Para comemorar o jubileu de ouro, uma carreata est\u00e1 programada para o pr\u00f3ximo domingo (19\/02), com a participa\u00e7\u00e3o dos pais de alunos, professores, funcion\u00e1rios e demais envolvidos na constru\u00e7\u00e3o dessa hist\u00f3ria. A sa\u00edda ser\u00e1 \u00e0s 9 horas da manh\u00e3, em frente ao supermercado Cidade Can\u00e7\u00e3o, com destino \u00e0 sede da escola na Vila Formosa.<\/p>\n<p>A Escola Municipal Jo\u00e3o Ant\u00f4nio Braga C\u00f4rtes conta atualmente com 449 alunos matriculados. As principais modalidades de ensino ofertadas s\u00e3o a educa\u00e7\u00e3o infantil, os anos iniciais do ensino fundamental (1\u00ba ao 5\u00ba ano), a educa\u00e7\u00e3o de jovens e adultos, classes especiais, salas de recursos multifuncionais e salas de recursos especializadas nas \u00e1reas de surdez e defici\u00eancia visual.<\/p>\n<p>A Autarquia Municipal de Educa\u00e7\u00e3o realizou recentemente uma s\u00e9rie de melhorias na estrutura da edifica\u00e7\u00e3o, uma vez que se trata de uma escola antiga. A amplia\u00e7\u00e3o do pr\u00e9dio abrangeu 115,29 m<sup>2<\/sup> de \u00e1rea, enquanto que a reforma contemplou outros 172,96 m<sup>2<\/sup>.<\/p>\n<p>Entre as benfeitorias executadas estiveram a constru\u00e7\u00e3o de uma cozinha nova, a amplia\u00e7\u00e3o do refeit\u00f3rio, a reforma dos sanit\u00e1rios e a edifica\u00e7\u00e3o do p\u00e1tio coberto.\u00a0 \u201cO nosso objetivo \u00e9 garantir a seguran\u00e7a e o conforto dos alunos e professores, um presente antecipado da AME pelo jubileu de ouro da Escola Jo\u00e3o Ant\u00f4nio Braga C\u00f4rtes,\u201d destacou a secret\u00e1ria municipal de educa\u00e7\u00e3o Marli Fernandes.<\/p>\n<p><strong>Patrono \u2013<\/strong> Jo\u00e3o Ant\u00f4nio Braga C\u00f4rtes nasceu em 06 de junho de 1919, na cidade de Lapa, Paran\u00e1. Ele era filho de Napole\u00e3o Saboia C\u00f4rtes e Maria Lacerda Braga; e casado com Esther Salomon, com quem teve cinco filhos.<\/p>\n<p>Braga C\u00f4rtes mudou-se para Apucarana ap\u00f3s ser nomeado chefe do 14\u00ba Distrito Fiscal pelo governador Bento Munhoz da Rocha. Eleito deputado estadual em 1962, ele defendeu os interesses da nossa cidade na Assembleia Legislativa e conquistou a cria\u00e7\u00e3o do 30\u00ba Batalh\u00e3o de Infantaria Mecanizado.<\/p>\n<div class = 'socialMediaOnEveryPost'>Compartilhe<div id=\"sgmbShare1-1\" class=\"sgmbShare jssocials-theme-classic sgmbWidget1-1\"><\/div><div class=\"dropdownWrapper dropdownWrapper1 dropdownWrapper-for-widget \" id=\"dropdownWrapper-for-widget\">\r\n\t\t\t\t\t\t<div class=\"dropdownLabel\" id=\"dropdownLabel-share-list\"><span class=\"sgmbButtonListLabel1\">Share List<\/span><\/div>\r\n\t\t\t\t\t\t<div class=\"dropdownPanel dropdownPanel1-1\">\r\n\t\t\t\t\t\t<\/div>\r\n\t\t\t\t\t<\/div><script>  SGMB_URL = \"http:\/\/www.apucarana.pr.gov.br\/ame\/wp-content\/plugins\/social-media-builder\/\"; jQuery(\".dropdownWrapper\").hide(); SGMB_GOOGLE_ACOUNT = \"\"; <\/script><script type=\"text\/javascript\">\r\n\t\tjQuery(document).ready(function($){var widget = new SGMBWidget();widget.show({\"id\":\"1\",\"title\":\"Face\\\/Twitter\",\"options\":{\"currentUrl\":\"1\",\"url\":\"\",\"shareText\":\"\",\"fontSize\":\"14\",\"betweenButtons\":\"1px\",\"theme\":\"classic\",\"sgmbButtonsPosition\":\"bottomLeft\",\"socialTheme\":\"\",\"icon\":\"default\",\"buttonsPanelEffect\":\"No Effect\",\"buttonsEffect\":\"No Effect\",\"iconsEffect\":\"No Effect\",\"buttons\":\"{\\\"facebook\\\":{\\\"label\\\":\\\"Share\\\",\\\"icon\\\":\\\"default-facebook\\\"},\\\"twitter\\\":{\\\"label\\\":\\\"Tweet\\\",\\\"icon\\\":\\\"default-twitter\\\",\\\"via\\\":\\\"\\\",\\\"hashtags\\\":\\\"\\\"}}\",\"roundButton\":\"\",\"showLabels\":\"\",\"showCounts\":\"\",\"showCenter\":\"\",\"showButtonsAsList\":\"\",\"sgmbDropdownColor\":\"\",\"sgmbDropdownLabelFontSize\":\"14\",\"sgmbDropdownLabelColor\":\"\",\"showButtonsOnEveryPost\":\"on\",\"selectedOrExcluded\":\"\",\"showButtonsOnEveryPage\":\"\",\"textOnEveryPost\":\"Compartilhe\",\"showButtonsOnCustomPost\":\"\",\"textOnCustomPost\":\"\",\"showButtonsOnMobileDirect\":\"on\",\"showButtonsOnDesktopDirect\":\"on\",\"sgmbSelectedPages\":[\"\"],\"sgmbExcludedPosts\":[\"\"],\"sgmbSelectedCustomPosts\":[],\"showButtonsInPopup\":\"\",\"titleOfPopup\":\"\",\"descriptionOfPopup\":\"\",\"showPopupOnLoad\":\"\",\"showPopupOnScroll\":\"\",\"showPopupOnExit\":\"\",\"openSecondsOfPopup\":\"\",\"googleAnaliticsAccount\":\"\"},\"buttonOptions\":{\"facebook\":{\"label\":\"Share\",\"icon\":\"default-facebook\"},\"twitter\":{\"label\":\"Tweet\",\"icon\":\"default-twitter\",\"via\":\"\",\"hashtags\":\"\"}},\"button\":[\"facebook\",\"twitter\"]}, 1, '', 'http:\/\/www.apucarana.pr.gov.br\/ame\/wp-content\/uploads\/2017\/03\/IMG_2660.jpg', '', 'http:\/\/www.apucarana.pr.gov.br\/ame\/escola-braga-cortes-celebra-50-anos-de-fundacao\/'); });<\/script><\/div><script> jQuery(\".socialMediaOnEveryPost\").addClass(\"sgmb-left\") <\/script>","protected":false},"excerpt":{"rendered":"<p>Escola ganha constru\u00e7\u00e3o de cozinha nova, amplia\u00e7\u00e3o do refeit\u00f3rio, reforma dos sanit\u00e1rios e edifica\u00e7\u00e3o do p\u00e1tio coberto<\/p>\n","protected":false},"author":13,"featured_media":5825,"comment_status":"closed","ping_status":"open","sticky":false,"template":"","format":"standard","meta":[],"categories":[9],"tags":[],"_links":{"self":[{"href":"http:\/\/www.apucarana.pr.gov.br\/ame\/wp-json\/wp\/v2\/posts\/5824"}],"collection":[{"href":"http:\/\/www.apucarana.pr.gov.br\/ame\/wp-json\/wp\/v2\/posts"}],"about":[{"href":"http:\/\/www.apucarana.pr.gov.br\/ame\/wp-json\/wp\/v2\/types\/post"}],"author":[{"embeddable":true,"href":"http:\/\/www.apucarana.pr.gov.br\/ame\/wp-json\/wp\/v2\/users\/13"}],"replies":[{"embeddable":true,"href":"http:\/\/www.apucarana.pr.gov.br\/ame\/wp-json\/wp\/v2\/comments?post=5824"}],"version-history":[{"count":3,"href":"http:\/\/www.apucarana.pr.gov.br\/ame\/wp-json\/wp\/v2\/posts\/5824\/revisions"}],"predecessor-version":[{"id":5830,"href":"http:\/\/www.apucarana.pr.gov.br\/ame\/wp-json\/wp\/v2\/posts\/5824\/revisions\/5830"}],"wp:featuredmedia":[{"embeddable":true,"href":"http:\/\/www.apucarana.pr.gov.br\/ame\/wp-json\/wp\/v2\/media\/5825"}],"wp:attachment":[{"href":"http:\/\/www.apucarana.pr.gov.br\/ame\/wp-json\/wp\/v2\/media?parent=5824"}],"wp:term":[{"taxonomy":"category","embeddable":true,"href":"http:\/\/www.apucarana.pr.gov.br\/ame\/wp-json\/wp\/v2\/categories?post=5824"},{"taxonomy":"post_tag","embeddable":true,"href":"http:\/\/www.apucarana.pr.gov.br\/ame\/wp-json\/wp\/v2\/tags?post=5824"}],"curies":[{"name":"wp","href":"https:\/\/api.w.org\/{rel}","templated":true}]}}