{"id":5745,"date":"2017-03-01T09:35:16","date_gmt":"2017-03-01T12:35:16","guid":{"rendered":"http:\/\/www.apucarana.pr.gov.br\/ame\/?p=5745"},"modified":"2024-10-08T09:10:27","modified_gmt":"2024-10-08T12:10:27","slug":"profissionais-da-educacao-passam-por-formacao-continuada","status":"publish","type":"post","link":"http:\/\/www.apucarana.pr.gov.br\/ame\/profissionais-da-educacao-passam-por-formacao-continuada\/","title":{"rendered":"Profissionais da Educa\u00e7\u00e3o passam por forma\u00e7\u00e3o continuada"},"content":{"rendered":"<p><em>O objetivo da capacita\u00e7\u00e3o \u00e9 revitalizar o conhecimento dos educadores e fazer com que o ensino apucaranense avance cada dia mais.<\/em><\/p>\n<p>Cerca de 1.400 profissionais da rede municipal de ensino est\u00e3o passando por forma\u00e7\u00e3o continuada. A programa\u00e7\u00e3o teve in\u00edcio hoje (02) e segue at\u00e9 a pr\u00f3xima ter\u00e7a-feira (07\/02) em diversos polos de estudo. A abertura da capacita\u00e7\u00e3o aconteceu, pela manh\u00e3, no audit\u00f3rio da Universidade Estadual do Paran\u00e1 (Unespar\/Fecea) e contou com a presen\u00e7a do prefeito Beto Preto, dos vereadores Mauro Bertoli e Franciley Preto Godoi (Poim) e da secret\u00e1ria municipal de educa\u00e7\u00e3o, professora Marli Fernandes.<\/p>\n<p>\u201cO objetivo das forma\u00e7\u00f5es continuadas, promovidas periodicamente pela Autarquia Municipal de Educa\u00e7\u00e3o, \u00e9 revitalizar o conhecimento dos profissionais e fazer com que o ensino apucaranense avance cada dia mais. Queremos que nossos alunos cheguem ao final do 5\u00ba ano bem preparados e prontos para seguirem seus estudos nos col\u00e9gios estaduais ou particulares, dando show de conhecimento,\u201d disse o prefeito. Ap\u00f3s a fala das autoridades, os professores presentes assistiram a uma palestra sobre o tema \u201cO entusiasmo e a paix\u00e3o pela arte de ensinar\u201d, que foi proferida pelo professor de p\u00f3s-gradua\u00e7\u00e3o e especialista em Educa\u00e7\u00e3o, Jos\u00e9 Alves da Cruz.<\/p>\n<p>Ele elogiou a iniciativa da AME em investir no seu capital humano. \u201cVoc\u00ea pode incorporar tecnologia e aprimorar a estrutura, mas voc\u00ea n\u00e3o ter\u00e1 o sucesso almejado se n\u00e3o desenvolver tamb\u00e9m os profissionais. Essa forma\u00e7\u00e3o continuada \u00e9 fundamental para aperfei\u00e7oar a equipe e aparelh\u00e1-los a fim de que possam fazer um bom trabalho e manter a nota 7,0 no IDEB (\u00cdndice de Desenvolvimento da Educa\u00e7\u00e3o B\u00e1sica),\u201d garantiu.<\/p>\n<p>Os assistentes infantis, por sua vez, reuniram-se no Col\u00e9gio Nossa Senhora da Gl\u00f3ria (Glorinha), onde assistiram \u00e0s palestras \u201cAten\u00e7\u00e3o e afetividade em rela\u00e7\u00e3o \u00e0s crian\u00e7as e \u00e0 fam\u00edlia\u201d e \u201cPsicomotricidade e as dificuldades de aprendizagem\u201d. E os professores da Educa\u00e7\u00e3o de Jovens e Adultos discutiram a \u201cOrganiza\u00e7\u00e3o e o Planejamento da EJA\u201d no polo da Universidade Aberta do Brasil (UAB). J\u00e1 os assistentes administrativos e os professores de ingl\u00eas encontraram-se na sede da Autarquia Municipal de Educa\u00e7\u00e3o. Os primeiros refletiram sobre \u201cO papel do secret\u00e1rio no contexto escolar\u201d, enquanto que os \u00faltimos aprenderam sobre a \u201cOrganiza\u00e7\u00e3o pedag\u00f3gica do material did\u00e1tico adotado pelo munic\u00edpio.\u201d At\u00e9 a pr\u00f3xima ter\u00e7a-feira, as capacita\u00e7\u00f5es ainda envolver\u00e3o as diretoras, os coordenadores, as merendeiras, os auxiliares de servi\u00e7os gerais, entre outros servidores.<\/p>\n<p>\u201cO diferencial desta edi\u00e7\u00e3o \u00e9 que n\u00f3s convidamos alguns pais de alunos para participar da forma\u00e7\u00e3o, eles s\u00e3o membros do Conselho Municipal de Educa\u00e7\u00e3o, do Conselho Municipal de Alimenta\u00e7\u00e3o Escolar, do Conselho Municipal do Transporte Escolar, dos Conselhos Escolares e das Associa\u00e7\u00f5es de Pais, Mestres de Funcion\u00e1rios das nossas unidades de ensino. A inten\u00e7\u00e3o \u00e9 que todos os conselheiros compreendam melhor o seu papel para garantir a qualidade da educa\u00e7\u00e3o apucaranense,\u201d detalhou a secret\u00e1ria Marli.<\/p>\n<p>Fotos: Edson Denobi e Josias Pinto<\/p>\n<div class = 'socialMediaOnEveryPost'>Compartilhe<div id=\"sgmbShare1-1\" class=\"sgmbShare jssocials-theme-classic sgmbWidget1-1\"><\/div><div class=\"dropdownWrapper dropdownWrapper1 dropdownWrapper-for-widget \" id=\"dropdownWrapper-for-widget\">\r\n\t\t\t\t\t\t<div class=\"dropdownLabel\" id=\"dropdownLabel-share-list\"><span class=\"sgmbButtonListLabel1\">Share List<\/span><\/div>\r\n\t\t\t\t\t\t<div class=\"dropdownPanel dropdownPanel1-1\">\r\n\t\t\t\t\t\t<\/div>\r\n\t\t\t\t\t<\/div><script>  SGMB_URL = \"http:\/\/www.apucarana.pr.gov.br\/ame\/wp-content\/plugins\/social-media-builder\/\"; jQuery(\".dropdownWrapper\").hide(); SGMB_GOOGLE_ACOUNT = \"\"; <\/script><script type=\"text\/javascript\">\r\n\t\tjQuery(document).ready(function($){var widget = new SGMBWidget();widget.show({\"id\":\"1\",\"title\":\"Face\\\/Twitter\",\"options\":{\"currentUrl\":\"1\",\"url\":\"\",\"shareText\":\"\",\"fontSize\":\"14\",\"betweenButtons\":\"1px\",\"theme\":\"classic\",\"sgmbButtonsPosition\":\"bottomLeft\",\"socialTheme\":\"\",\"icon\":\"default\",\"buttonsPanelEffect\":\"No Effect\",\"buttonsEffect\":\"No Effect\",\"iconsEffect\":\"No Effect\",\"buttons\":\"{\\\"facebook\\\":{\\\"label\\\":\\\"Share\\\",\\\"icon\\\":\\\"default-facebook\\\"},\\\"twitter\\\":{\\\"label\\\":\\\"Tweet\\\",\\\"icon\\\":\\\"default-twitter\\\",\\\"via\\\":\\\"\\\",\\\"hashtags\\\":\\\"\\\"}}\",\"roundButton\":\"\",\"showLabels\":\"\",\"showCounts\":\"\",\"showCenter\":\"\",\"showButtonsAsList\":\"\",\"sgmbDropdownColor\":\"\",\"sgmbDropdownLabelFontSize\":\"14\",\"sgmbDropdownLabelColor\":\"\",\"showButtonsOnEveryPost\":\"on\",\"selectedOrExcluded\":\"\",\"showButtonsOnEveryPage\":\"\",\"textOnEveryPost\":\"Compartilhe\",\"showButtonsOnCustomPost\":\"\",\"textOnCustomPost\":\"\",\"showButtonsOnMobileDirect\":\"on\",\"showButtonsOnDesktopDirect\":\"on\",\"sgmbSelectedPages\":[\"\"],\"sgmbExcludedPosts\":[\"\"],\"sgmbSelectedCustomPosts\":[],\"showButtonsInPopup\":\"\",\"titleOfPopup\":\"\",\"descriptionOfPopup\":\"\",\"showPopupOnLoad\":\"\",\"showPopupOnScroll\":\"\",\"showPopupOnExit\":\"\",\"openSecondsOfPopup\":\"\",\"googleAnaliticsAccount\":\"\"},\"buttonOptions\":{\"facebook\":{\"label\":\"Share\",\"icon\":\"default-facebook\"},\"twitter\":{\"label\":\"Tweet\",\"icon\":\"default-twitter\",\"via\":\"\",\"hashtags\":\"\"}},\"button\":[\"facebook\",\"twitter\"]}, 1, '', 'http:\/\/www.apucarana.pr.gov.br\/ame\/wp-content\/uploads\/2017\/03\/FORMA\u00c7\u00c3OPROFETA-9.jpg', '', 'http:\/\/www.apucarana.pr.gov.br\/ame\/profissionais-da-educacao-passam-por-formacao-continuada\/'); });<\/script><\/div><script> jQuery(\".socialMediaOnEveryPost\").addClass(\"sgmb-left\") <\/script>","protected":false},"excerpt":{"rendered":"<p>O objetivo da capacita\u00e7\u00e3o \u00e9 revitalizar o conhecimento dos educadores e fazer com que o ensino apucaranense avance cada dia mais. Cerca de 1.400 profissionais da rede municipal de ensino est\u00e3o passando por forma\u00e7\u00e3o continuada. A programa\u00e7\u00e3o teve in\u00edcio hoje (02) e segue at\u00e9 a pr\u00f3xima ter\u00e7a-feira (07\/02) em diversos&hellip; <\/p>\n","protected":false},"author":13,"featured_media":5747,"comment_status":"closed","ping_status":"open","sticky":false,"template":"","format":"standard","meta":[],"categories":[9],"tags":[],"_links":{"self":[{"href":"http:\/\/www.apucarana.pr.gov.br\/ame\/wp-json\/wp\/v2\/posts\/5745"}],"collection":[{"href":"http:\/\/www.apucarana.pr.gov.br\/ame\/wp-json\/wp\/v2\/posts"}],"about":[{"href":"http:\/\/www.apucarana.pr.gov.br\/ame\/wp-json\/wp\/v2\/types\/post"}],"author":[{"embeddable":true,"href":"http:\/\/www.apucarana.pr.gov.br\/ame\/wp-json\/wp\/v2\/users\/13"}],"replies":[{"embeddable":true,"href":"http:\/\/www.apucarana.pr.gov.br\/ame\/wp-json\/wp\/v2\/comments?post=5745"}],"version-history":[{"count":2,"href":"http:\/\/www.apucarana.pr.gov.br\/ame\/wp-json\/wp\/v2\/posts\/5745\/revisions"}],"predecessor-version":[{"id":5761,"href":"http:\/\/www.apucarana.pr.gov.br\/ame\/wp-json\/wp\/v2\/posts\/5745\/revisions\/5761"}],"wp:featuredmedia":[{"embeddable":true,"href":"http:\/\/www.apucarana.pr.gov.br\/ame\/wp-json\/wp\/v2\/media\/5747"}],"wp:attachment":[{"href":"http:\/\/www.apucarana.pr.gov.br\/ame\/wp-json\/wp\/v2\/media?parent=5745"}],"wp:term":[{"taxonomy":"category","embeddable":true,"href":"http:\/\/www.apucarana.pr.gov.br\/ame\/wp-json\/wp\/v2\/categories?post=5745"},{"taxonomy":"post_tag","embeddable":true,"href":"http:\/\/www.apucarana.pr.gov.br\/ame\/wp-json\/wp\/v2\/tags?post=5745"}],"curies":[{"name":"wp","href":"https:\/\/api.w.org\/{rel}","templated":true}]}}