{"id":5739,"date":"2017-03-01T09:29:20","date_gmt":"2017-03-01T12:29:20","guid":{"rendered":"http:\/\/www.apucarana.pr.gov.br\/ame\/?p=5739"},"modified":"2024-10-08T09:10:27","modified_gmt":"2024-10-08T12:10:27","slug":"comitiva-de-sarandi-conhece-educacao-municipal-apucaranense","status":"publish","type":"post","link":"http:\/\/www.apucarana.pr.gov.br\/ame\/comitiva-de-sarandi-conhece-educacao-municipal-apucaranense\/","title":{"rendered":"Comitiva de Sarandi conhece educa\u00e7\u00e3o municipal apucaranense"},"content":{"rendered":"<p>Uma comitiva da cidade de Sarandi esteve em Apucarana, na tarde de ontem (07\/02), para conhecer de perto o projeto de ensino que vem sendo desenvolvido na cidade. O grupo foi recebido pela diretora-presidente da Autarquia Municipal de Educa\u00e7\u00e3o, professora Marli Fernandes, e pelo Superintendente de Gest\u00e3o e Controle, Caio Augusto Salineti. A Prefeitura de Sarandi pretende transformar a sua Secretaria de Educa\u00e7\u00e3o em Autarquia Municipal de Educa\u00e7\u00e3o para que a pasta possa ter mais independ\u00eancia em rela\u00e7\u00e3o a recursos e investimentos.<\/p>\n<p>\u201cN\u00f3s ouvimos falar muito bem do sistema de ensino apucaranense e houve o interesse de conhecermos quais s\u00e3o os procedimentos adotados aqui para, aos poucos, fazermos essa transi\u00e7\u00e3o tamb\u00e9m na nossa cidade,\u201d explicou a secret\u00e1ria de ensino de Sarandi,\u00a0 Maria Queiroz. Al\u00e9m dela, a comitiva de Sarandi ainda contou com a participa\u00e7\u00e3o da presidente do Conselho Municipal de Educa\u00e7\u00e3o, Clarice Ribas; da assessora pedag\u00f3gica do Conselho Municipal de Educa\u00e7\u00e3o, Lindamil Aparecida Berton; da diretora de ensino da Secretaria de Educa\u00e7\u00e3o, Marcilene do Prado; e do presidente da C\u00e2mara Municipal de Sarandi, vereador Carlos Alberto Falaschi. \u201cO que mais nos chamou a aten\u00e7\u00e3o foi o fato de a Autarquia Municipal de Educa\u00e7\u00e3o apucaranense possuir equipes pr\u00f3prias de engenharia e de licita\u00e7\u00e3o. Esta \u00e9 justamente a nossa maior dificuldade em Sarandi, pois os processos da nossa secretaria de educa\u00e7\u00e3o muitas vezes ficam parados porque se acumulam com as licita\u00e7\u00f5es das outras secretarias,\u201d acrescentou a secret\u00e1ria.<\/p>\n<p>O presidente da C\u00e2mara Municipal de Sarandi, vereador Carlos Alberto Falaschi, afirmou que vem acompanhando a educa\u00e7\u00e3o municipal apucaranense desde o ano passado. \u201cN\u00f3s \u00e9ramos candidato e precis\u00e1vamos apresentar um projeto de ensino para a nossa cidade. Escolhemos Apucarana como modelo porque recebemos informa\u00e7\u00f5es muito boas daqui. O que n\u00f3s queremos para Sarandi \u00e9 o que Apucarana vem oferecendo para a sua comunidade,\u201d garantiu o vereador. A secret\u00e1ria de educa\u00e7\u00e3o apucaranense, professora Marli Fernandes, considerou gratificante o fato de outros munic\u00edpios desejarem conhecer o projeto de ensino do nosso munic\u00edpio. \u201c\u00c9 o reconhecimento do trabalho que o prefeito Beto Preto e a equipe da AME vem executando desde 2013. Demonstra que estamos no caminho certo,\u201d concluiu.<\/p>\n<div class = 'socialMediaOnEveryPost'>Compartilhe<div id=\"sgmbShare1-1\" class=\"sgmbShare jssocials-theme-classic sgmbWidget1-1\"><\/div><div class=\"dropdownWrapper dropdownWrapper1 dropdownWrapper-for-widget \" id=\"dropdownWrapper-for-widget\">\r\n\t\t\t\t\t\t<div class=\"dropdownLabel\" id=\"dropdownLabel-share-list\"><span class=\"sgmbButtonListLabel1\">Share List<\/span><\/div>\r\n\t\t\t\t\t\t<div class=\"dropdownPanel dropdownPanel1-1\">\r\n\t\t\t\t\t\t<\/div>\r\n\t\t\t\t\t<\/div><script>  SGMB_URL = \"http:\/\/www.apucarana.pr.gov.br\/ame\/wp-content\/plugins\/social-media-builder\/\"; jQuery(\".dropdownWrapper\").hide(); SGMB_GOOGLE_ACOUNT = \"\"; <\/script><script type=\"text\/javascript\">\r\n\t\tjQuery(document).ready(function($){var widget = new SGMBWidget();widget.show({\"id\":\"1\",\"title\":\"Face\\\/Twitter\",\"options\":{\"currentUrl\":\"1\",\"url\":\"\",\"shareText\":\"\",\"fontSize\":\"14\",\"betweenButtons\":\"1px\",\"theme\":\"classic\",\"sgmbButtonsPosition\":\"bottomLeft\",\"socialTheme\":\"\",\"icon\":\"default\",\"buttonsPanelEffect\":\"No Effect\",\"buttonsEffect\":\"No Effect\",\"iconsEffect\":\"No Effect\",\"buttons\":\"{\\\"facebook\\\":{\\\"label\\\":\\\"Share\\\",\\\"icon\\\":\\\"default-facebook\\\"},\\\"twitter\\\":{\\\"label\\\":\\\"Tweet\\\",\\\"icon\\\":\\\"default-twitter\\\",\\\"via\\\":\\\"\\\",\\\"hashtags\\\":\\\"\\\"}}\",\"roundButton\":\"\",\"showLabels\":\"\",\"showCounts\":\"\",\"showCenter\":\"\",\"showButtonsAsList\":\"\",\"sgmbDropdownColor\":\"\",\"sgmbDropdownLabelFontSize\":\"14\",\"sgmbDropdownLabelColor\":\"\",\"showButtonsOnEveryPost\":\"on\",\"selectedOrExcluded\":\"\",\"showButtonsOnEveryPage\":\"\",\"textOnEveryPost\":\"Compartilhe\",\"showButtonsOnCustomPost\":\"\",\"textOnCustomPost\":\"\",\"showButtonsOnMobileDirect\":\"on\",\"showButtonsOnDesktopDirect\":\"on\",\"sgmbSelectedPages\":[\"\"],\"sgmbExcludedPosts\":[\"\"],\"sgmbSelectedCustomPosts\":[],\"showButtonsInPopup\":\"\",\"titleOfPopup\":\"\",\"descriptionOfPopup\":\"\",\"showPopupOnLoad\":\"\",\"showPopupOnScroll\":\"\",\"showPopupOnExit\":\"\",\"openSecondsOfPopup\":\"\",\"googleAnaliticsAccount\":\"\"},\"buttonOptions\":{\"facebook\":{\"label\":\"Share\",\"icon\":\"default-facebook\"},\"twitter\":{\"label\":\"Tweet\",\"icon\":\"default-twitter\",\"via\":\"\",\"hashtags\":\"\"}},\"button\":[\"facebook\",\"twitter\"]}, 1, '', 'http:\/\/www.apucarana.pr.gov.br\/ame\/wp-content\/uploads\/2017\/03\/MG_1955.jpg', '', 'http:\/\/www.apucarana.pr.gov.br\/ame\/comitiva-de-sarandi-conhece-educacao-municipal-apucaranense\/'); });<\/script><\/div><script> jQuery(\".socialMediaOnEveryPost\").addClass(\"sgmb-left\") <\/script>","protected":false},"excerpt":{"rendered":"<p>Uma comitiva da cidade de Sarandi esteve em Apucarana, na tarde de ontem (07\/02), para conhecer de perto o projeto de ensino que vem sendo desenvolvido na cidade. O grupo foi recebido pela diretora-presidente da Autarquia Municipal de Educa\u00e7\u00e3o, professora Marli Fernandes, e pelo Superintendente de Gest\u00e3o e Controle, Caio&hellip; <\/p>\n","protected":false},"author":13,"featured_media":5741,"comment_status":"closed","ping_status":"open","sticky":false,"template":"","format":"standard","meta":[],"categories":[9],"tags":[],"_links":{"self":[{"href":"http:\/\/www.apucarana.pr.gov.br\/ame\/wp-json\/wp\/v2\/posts\/5739"}],"collection":[{"href":"http:\/\/www.apucarana.pr.gov.br\/ame\/wp-json\/wp\/v2\/posts"}],"about":[{"href":"http:\/\/www.apucarana.pr.gov.br\/ame\/wp-json\/wp\/v2\/types\/post"}],"author":[{"embeddable":true,"href":"http:\/\/www.apucarana.pr.gov.br\/ame\/wp-json\/wp\/v2\/users\/13"}],"replies":[{"embeddable":true,"href":"http:\/\/www.apucarana.pr.gov.br\/ame\/wp-json\/wp\/v2\/comments?post=5739"}],"version-history":[{"count":1,"href":"http:\/\/www.apucarana.pr.gov.br\/ame\/wp-json\/wp\/v2\/posts\/5739\/revisions"}],"predecessor-version":[{"id":5744,"href":"http:\/\/www.apucarana.pr.gov.br\/ame\/wp-json\/wp\/v2\/posts\/5739\/revisions\/5744"}],"wp:featuredmedia":[{"embeddable":true,"href":"http:\/\/www.apucarana.pr.gov.br\/ame\/wp-json\/wp\/v2\/media\/5741"}],"wp:attachment":[{"href":"http:\/\/www.apucarana.pr.gov.br\/ame\/wp-json\/wp\/v2\/media?parent=5739"}],"wp:term":[{"taxonomy":"category","embeddable":true,"href":"http:\/\/www.apucarana.pr.gov.br\/ame\/wp-json\/wp\/v2\/categories?post=5739"},{"taxonomy":"post_tag","embeddable":true,"href":"http:\/\/www.apucarana.pr.gov.br\/ame\/wp-json\/wp\/v2\/tags?post=5739"}],"curies":[{"name":"wp","href":"https:\/\/api.w.org\/{rel}","templated":true}]}}