{"id":5557,"date":"2017-01-26T15:21:22","date_gmt":"2017-01-26T17:21:22","guid":{"rendered":"http:\/\/www.apucarana.pr.gov.br\/ame\/?p=5557"},"modified":"2024-10-08T09:10:28","modified_gmt":"2024-10-08T12:10:28","slug":"gestores-escolares-passam-por-formacao-continuada","status":"publish","type":"post","link":"http:\/\/www.apucarana.pr.gov.br\/ame\/gestores-escolares-passam-por-formacao-continuada\/","title":{"rendered":"Gestores escolares passam por forma\u00e7\u00e3o continuada"},"content":{"rendered":"<p>A Autarquia Municipal de Educa\u00e7\u00e3o est\u00e1 promovendo a primeira forma\u00e7\u00e3o continuada de 2017 para os diretores e coordenadores das unidades de ensino de sua rede. A capacita\u00e7\u00e3o ocorre hoje e amanh\u00e3 (26 e 27\/01), das 8 \u00e0s 17 horas, nas depend\u00eancias da Associa\u00e7\u00e3o dos Funcion\u00e1rios P\u00fablicos de Apucarana (AFAP). Durante os dois dias, os participantes discutir\u00e3o o tema \u201cA educa\u00e7\u00e3o como alicerce de um cidad\u00e3o humano\u201d e far\u00e3o o planejamento para o ano letivo que se inicia.<\/p>\n<p>&nbsp;<\/p>\n<p>A abertura da forma\u00e7\u00e3o continuada contou com a presen\u00e7a da secret\u00e1ria Marli Fernandes, que deu as boas vindas aos gestores escolares e falou sobre os investimentos que v\u00eam sendo feitos na educa\u00e7\u00e3o apucaranense.<\/p>\n<p>&nbsp;<\/p>\n<p>\u201cA Autarquia Municipal de Educa\u00e7\u00e3o, com o aval do prefeito Beto Preto, tem procurado equipar as suas escolas e cmeis com materiais did\u00e1ticos e pedag\u00f3gicos modernos e diversificados. O objetivo \u00e9 disponibilizar aos nossos professores o necess\u00e1rio para que preparem aulas interativas, atrativas e de qualidade. Para alcan\u00e7ar essa meta, pe\u00e7o aos diretores e coordenadores que supervisionem o uso dos equipamentos, para que eles possam trazer o melhor resultado poss\u00edvel,\u201d afirmou.<\/p>\n\n<div class = 'socialMediaOnEveryPost'>Compartilhe<div id=\"sgmbShare1-1\" class=\"sgmbShare jssocials-theme-classic sgmbWidget1-1\"><\/div><div class=\"dropdownWrapper dropdownWrapper1 dropdownWrapper-for-widget \" id=\"dropdownWrapper-for-widget\">\r\n\t\t\t\t\t\t<div class=\"dropdownLabel\" id=\"dropdownLabel-share-list\"><span class=\"sgmbButtonListLabel1\">Share List<\/span><\/div>\r\n\t\t\t\t\t\t<div class=\"dropdownPanel dropdownPanel1-1\">\r\n\t\t\t\t\t\t<\/div>\r\n\t\t\t\t\t<\/div><script>  SGMB_URL = \"http:\/\/www.apucarana.pr.gov.br\/ame\/wp-content\/plugins\/social-media-builder\/\"; jQuery(\".dropdownWrapper\").hide(); SGMB_GOOGLE_ACOUNT = \"\"; <\/script><script type=\"text\/javascript\">\r\n\t\tjQuery(document).ready(function($){var widget = new SGMBWidget();widget.show({\"id\":\"1\",\"title\":\"Face\\\/Twitter\",\"options\":{\"currentUrl\":\"1\",\"url\":\"\",\"shareText\":\"\",\"fontSize\":\"14\",\"betweenButtons\":\"1px\",\"theme\":\"classic\",\"sgmbButtonsPosition\":\"bottomLeft\",\"socialTheme\":\"\",\"icon\":\"default\",\"buttonsPanelEffect\":\"No Effect\",\"buttonsEffect\":\"No Effect\",\"iconsEffect\":\"No Effect\",\"buttons\":\"{\\\"facebook\\\":{\\\"label\\\":\\\"Share\\\",\\\"icon\\\":\\\"default-facebook\\\"},\\\"twitter\\\":{\\\"label\\\":\\\"Tweet\\\",\\\"icon\\\":\\\"default-twitter\\\",\\\"via\\\":\\\"\\\",\\\"hashtags\\\":\\\"\\\"}}\",\"roundButton\":\"\",\"showLabels\":\"\",\"showCounts\":\"\",\"showCenter\":\"\",\"showButtonsAsList\":\"\",\"sgmbDropdownColor\":\"\",\"sgmbDropdownLabelFontSize\":\"14\",\"sgmbDropdownLabelColor\":\"\",\"showButtonsOnEveryPost\":\"on\",\"selectedOrExcluded\":\"\",\"showButtonsOnEveryPage\":\"\",\"textOnEveryPost\":\"Compartilhe\",\"showButtonsOnCustomPost\":\"\",\"textOnCustomPost\":\"\",\"showButtonsOnMobileDirect\":\"on\",\"showButtonsOnDesktopDirect\":\"on\",\"sgmbSelectedPages\":[\"\"],\"sgmbExcludedPosts\":[\"\"],\"sgmbSelectedCustomPosts\":[],\"showButtonsInPopup\":\"\",\"titleOfPopup\":\"\",\"descriptionOfPopup\":\"\",\"showPopupOnLoad\":\"\",\"showPopupOnScroll\":\"\",\"showPopupOnExit\":\"\",\"openSecondsOfPopup\":\"\",\"googleAnaliticsAccount\":\"\"},\"buttonOptions\":{\"facebook\":{\"label\":\"Share\",\"icon\":\"default-facebook\"},\"twitter\":{\"label\":\"Tweet\",\"icon\":\"default-twitter\",\"via\":\"\",\"hashtags\":\"\"}},\"button\":[\"facebook\",\"twitter\"]}, 1, '', 'http:\/\/www.apucarana.pr.gov.br\/ame\/wp-content\/plugins\/social-media-builder\/\/img\/no-image.png', '', 'http:\/\/www.apucarana.pr.gov.br\/ame\/gestores-escolares-passam-por-formacao-continuada\/'); });<\/script><\/div><script> jQuery(\".socialMediaOnEveryPost\").addClass(\"sgmb-left\") <\/script>","protected":false},"excerpt":{"rendered":"<p>A Autarquia Municipal de Educa\u00e7\u00e3o est\u00e1 promovendo a primeira forma\u00e7\u00e3o continuada de 2017 para os diretores e coordenadores das unidades de ensino de sua rede. A capacita\u00e7\u00e3o ocorre hoje e amanh\u00e3 (26 e 27\/01), das 8 \u00e0s 17 horas, nas depend\u00eancias da Associa\u00e7\u00e3o dos Funcion\u00e1rios P\u00fablicos de Apucarana (AFAP). Durante&hellip; <\/p>\n","protected":false},"author":3,"featured_media":0,"comment_status":"closed","ping_status":"open","sticky":false,"template":"","format":"standard","meta":[],"categories":[9],"tags":[],"_links":{"self":[{"href":"http:\/\/www.apucarana.pr.gov.br\/ame\/wp-json\/wp\/v2\/posts\/5557"}],"collection":[{"href":"http:\/\/www.apucarana.pr.gov.br\/ame\/wp-json\/wp\/v2\/posts"}],"about":[{"href":"http:\/\/www.apucarana.pr.gov.br\/ame\/wp-json\/wp\/v2\/types\/post"}],"author":[{"embeddable":true,"href":"http:\/\/www.apucarana.pr.gov.br\/ame\/wp-json\/wp\/v2\/users\/3"}],"replies":[{"embeddable":true,"href":"http:\/\/www.apucarana.pr.gov.br\/ame\/wp-json\/wp\/v2\/comments?post=5557"}],"version-history":[{"count":1,"href":"http:\/\/www.apucarana.pr.gov.br\/ame\/wp-json\/wp\/v2\/posts\/5557\/revisions"}],"predecessor-version":[{"id":5559,"href":"http:\/\/www.apucarana.pr.gov.br\/ame\/wp-json\/wp\/v2\/posts\/5557\/revisions\/5559"}],"wp:attachment":[{"href":"http:\/\/www.apucarana.pr.gov.br\/ame\/wp-json\/wp\/v2\/media?parent=5557"}],"wp:term":[{"taxonomy":"category","embeddable":true,"href":"http:\/\/www.apucarana.pr.gov.br\/ame\/wp-json\/wp\/v2\/categories?post=5557"},{"taxonomy":"post_tag","embeddable":true,"href":"http:\/\/www.apucarana.pr.gov.br\/ame\/wp-json\/wp\/v2\/tags?post=5557"}],"curies":[{"name":"wp","href":"https:\/\/api.w.org\/{rel}","templated":true}]}}