{"id":5556,"date":"2017-01-23T15:42:54","date_gmt":"2017-01-23T17:42:54","guid":{"rendered":"http:\/\/www.apucarana.pr.gov.br\/ame\/?p=5556"},"modified":"2024-10-08T09:10:28","modified_gmt":"2024-10-08T12:10:28","slug":"autarquia-municipal-de-educacao-prepara-ano-letivo-de-2017","status":"publish","type":"post","link":"http:\/\/www.apucarana.pr.gov.br\/ame\/autarquia-municipal-de-educacao-prepara-ano-letivo-de-2017\/","title":{"rendered":"Autarquia Municipal de Educa\u00e7\u00e3o prepara ano letivo de 2017"},"content":{"rendered":"<p>A Autarquia Municipal de Educa\u00e7\u00e3o est\u00e1 realizando os \u00faltimos preparativos para o in\u00edcio do ano letivo nas unidades de ensino de sua rede. As aulas devem come\u00e7ar na pr\u00f3xima quarta-feira (25\/01) nos centros municipais de educa\u00e7\u00e3o infantil, enquanto que as escolas estar\u00e3o de portas abertas aos alunos a partir do dia 08 de fevereiro.<\/p>\n<p>&nbsp;<\/p>\n<p>Entretanto, os professores e demais funcion\u00e1rios da educa\u00e7\u00e3o retornam antes \u00e0s suas atividades, com o objetivo de prepararem os espa\u00e7os escolares para o recebimento das crian\u00e7as.<\/p>\n<p>&nbsp;<\/p>\n<p>\u201cDesde hoje (23), os professores dos CMEIs j\u00e1 est\u00e3o reunidos em forma\u00e7\u00e3o continuada, discutindo o curr\u00edculo da educa\u00e7\u00e3o infantil, a organiza\u00e7\u00e3o pedag\u00f3gica, a gest\u00e3o democr\u00e1tica, a afetividade, a psicomotricidade e o desenvolvimento na primeira inf\u00e2ncia, entre outros t\u00f3picos,\u201d afirmou a secret\u00e1ria Marli Fernandes.<\/p>\n<p>&nbsp;<\/p>\n<p>Os professores, estagi\u00e1rios, secret\u00e1rios, merendeiras e zeladores das escolas municipais, por sua vez, far\u00e3o o planejamento para o ano letivo de 2017 entre os dias 02 e 07 de fevereiro.<\/p>\n<p>&nbsp;<\/p>\n<p>\u201cO objetivo \u00e9 que todos os servidores participem das atividades que, al\u00e9m da organiza\u00e7\u00e3o em si, v\u00e3o debater temas relevantes como a import\u00e2ncia da atua\u00e7\u00e3o dos diversos conselhos municipais, o trabalho colaborativo e a pedagogia hist\u00f3rico-cr\u00edtica,\u201d acrescentou professora Marli.<\/p>\n<p>&nbsp;<\/p>\n<p>As escolas e CMEIs da rede municipal tamb\u00e9m est\u00e3o recebendo novos equipamentos e materiais did\u00e1ticos. De acordo com a superintendente de opera\u00e7\u00f5es da AME, professora Cibele Barneze, ser\u00e3o enviados \u00e0s institui\u00e7\u00f5es, nos pr\u00f3ximos dias, livros da cole\u00e7\u00e3o Prosinha (para a educa\u00e7\u00e3o infantil), livros da cole\u00e7\u00e3o Spaghetti Kids (para as aulas de ingl\u00eas), jogos de conhecimentos matem\u00e1ticos, domin\u00f3s, legos, \u00e1bacos, torres de formas geom\u00e9tricas, t\u00faneis l\u00fadicos, alfabetos m\u00f3veis, quadros em Braille, microsc\u00f3pios e balan\u00e7as digitais.<\/p>\n<p>Uma empresa terceirizada ainda foi contratada pela AME, por meio de processo licitat\u00f3rio, para realizar servi\u00e7os de ro\u00e7agem e limpeza nos terrenos das 60 unidades municipais de ensino. O cronograma j\u00e1 est\u00e1 em andamento.<\/p>\n<p>&nbsp;<\/p>\n<p>Aproximadamente 11.300 crian\u00e7as est\u00e3o matriculadas at\u00e9 o momento na rede municipal de educa\u00e7\u00e3o para o ano letivo de 2017, sendo 2.080 nos CMEIs e 9.220 nas escolas. O n\u00famero, entretanto, pode aumentar at\u00e9 o in\u00edcio das aulas.<\/p>\n\n<div class = 'socialMediaOnEveryPost'>Compartilhe<div id=\"sgmbShare1-1\" class=\"sgmbShare jssocials-theme-classic sgmbWidget1-1\"><\/div><div class=\"dropdownWrapper dropdownWrapper1 dropdownWrapper-for-widget \" id=\"dropdownWrapper-for-widget\">\r\n\t\t\t\t\t\t<div class=\"dropdownLabel\" id=\"dropdownLabel-share-list\"><span class=\"sgmbButtonListLabel1\">Share List<\/span><\/div>\r\n\t\t\t\t\t\t<div class=\"dropdownPanel dropdownPanel1-1\">\r\n\t\t\t\t\t\t<\/div>\r\n\t\t\t\t\t<\/div><script>  SGMB_URL = \"http:\/\/www.apucarana.pr.gov.br\/ame\/wp-content\/plugins\/social-media-builder\/\"; jQuery(\".dropdownWrapper\").hide(); SGMB_GOOGLE_ACOUNT = \"\"; <\/script><script type=\"text\/javascript\">\r\n\t\tjQuery(document).ready(function($){var widget = new SGMBWidget();widget.show({\"id\":\"1\",\"title\":\"Face\\\/Twitter\",\"options\":{\"currentUrl\":\"1\",\"url\":\"\",\"shareText\":\"\",\"fontSize\":\"14\",\"betweenButtons\":\"1px\",\"theme\":\"classic\",\"sgmbButtonsPosition\":\"bottomLeft\",\"socialTheme\":\"\",\"icon\":\"default\",\"buttonsPanelEffect\":\"No Effect\",\"buttonsEffect\":\"No Effect\",\"iconsEffect\":\"No Effect\",\"buttons\":\"{\\\"facebook\\\":{\\\"label\\\":\\\"Share\\\",\\\"icon\\\":\\\"default-facebook\\\"},\\\"twitter\\\":{\\\"label\\\":\\\"Tweet\\\",\\\"icon\\\":\\\"default-twitter\\\",\\\"via\\\":\\\"\\\",\\\"hashtags\\\":\\\"\\\"}}\",\"roundButton\":\"\",\"showLabels\":\"\",\"showCounts\":\"\",\"showCenter\":\"\",\"showButtonsAsList\":\"\",\"sgmbDropdownColor\":\"\",\"sgmbDropdownLabelFontSize\":\"14\",\"sgmbDropdownLabelColor\":\"\",\"showButtonsOnEveryPost\":\"on\",\"selectedOrExcluded\":\"\",\"showButtonsOnEveryPage\":\"\",\"textOnEveryPost\":\"Compartilhe\",\"showButtonsOnCustomPost\":\"\",\"textOnCustomPost\":\"\",\"showButtonsOnMobileDirect\":\"on\",\"showButtonsOnDesktopDirect\":\"on\",\"sgmbSelectedPages\":[\"\"],\"sgmbExcludedPosts\":[\"\"],\"sgmbSelectedCustomPosts\":[],\"showButtonsInPopup\":\"\",\"titleOfPopup\":\"\",\"descriptionOfPopup\":\"\",\"showPopupOnLoad\":\"\",\"showPopupOnScroll\":\"\",\"showPopupOnExit\":\"\",\"openSecondsOfPopup\":\"\",\"googleAnaliticsAccount\":\"\"},\"buttonOptions\":{\"facebook\":{\"label\":\"Share\",\"icon\":\"default-facebook\"},\"twitter\":{\"label\":\"Tweet\",\"icon\":\"default-twitter\",\"via\":\"\",\"hashtags\":\"\"}},\"button\":[\"facebook\",\"twitter\"]}, 1, '', 'http:\/\/www.apucarana.pr.gov.br\/ame\/wp-content\/plugins\/social-media-builder\/\/img\/no-image.png', '', 'http:\/\/www.apucarana.pr.gov.br\/ame\/autarquia-municipal-de-educacao-prepara-ano-letivo-de-2017\/'); });<\/script><\/div><script> jQuery(\".socialMediaOnEveryPost\").addClass(\"sgmb-left\") <\/script>","protected":false},"excerpt":{"rendered":"<p>A Autarquia Municipal de Educa\u00e7\u00e3o est\u00e1 realizando os \u00faltimos preparativos para o in\u00edcio do ano letivo nas unidades de ensino de sua rede. As aulas devem come\u00e7ar na pr\u00f3xima quarta-feira (25\/01) nos centros municipais de educa\u00e7\u00e3o infantil, enquanto que as escolas estar\u00e3o de portas abertas aos alunos a partir do&hellip; <\/p>\n","protected":false},"author":3,"featured_media":0,"comment_status":"closed","ping_status":"open","sticky":false,"template":"","format":"standard","meta":[],"categories":[9],"tags":[],"_links":{"self":[{"href":"http:\/\/www.apucarana.pr.gov.br\/ame\/wp-json\/wp\/v2\/posts\/5556"}],"collection":[{"href":"http:\/\/www.apucarana.pr.gov.br\/ame\/wp-json\/wp\/v2\/posts"}],"about":[{"href":"http:\/\/www.apucarana.pr.gov.br\/ame\/wp-json\/wp\/v2\/types\/post"}],"author":[{"embeddable":true,"href":"http:\/\/www.apucarana.pr.gov.br\/ame\/wp-json\/wp\/v2\/users\/3"}],"replies":[{"embeddable":true,"href":"http:\/\/www.apucarana.pr.gov.br\/ame\/wp-json\/wp\/v2\/comments?post=5556"}],"version-history":[{"count":1,"href":"http:\/\/www.apucarana.pr.gov.br\/ame\/wp-json\/wp\/v2\/posts\/5556\/revisions"}],"predecessor-version":[{"id":5560,"href":"http:\/\/www.apucarana.pr.gov.br\/ame\/wp-json\/wp\/v2\/posts\/5556\/revisions\/5560"}],"wp:attachment":[{"href":"http:\/\/www.apucarana.pr.gov.br\/ame\/wp-json\/wp\/v2\/media?parent=5556"}],"wp:term":[{"taxonomy":"category","embeddable":true,"href":"http:\/\/www.apucarana.pr.gov.br\/ame\/wp-json\/wp\/v2\/categories?post=5556"},{"taxonomy":"post_tag","embeddable":true,"href":"http:\/\/www.apucarana.pr.gov.br\/ame\/wp-json\/wp\/v2\/tags?post=5556"}],"curies":[{"name":"wp","href":"https:\/\/api.w.org\/{rel}","templated":true}]}}