{"id":5554,"date":"2017-01-20T07:20:51","date_gmt":"2017-01-20T09:20:51","guid":{"rendered":"http:\/\/www.apucarana.pr.gov.br\/ame\/?p=5554"},"modified":"2024-10-08T09:10:28","modified_gmt":"2024-10-08T12:10:28","slug":"prefeito-beto-preto-nomeia-diretores-de-unidades-escolares-municipais","status":"publish","type":"post","link":"http:\/\/www.apucarana.pr.gov.br\/ame\/prefeito-beto-preto-nomeia-diretores-de-unidades-escolares-municipais\/","title":{"rendered":"Prefeito Beto Preto nomeia diretores de unidades escolares municipais"},"content":{"rendered":"<p>Com o ano letivo prestes a come\u00e7ar, o prefeito Beto Preto nomeou os novos diretores que dever\u00e3o administrar as 37 escolas e 22 CMEIs da rede municipal de ensino. As portarias n\u00ba 021 e 022 de 2017 foram publicadas hoje (20\/01) no Di\u00e1rio Oficial e tamb\u00e9m no jornal local Tribuna do Norte.<\/p>\n<p>&nbsp;<\/p>\n<p>Na maior parte das unidades de ensino, as gestoras permanecem as mesmas do ano passado. \u201cTivemos altera\u00e7\u00f5es apenas na administra\u00e7\u00e3o de sete escolas e quatro CMEIs, por conta de servidores que se aposentaram, entraram em licen\u00e7a ou pediram para deixar o cargo,\u201d explicou a secret\u00e1ria de educa\u00e7\u00e3o Marli Fernandes.<\/p>\n<p>&nbsp;<\/p>\n<p>O in\u00edcio das aulas est\u00e1 programado para a pr\u00f3xima quarta-feira, dia 25 de janeiro, nos Centros Municipais de Educa\u00e7\u00e3o Infantil. J\u00e1 as escolas estar\u00e3o de portas abertas para os alunos a partir do dia 08 de fevereiro.<\/p>\n<p>&nbsp;<\/p>\n<p>Conhe\u00e7a os diretores nomeados para as unidades municipais de ensino:<\/p>\n<p><strong>\u00a0<\/strong><\/p>\n<table>\n<tbody>\n<tr>\n<td width=\"45\"><strong>\u00a0<\/strong><\/td>\n<td width=\"211\"><strong>Unidade de Ensino<\/strong><\/td>\n<td width=\"201\"><strong>Diretora<\/strong><\/td>\n<\/tr>\n<tr>\n<td width=\"45\">01<\/td>\n<td width=\"211\">CMEI Alice Pereira de Ara\u00fajo<\/td>\n<td width=\"201\">Cintia Socorro<\/td>\n<\/tr>\n<tr>\n<td width=\"45\">02<\/td>\n<td width=\"211\">CMEI Ana Luiz\u00e3o Festi<\/td>\n<td width=\"201\">Maria Luiza Pereira Maranho<\/td>\n<\/tr>\n<tr>\n<td width=\"45\">03<\/td>\n<td width=\"211\">CMEI Antonio do Carmo Ribeiro<\/td>\n<td width=\"201\">Suzi Aparecida de Lima Sartori<\/td>\n<\/tr>\n<tr>\n<td width=\"45\">04<\/td>\n<td width=\"211\">CMEI Benedito Leugi<\/td>\n<td width=\"201\">Edilene Cordeiro da Silva Reis<\/td>\n<\/tr>\n<tr>\n<td width=\"45\">05<\/td>\n<td width=\"211\">CMEI Geralda Siqueira Bormaita<\/td>\n<td width=\"201\">Telma Cristina Agrela Felippe<\/td>\n<\/tr>\n<tr>\n<td width=\"45\">06<\/td>\n<td width=\"211\">CMEI Irm\u00e3 Dulce<\/td>\n<td width=\"201\">Leciane Patr\u00edcia Ferrari<\/td>\n<\/tr>\n<tr>\n<td width=\"45\">07<\/td>\n<td width=\"211\">CMEI Izabel Holak<\/td>\n<td width=\"201\">Claudete Aparecida Rossi de Macedo<\/td>\n<\/tr>\n<tr>\n<td width=\"45\">08<\/td>\n<td width=\"211\">CMEI Jandira Gomes Scarpelini<\/td>\n<td width=\"201\">Marla Regina de Lima<\/td>\n<\/tr>\n<tr>\n<td width=\"45\">09<\/td>\n<td width=\"211\">CMEI Jonas Pires<\/td>\n<td width=\"201\">Renata Panelli das Dores Batista<\/td>\n<\/tr>\n<tr>\n<td width=\"45\">10<\/td>\n<td width=\"211\">CMEI Josa Ribeiro<\/td>\n<td width=\"201\">Edin\u00e9ia Del\u00edvio Zappielo<\/td>\n<\/tr>\n<tr>\n<td width=\"45\">11<\/td>\n<td width=\"211\">CMEI Jos\u00e9 Ign\u00e1cio Neto<\/td>\n<td width=\"201\">Sionei Posse Ferreira<\/td>\n<\/tr>\n<tr>\n<td width=\"45\">12<\/td>\n<td width=\"211\">CMEI Luis Anibal Matiuzzi<\/td>\n<td width=\"201\">Suzilane Omelzuk<\/td>\n<\/tr>\n<tr>\n<td width=\"45\">13<\/td>\n<td width=\"211\">CMEI Maria de Nazar\u00e9<\/td>\n<td width=\"201\">Mirian de Carvalho<\/td>\n<\/tr>\n<tr>\n<td width=\"45\">14<\/td>\n<td width=\"211\">CMEI Maria dos Santos Gravena<\/td>\n<td width=\"201\">Tatiane Agrela Chinelli<\/td>\n<\/tr>\n<tr>\n<td width=\"45\">15<\/td>\n<td width=\"211\">CMEI Miguel Moreno<\/td>\n<td width=\"201\">Lucimara Aparecida Pereira Macedo<\/td>\n<\/tr>\n<tr>\n<td width=\"45\">16<\/td>\n<td width=\"211\">CMEI Ol\u00edvio Fernandes<\/td>\n<td width=\"201\">Luciane Marquito Teodoro Marques<\/td>\n<\/tr>\n<tr>\n<td width=\"45\">17<\/td>\n<td width=\"211\">CMEI Prof. On\u00e9simo de Oliveira Moraes<\/td>\n<td width=\"201\">Rosilene de Souza Jakowatc<\/td>\n<\/tr>\n<tr>\n<td width=\"45\">18<\/td>\n<td width=\"211\">CMEI Serafim Colombo<\/td>\n<td width=\"201\">Ad\u00e9lia Rosina<\/td>\n<\/tr>\n<tr>\n<td width=\"45\">19<\/td>\n<td width=\"211\">CMEI Sol Nascente<\/td>\n<td width=\"201\">Lucilene Cristina Soares Fachiano<\/td>\n<\/tr>\n<tr>\n<td width=\"45\">20<\/td>\n<td width=\"211\">CMEI Sonhos de Esperan\u00e7a<\/td>\n<td width=\"201\">Marleti Casagrande<\/td>\n<\/tr>\n<tr>\n<td width=\"45\">21<\/td>\n<td width=\"211\">CMEI Um Lugar ao Sol (CAIC)<\/td>\n<td width=\"201\">Elisabete Aparecida de Paula Rodrigues<\/td>\n<\/tr>\n<tr>\n<td width=\"45\">22<\/td>\n<td width=\"211\">CMEI Vila Nova<\/td>\n<td width=\"201\">Cleide Aparecida de Ara\u00fajo<\/td>\n<\/tr>\n<tr>\n<td width=\"45\">23<\/td>\n<td width=\"211\">Escola Albino Biacchi<\/td>\n<td width=\"201\">Vivian Rozinholi Borges Maia<\/td>\n<\/tr>\n<tr>\n<td width=\"45\">24<\/td>\n<td width=\"211\">Escola Antonieta da S. Lautenschlager<\/td>\n<td width=\"201\">Adilene Nogueira Ferreira Ananias<\/td>\n<\/tr>\n<tr>\n<td width=\"45\">25<\/td>\n<td width=\"211\">Escola Augusto Weyand<\/td>\n<td width=\"201\">Telma Mara Ciesilski da Silva<\/td>\n<\/tr>\n<tr>\n<td width=\"45\">26<\/td>\n<td width=\"211\">Escola Dinarte Pereira de Ara\u00fajo<\/td>\n<td width=\"201\">Lucinete Tomaz de Aquino\u00a0 Bertasso<\/td>\n<\/tr>\n<tr>\n<td width=\"45\">27<\/td>\n<td width=\"211\">Escola Dr. Edson Giacomini<\/td>\n<td width=\"201\">Irene dos Santos<\/td>\n<\/tr>\n<tr>\n<td width=\"45\">28<\/td>\n<td width=\"211\">Escola Dr. Joaquim Vicente de Castro<\/td>\n<td width=\"201\">Adalgisa Maria Marzag\u00e3o Orathes<\/td>\n<\/tr>\n<tr>\n<td width=\"45\">29<\/td>\n<td width=\"211\">Escola Dr. Osvaldo Santos Lima<\/td>\n<td width=\"201\">Magali Geremias<\/td>\n<\/tr>\n<tr>\n<td width=\"45\">30<\/td>\n<td width=\"211\">Escola F\u00e1bio Henrique da Silva<\/td>\n<td width=\"201\">M\u00e1rcia Cristina dos Santos Gon\u00e7alves<\/td>\n<\/tr>\n<tr>\n<td width=\"45\">31<\/td>\n<td width=\"211\">Escola Fernando Jos\u00e9 Acosta<\/td>\n<td width=\"201\">D\u00e9bora Cristina Dariva<\/td>\n<\/tr>\n<tr>\n<td width=\"45\">32<\/td>\n<td width=\"211\">Escola Gabriel de Lara<\/td>\n<td width=\"201\">Viviane Rosa Mar\u00e7al<\/td>\n<\/tr>\n<tr>\n<td width=\"45\">33<\/td>\n<td width=\"211\">Escola Humberto de A. Castelo Branco<\/td>\n<td width=\"201\">Silvia Aparecida B. Licheski<\/td>\n<\/tr>\n<tr>\n<td width=\"45\">34<\/td>\n<td width=\"211\">Escola Jo\u00e3o Antonio Braga C\u00f4rtes<\/td>\n<td width=\"201\">Edna Aparecida Rosina Mansano<\/td>\n<\/tr>\n<tr>\n<td width=\"45\">35<\/td>\n<td width=\"211\">Escola Jo\u00e3o Batista<\/td>\n<td width=\"201\">Josilaine Aparecida Ribeiro<\/td>\n<\/tr>\n<tr>\n<td width=\"45\">36<\/td>\n<td width=\"211\">Escola Jos\u00e9 Brazil Camargo<\/td>\n<td width=\"201\">Miriam Aparecida Montanholi Dariva<\/td>\n<\/tr>\n<tr>\n<td width=\"45\">37<\/td>\n<td width=\"211\">Escola Jos\u00e9 de Alencar<\/td>\n<td width=\"201\">Lucineide Valverde Gaspar<\/td>\n<\/tr>\n<tr>\n<td width=\"45\">38<\/td>\n<td width=\"211\">Escola Jos\u00e9 Id\u00e9sio Brianezi<\/td>\n<td width=\"201\">Adriana A. R. da Mota Beletalli<\/td>\n<\/tr>\n<tr>\n<td width=\"45\">39<\/td>\n<td width=\"211\">Escola Juiz Luiz Fernando Ara\u00fajo Pereira<\/td>\n<td width=\"201\">Cl\u00e1udia Regina Locatelli<\/td>\n<\/tr>\n<tr>\n<td width=\"45\">40<\/td>\n<td width=\"211\">Escola Karel Kober<\/td>\n<td width=\"201\">Simoni Vivan<\/td>\n<\/tr>\n<tr>\n<td width=\"45\">41<\/td>\n<td width=\"211\">Escola Luiz Carlos Prestes<\/td>\n<td width=\"201\">Ros\u00e2ngela Carvalho de Ara\u00fajo<\/td>\n<\/tr>\n<tr>\n<td width=\"45\">42<\/td>\n<td width=\"211\">Escola Mateus Leme<\/td>\n<td width=\"201\">Silvia Regina Miranda<\/td>\n<\/tr>\n<tr>\n<td width=\"45\">43<\/td>\n<td width=\"211\">Escola Monsenhor Arnaldo Beltrami<\/td>\n<td width=\"201\">L\u00edvia Maria de Carvalho Fernandes<\/td>\n<\/tr>\n<tr>\n<td width=\"45\">44<\/td>\n<td width=\"211\">Escola Padre Antonio Vieira<\/td>\n<td width=\"201\">Rosely de F\u00e1tima Felicio<\/td>\n<\/tr>\n<tr>\n<td width=\"45\">45<\/td>\n<td width=\"211\">Escola Papa Jo\u00e3o XXIII<\/td>\n<td width=\"201\">Roselena Carmela Laverde<\/td>\n<\/tr>\n<tr>\n<td width=\"45\">46<\/td>\n<td width=\"211\">Escola Pl\u00e1cido de Castro<\/td>\n<td width=\"201\">D\u00e9bora Camilete de Campos<\/td>\n<\/tr>\n<tr>\n<td width=\"45\">47<\/td>\n<td width=\"211\">Escola Presidente M\u00e9dici<\/td>\n<td width=\"201\">Adriana dos Santos Vieira Dubas<\/td>\n<\/tr>\n<tr>\n<td width=\"45\">48<\/td>\n<td width=\"211\">Escola Prof. Alcides Ramos<\/td>\n<td width=\"201\">Vanessa L\u00facia de Paula<\/td>\n<\/tr>\n<tr>\n<td width=\"45\">49<\/td>\n<td width=\"211\">Escola Prof. Bento Fernandes Dias<\/td>\n<td width=\"201\">Silamara C\u00e1ssia Dalcoli Alves<\/td>\n<\/tr>\n<tr>\n<td width=\"45\">50<\/td>\n<td width=\"211\">Escola Prof. Crist\u00f3v\u00e3o Nolli<\/td>\n<td width=\"201\">Maria da Silva Costa<\/td>\n<\/tr>\n<tr>\n<td width=\"45\">51<\/td>\n<td width=\"211\">Escola Prof. Durval Pinto<\/td>\n<td width=\"201\">Ana Paula Cunha Barreira de Ara\u00fajo<\/td>\n<\/tr>\n<tr>\n<td width=\"45\">52<\/td>\n<td width=\"211\">Escola Professora Idalice Moreira Prates<\/td>\n<td width=\"201\">Cibele de Pontes da Silva<\/td>\n<\/tr>\n<tr>\n<td width=\"45\">53<\/td>\n<td width=\"211\">Escola Professora Maria Madalena C\u00f4co<\/td>\n<td width=\"201\">Lucilene Moraes Ribeiro da Silva<\/td>\n<\/tr>\n<tr>\n<td width=\"45\">54<\/td>\n<td width=\"211\">Escola Professora Marilda Duarte Noli<\/td>\n<td width=\"201\">Janete Pudmovcki da Silva<\/td>\n<\/tr>\n<tr>\n<td width=\"45\">55<\/td>\n<td width=\"211\">Escola Professora Marta Pereira<\/td>\n<td width=\"201\">Val\u00e9ria Aguero Fernandes<\/td>\n<\/tr>\n<tr>\n<td width=\"45\">56<\/td>\n<td width=\"211\">Escola Senador Marcos Barros Freire<\/td>\n<td width=\"201\">V\u00e2nia Fenimani da Silva<\/td>\n<\/tr>\n<tr>\n<td width=\"45\">57<\/td>\n<td width=\"211\">Escola\u00a0 Vereador Jos\u00e9 Ramos de Oliveira<\/td>\n<td width=\"201\">Sirlei Aparecida de Rizzo Lazarini<\/td>\n<\/tr>\n<tr>\n<td width=\"45\">58<\/td>\n<td width=\"211\">Escola Vida Nova (CAIC)<\/td>\n<td width=\"201\">Margareth das Gra\u00e7as Costa<\/td>\n<\/tr>\n<tr>\n<td width=\"45\">59<\/td>\n<td width=\"211\">Escola Wilson de Azevedo<\/td>\n<td width=\"201\">Vera L\u00facia de Paula<\/td>\n<\/tr>\n<\/tbody>\n<\/table>\n<div class = 'socialMediaOnEveryPost'>Compartilhe<div id=\"sgmbShare1-1\" class=\"sgmbShare jssocials-theme-classic sgmbWidget1-1\"><\/div><div class=\"dropdownWrapper dropdownWrapper1 dropdownWrapper-for-widget \" id=\"dropdownWrapper-for-widget\">\r\n\t\t\t\t\t\t<div class=\"dropdownLabel\" id=\"dropdownLabel-share-list\"><span class=\"sgmbButtonListLabel1\">Share List<\/span><\/div>\r\n\t\t\t\t\t\t<div class=\"dropdownPanel dropdownPanel1-1\">\r\n\t\t\t\t\t\t<\/div>\r\n\t\t\t\t\t<\/div><script>  SGMB_URL = \"http:\/\/www.apucarana.pr.gov.br\/ame\/wp-content\/plugins\/social-media-builder\/\"; jQuery(\".dropdownWrapper\").hide(); SGMB_GOOGLE_ACOUNT = \"\"; <\/script><script type=\"text\/javascript\">\r\n\t\tjQuery(document).ready(function($){var widget = new SGMBWidget();widget.show({\"id\":\"1\",\"title\":\"Face\\\/Twitter\",\"options\":{\"currentUrl\":\"1\",\"url\":\"\",\"shareText\":\"\",\"fontSize\":\"14\",\"betweenButtons\":\"1px\",\"theme\":\"classic\",\"sgmbButtonsPosition\":\"bottomLeft\",\"socialTheme\":\"\",\"icon\":\"default\",\"buttonsPanelEffect\":\"No Effect\",\"buttonsEffect\":\"No Effect\",\"iconsEffect\":\"No Effect\",\"buttons\":\"{\\\"facebook\\\":{\\\"label\\\":\\\"Share\\\",\\\"icon\\\":\\\"default-facebook\\\"},\\\"twitter\\\":{\\\"label\\\":\\\"Tweet\\\",\\\"icon\\\":\\\"default-twitter\\\",\\\"via\\\":\\\"\\\",\\\"hashtags\\\":\\\"\\\"}}\",\"roundButton\":\"\",\"showLabels\":\"\",\"showCounts\":\"\",\"showCenter\":\"\",\"showButtonsAsList\":\"\",\"sgmbDropdownColor\":\"\",\"sgmbDropdownLabelFontSize\":\"14\",\"sgmbDropdownLabelColor\":\"\",\"showButtonsOnEveryPost\":\"on\",\"selectedOrExcluded\":\"\",\"showButtonsOnEveryPage\":\"\",\"textOnEveryPost\":\"Compartilhe\",\"showButtonsOnCustomPost\":\"\",\"textOnCustomPost\":\"\",\"showButtonsOnMobileDirect\":\"on\",\"showButtonsOnDesktopDirect\":\"on\",\"sgmbSelectedPages\":[\"\"],\"sgmbExcludedPosts\":[\"\"],\"sgmbSelectedCustomPosts\":[],\"showButtonsInPopup\":\"\",\"titleOfPopup\":\"\",\"descriptionOfPopup\":\"\",\"showPopupOnLoad\":\"\",\"showPopupOnScroll\":\"\",\"showPopupOnExit\":\"\",\"openSecondsOfPopup\":\"\",\"googleAnaliticsAccount\":\"\"},\"buttonOptions\":{\"facebook\":{\"label\":\"Share\",\"icon\":\"default-facebook\"},\"twitter\":{\"label\":\"Tweet\",\"icon\":\"default-twitter\",\"via\":\"\",\"hashtags\":\"\"}},\"button\":[\"facebook\",\"twitter\"]}, 1, '', 'http:\/\/www.apucarana.pr.gov.br\/ame\/wp-content\/plugins\/social-media-builder\/\/img\/no-image.png', '', 'http:\/\/www.apucarana.pr.gov.br\/ame\/prefeito-beto-preto-nomeia-diretores-de-unidades-escolares-municipais\/'); });<\/script><\/div><script> jQuery(\".socialMediaOnEveryPost\").addClass(\"sgmb-left\") <\/script>","protected":false},"excerpt":{"rendered":"<p>Com o ano letivo prestes a come\u00e7ar, o prefeito Beto Preto nomeou os novos diretores que dever\u00e3o administrar as 37 escolas e 22 CMEIs da rede municipal de ensino. As portarias n\u00ba 021 e 022 de 2017 foram publicadas hoje (20\/01) no Di\u00e1rio Oficial e tamb\u00e9m no jornal local Tribuna&hellip; <\/p>\n","protected":false},"author":3,"featured_media":0,"comment_status":"closed","ping_status":"open","sticky":false,"template":"","format":"standard","meta":[],"categories":[9],"tags":[],"_links":{"self":[{"href":"http:\/\/www.apucarana.pr.gov.br\/ame\/wp-json\/wp\/v2\/posts\/5554"}],"collection":[{"href":"http:\/\/www.apucarana.pr.gov.br\/ame\/wp-json\/wp\/v2\/posts"}],"about":[{"href":"http:\/\/www.apucarana.pr.gov.br\/ame\/wp-json\/wp\/v2\/types\/post"}],"author":[{"embeddable":true,"href":"http:\/\/www.apucarana.pr.gov.br\/ame\/wp-json\/wp\/v2\/users\/3"}],"replies":[{"embeddable":true,"href":"http:\/\/www.apucarana.pr.gov.br\/ame\/wp-json\/wp\/v2\/comments?post=5554"}],"version-history":[{"count":1,"href":"http:\/\/www.apucarana.pr.gov.br\/ame\/wp-json\/wp\/v2\/posts\/5554\/revisions"}],"predecessor-version":[{"id":5562,"href":"http:\/\/www.apucarana.pr.gov.br\/ame\/wp-json\/wp\/v2\/posts\/5554\/revisions\/5562"}],"wp:attachment":[{"href":"http:\/\/www.apucarana.pr.gov.br\/ame\/wp-json\/wp\/v2\/media?parent=5554"}],"wp:term":[{"taxonomy":"category","embeddable":true,"href":"http:\/\/www.apucarana.pr.gov.br\/ame\/wp-json\/wp\/v2\/categories?post=5554"},{"taxonomy":"post_tag","embeddable":true,"href":"http:\/\/www.apucarana.pr.gov.br\/ame\/wp-json\/wp\/v2\/tags?post=5554"}],"curies":[{"name":"wp","href":"https:\/\/api.w.org\/{rel}","templated":true}]}}