{"id":5550,"date":"2016-12-07T10:15:41","date_gmt":"2016-12-07T12:15:41","guid":{"rendered":"http:\/\/www.apucarana.pr.gov.br\/ame\/?p=5550"},"modified":"2024-10-08T09:10:28","modified_gmt":"2024-10-08T12:10:28","slug":"escolas-municipais-realizam-formatura-da-educacao-infantil","status":"publish","type":"post","link":"http:\/\/www.apucarana.pr.gov.br\/ame\/escolas-municipais-realizam-formatura-da-educacao-infantil\/","title":{"rendered":"Escolas Municipais realizam formatura da Educa\u00e7\u00e3o Infantil"},"content":{"rendered":"<p>A Autarquia Municipal de Educa\u00e7\u00e3o realizou, na noite de ontem (06), a formatura da Educa\u00e7\u00e3o Infantil. Ao todo 1.142 alunos, provenientes de trinta e oito unidades de ensino, estiveram no Gin\u00e1sio de Esportes Lago\u00e3o para concluir a primeira etapa da vida escolar.<\/p>\n<p>&nbsp;<\/p>\n<p>Pais, familiares e amigos viram as crian\u00e7as fazerem seu juramento, agradecerem aos professores e demais pessoas que as acompanharam neste ciclo e receberem seus certificados.<\/p>\n<p>&nbsp;<\/p>\n<p>Al\u00e9m das fam\u00edlias, prestigiaram a cerim\u00f4nia o prefeito Beto Preto (que foi escolhido como patrono dos formandos), o vice-prefeito J\u00fanior da Femac, a secret\u00e1ria municipal de educa\u00e7\u00e3o Marli Fernandes e os vereadores eleitos Rodolfo Mota e Franciley Preto Godoi (Poim), entre outras autoridades.<\/p>\n<p>&nbsp;<\/p>\n<p>\u201cFoi uma festa maravilhosa, que emocionou aos pais, m\u00e3es, diretoras, e que certamente vai marcar a vida desses pequeninos. Que Deus aben\u00e7oe a educa\u00e7\u00e3o municipal de Apucarana para continuar esse maravilhoso trabalho. Vamos em frente!\u201d disse o prefeito.<\/p>\n<p>&nbsp;<\/p>\n<p>Esse foi o primeiro ano que as escolas e CMEIs da rede municipal realizaram uma formatura conjunta. Anteriormente o usual era cada unidade de ensino preparar a sua cerim\u00f4nia.<\/p>\n<p>&nbsp;<\/p>\n<p>\u201cE n\u00f3s percebemos uma aceita\u00e7\u00e3o positiva por parte dos pais, pois todos os alunos estiveram uniformizados e recebendo as mesmas honrarias; ent\u00e3o, n\u00e3o foi uma formatura seletiva. Isso vem ao encontro da nossa proposta de ofertar uma educa\u00e7\u00e3o igualit\u00e1ria a todas as crian\u00e7as, independente se elas estudem nos distritos, nos bairros ou na \u00e1rea central,\u201d explicou a secret\u00e1ria Marli.<\/p>\n\n<div class = 'socialMediaOnEveryPost'>Compartilhe<div id=\"sgmbShare1-1\" class=\"sgmbShare jssocials-theme-classic sgmbWidget1-1\"><\/div><div class=\"dropdownWrapper dropdownWrapper1 dropdownWrapper-for-widget \" id=\"dropdownWrapper-for-widget\">\r\n\t\t\t\t\t\t<div class=\"dropdownLabel\" id=\"dropdownLabel-share-list\"><span class=\"sgmbButtonListLabel1\">Share List<\/span><\/div>\r\n\t\t\t\t\t\t<div class=\"dropdownPanel dropdownPanel1-1\">\r\n\t\t\t\t\t\t<\/div>\r\n\t\t\t\t\t<\/div><script>  SGMB_URL = \"http:\/\/www.apucarana.pr.gov.br\/ame\/wp-content\/plugins\/social-media-builder\/\"; jQuery(\".dropdownWrapper\").hide(); SGMB_GOOGLE_ACOUNT = \"\"; <\/script><script type=\"text\/javascript\">\r\n\t\tjQuery(document).ready(function($){var widget = new SGMBWidget();widget.show({\"id\":\"1\",\"title\":\"Face\\\/Twitter\",\"options\":{\"currentUrl\":\"1\",\"url\":\"\",\"shareText\":\"\",\"fontSize\":\"14\",\"betweenButtons\":\"1px\",\"theme\":\"classic\",\"sgmbButtonsPosition\":\"bottomLeft\",\"socialTheme\":\"\",\"icon\":\"default\",\"buttonsPanelEffect\":\"No Effect\",\"buttonsEffect\":\"No Effect\",\"iconsEffect\":\"No Effect\",\"buttons\":\"{\\\"facebook\\\":{\\\"label\\\":\\\"Share\\\",\\\"icon\\\":\\\"default-facebook\\\"},\\\"twitter\\\":{\\\"label\\\":\\\"Tweet\\\",\\\"icon\\\":\\\"default-twitter\\\",\\\"via\\\":\\\"\\\",\\\"hashtags\\\":\\\"\\\"}}\",\"roundButton\":\"\",\"showLabels\":\"\",\"showCounts\":\"\",\"showCenter\":\"\",\"showButtonsAsList\":\"\",\"sgmbDropdownColor\":\"\",\"sgmbDropdownLabelFontSize\":\"14\",\"sgmbDropdownLabelColor\":\"\",\"showButtonsOnEveryPost\":\"on\",\"selectedOrExcluded\":\"\",\"showButtonsOnEveryPage\":\"\",\"textOnEveryPost\":\"Compartilhe\",\"showButtonsOnCustomPost\":\"\",\"textOnCustomPost\":\"\",\"showButtonsOnMobileDirect\":\"on\",\"showButtonsOnDesktopDirect\":\"on\",\"sgmbSelectedPages\":[\"\"],\"sgmbExcludedPosts\":[\"\"],\"sgmbSelectedCustomPosts\":[],\"showButtonsInPopup\":\"\",\"titleOfPopup\":\"\",\"descriptionOfPopup\":\"\",\"showPopupOnLoad\":\"\",\"showPopupOnScroll\":\"\",\"showPopupOnExit\":\"\",\"openSecondsOfPopup\":\"\",\"googleAnaliticsAccount\":\"\"},\"buttonOptions\":{\"facebook\":{\"label\":\"Share\",\"icon\":\"default-facebook\"},\"twitter\":{\"label\":\"Tweet\",\"icon\":\"default-twitter\",\"via\":\"\",\"hashtags\":\"\"}},\"button\":[\"facebook\",\"twitter\"]}, 1, '', 'http:\/\/www.apucarana.pr.gov.br\/ame\/wp-content\/plugins\/social-media-builder\/\/img\/no-image.png', '', 'http:\/\/www.apucarana.pr.gov.br\/ame\/escolas-municipais-realizam-formatura-da-educacao-infantil\/'); });<\/script><\/div><script> jQuery(\".socialMediaOnEveryPost\").addClass(\"sgmb-left\") <\/script>","protected":false},"excerpt":{"rendered":"<p>A Autarquia Municipal de Educa\u00e7\u00e3o realizou, na noite de ontem (06), a formatura da Educa\u00e7\u00e3o Infantil. Ao todo 1.142 alunos, provenientes de trinta e oito unidades de ensino, estiveram no Gin\u00e1sio de Esportes Lago\u00e3o para concluir a primeira etapa da vida escolar. &nbsp; Pais, familiares e amigos viram as crian\u00e7as&hellip; <\/p>\n","protected":false},"author":3,"featured_media":0,"comment_status":"closed","ping_status":"open","sticky":false,"template":"","format":"standard","meta":[],"categories":[9],"tags":[],"_links":{"self":[{"href":"http:\/\/www.apucarana.pr.gov.br\/ame\/wp-json\/wp\/v2\/posts\/5550"}],"collection":[{"href":"http:\/\/www.apucarana.pr.gov.br\/ame\/wp-json\/wp\/v2\/posts"}],"about":[{"href":"http:\/\/www.apucarana.pr.gov.br\/ame\/wp-json\/wp\/v2\/types\/post"}],"author":[{"embeddable":true,"href":"http:\/\/www.apucarana.pr.gov.br\/ame\/wp-json\/wp\/v2\/users\/3"}],"replies":[{"embeddable":true,"href":"http:\/\/www.apucarana.pr.gov.br\/ame\/wp-json\/wp\/v2\/comments?post=5550"}],"version-history":[{"count":1,"href":"http:\/\/www.apucarana.pr.gov.br\/ame\/wp-json\/wp\/v2\/posts\/5550\/revisions"}],"predecessor-version":[{"id":5566,"href":"http:\/\/www.apucarana.pr.gov.br\/ame\/wp-json\/wp\/v2\/posts\/5550\/revisions\/5566"}],"wp:attachment":[{"href":"http:\/\/www.apucarana.pr.gov.br\/ame\/wp-json\/wp\/v2\/media?parent=5550"}],"wp:term":[{"taxonomy":"category","embeddable":true,"href":"http:\/\/www.apucarana.pr.gov.br\/ame\/wp-json\/wp\/v2\/categories?post=5550"},{"taxonomy":"post_tag","embeddable":true,"href":"http:\/\/www.apucarana.pr.gov.br\/ame\/wp-json\/wp\/v2\/tags?post=5550"}],"curies":[{"name":"wp","href":"https:\/\/api.w.org\/{rel}","templated":true}]}}