{"id":5547,"date":"2016-11-28T16:03:56","date_gmt":"2016-11-28T18:03:56","guid":{"rendered":"http:\/\/www.apucarana.pr.gov.br\/ame\/?p=5547"},"modified":"2024-10-08T09:10:28","modified_gmt":"2024-10-08T12:10:28","slug":"broadway-e-tema-de-apresentacao-dos-alunos-da-rede-municipal","status":"publish","type":"post","link":"http:\/\/www.apucarana.pr.gov.br\/ame\/broadway-e-tema-de-apresentacao-dos-alunos-da-rede-municipal\/","title":{"rendered":"Broadway \u00e9 tema de apresenta\u00e7\u00e3o dos alunos da rede municipal"},"content":{"rendered":"<p>A Autarquia Municipal de Educa\u00e7\u00e3o promoveu, na noite do \u00faltimo s\u00e1bado (26\/11), no gin\u00e1sio de esportes Lago\u00e3o, uma bel\u00edssima apresenta\u00e7\u00e3o de dan\u00e7a, protagonizada por alunos das 37 escolas de sua rede.\u00a0 O espet\u00e1culo \u201cBroadway: por tr\u00e1s das cortinas o circo\u201d representou o encerramento das atividades da oficina de express\u00e3o corporal no ano letivo de 2016.<\/p>\n<p>&nbsp;<\/p>\n<p>Aproximadamente 700 crian\u00e7as foram envolvidas na pe\u00e7a. Elas apresentaram os melhores cl\u00e1ssicos da Broadway, entre eles os musicais Chorus Line, Cinderela, Toy Story, O Rei Le\u00e3o, Chicago, Michel Jackson, Mama Mia, Grease e Cirque Du Soleil. Artistas da Companhia Troupe Aero Circus, de Londrina, completaram o espet\u00e1culo com muitas acrobacias em cordas, fitas e arcos.<\/p>\n<p>&nbsp;<\/p>\n<p>O p\u00fablico, que lotou o gin\u00e1sio, acompanhou toda a apresenta\u00e7\u00e3o com aplausos, assovios e gritos de viva. \u201cAs dan\u00e7as das crian\u00e7as estavam muito bonitas. Foi um espet\u00e1culo digno da Broadway,\u201d disse Marcos Aparecido de Oliveira, pai da aluna K\u00e9tlyn, da Escola Municipal Vereador Jos\u00e9 Ramos de Oliveira.<\/p>\n<p>&nbsp;<\/p>\n<p>A oficina de express\u00e3o corporal \u00e9 parte do curr\u00edculo das escolas apucaranenses da educa\u00e7\u00e3o infantil ao quinto ano do ensino fundamental. \u201cN\u00f3s temos tr\u00eas grandes projetos na rede municipal, que s\u00e3o a musicaliza\u00e7\u00e3o, as artes marciais e a express\u00e3o corporal. Essas atividades s\u00e3o desenvolvidas com os alunos em duas aulas semanais. E ao finalizar o ano, n\u00f3s organizamos esses espet\u00e1culos para mostrar aos pais e \u00e0 comunidade o resultado desse trabalho,\u201d explicou a secret\u00e1ria de educa\u00e7\u00e3o Marli Fernandes.<\/p>\n<p>&nbsp;<\/p>\n<p>A professora de dan\u00e7a Adriana Silva, cuja equipe foi respons\u00e1vel por montar e ensaiar o espet\u00e1culo, avalia os benef\u00edcios da express\u00e3o corporal durante a inf\u00e2ncia. \u201cAs atividades n\u00e3o se limitam a trabalhar o lado art\u00edstico das crian\u00e7as, mas tamb\u00e9m ajudam a no desenvolvimento f\u00edsico, cultural e na socializa\u00e7\u00e3o dos alunos. \u00c9 comprovado cientificamente que as crian\u00e7as que dan\u00e7am t\u00eam muito mais facilidade no aprendizado escolar,\u201d disse.<\/p>\n<p>&nbsp;<\/p>\n<p>Diferentemente do que ocorria no passado, a oficina de express\u00e3o corporal n\u00e3o se limita hoje ao ensino do bal\u00e9 cl\u00e1ssico. \u201cOs professores buscam apresentar uma grande variedade de ritmos aos alunos, como as dan\u00e7as que s\u00e3o tradicionais nos diversos estados brasileiros. O objetivo \u00e9 que nossos meninos e meninas aprendam toda a cultura da dan\u00e7a nas escolas municipais,\u201d acrescentou.<\/p>\n<div class = 'socialMediaOnEveryPost'>Compartilhe<div id=\"sgmbShare1-1\" class=\"sgmbShare jssocials-theme-classic sgmbWidget1-1\"><\/div><div class=\"dropdownWrapper dropdownWrapper1 dropdownWrapper-for-widget \" id=\"dropdownWrapper-for-widget\">\r\n\t\t\t\t\t\t<div class=\"dropdownLabel\" id=\"dropdownLabel-share-list\"><span class=\"sgmbButtonListLabel1\">Share List<\/span><\/div>\r\n\t\t\t\t\t\t<div class=\"dropdownPanel dropdownPanel1-1\">\r\n\t\t\t\t\t\t<\/div>\r\n\t\t\t\t\t<\/div><script>  SGMB_URL = \"http:\/\/www.apucarana.pr.gov.br\/ame\/wp-content\/plugins\/social-media-builder\/\"; jQuery(\".dropdownWrapper\").hide(); SGMB_GOOGLE_ACOUNT = \"\"; <\/script><script type=\"text\/javascript\">\r\n\t\tjQuery(document).ready(function($){var widget = new SGMBWidget();widget.show({\"id\":\"1\",\"title\":\"Face\\\/Twitter\",\"options\":{\"currentUrl\":\"1\",\"url\":\"\",\"shareText\":\"\",\"fontSize\":\"14\",\"betweenButtons\":\"1px\",\"theme\":\"classic\",\"sgmbButtonsPosition\":\"bottomLeft\",\"socialTheme\":\"\",\"icon\":\"default\",\"buttonsPanelEffect\":\"No Effect\",\"buttonsEffect\":\"No Effect\",\"iconsEffect\":\"No Effect\",\"buttons\":\"{\\\"facebook\\\":{\\\"label\\\":\\\"Share\\\",\\\"icon\\\":\\\"default-facebook\\\"},\\\"twitter\\\":{\\\"label\\\":\\\"Tweet\\\",\\\"icon\\\":\\\"default-twitter\\\",\\\"via\\\":\\\"\\\",\\\"hashtags\\\":\\\"\\\"}}\",\"roundButton\":\"\",\"showLabels\":\"\",\"showCounts\":\"\",\"showCenter\":\"\",\"showButtonsAsList\":\"\",\"sgmbDropdownColor\":\"\",\"sgmbDropdownLabelFontSize\":\"14\",\"sgmbDropdownLabelColor\":\"\",\"showButtonsOnEveryPost\":\"on\",\"selectedOrExcluded\":\"\",\"showButtonsOnEveryPage\":\"\",\"textOnEveryPost\":\"Compartilhe\",\"showButtonsOnCustomPost\":\"\",\"textOnCustomPost\":\"\",\"showButtonsOnMobileDirect\":\"on\",\"showButtonsOnDesktopDirect\":\"on\",\"sgmbSelectedPages\":[\"\"],\"sgmbExcludedPosts\":[\"\"],\"sgmbSelectedCustomPosts\":[],\"showButtonsInPopup\":\"\",\"titleOfPopup\":\"\",\"descriptionOfPopup\":\"\",\"showPopupOnLoad\":\"\",\"showPopupOnScroll\":\"\",\"showPopupOnExit\":\"\",\"openSecondsOfPopup\":\"\",\"googleAnaliticsAccount\":\"\"},\"buttonOptions\":{\"facebook\":{\"label\":\"Share\",\"icon\":\"default-facebook\"},\"twitter\":{\"label\":\"Tweet\",\"icon\":\"default-twitter\",\"via\":\"\",\"hashtags\":\"\"}},\"button\":[\"facebook\",\"twitter\"]}, 1, '', 'http:\/\/www.apucarana.pr.gov.br\/ame\/wp-content\/plugins\/social-media-builder\/\/img\/no-image.png', '', 'http:\/\/www.apucarana.pr.gov.br\/ame\/broadway-e-tema-de-apresentacao-dos-alunos-da-rede-municipal\/'); });<\/script><\/div><script> jQuery(\".socialMediaOnEveryPost\").addClass(\"sgmb-left\") <\/script>","protected":false},"excerpt":{"rendered":"<p>A Autarquia Municipal de Educa\u00e7\u00e3o promoveu, na noite do \u00faltimo s\u00e1bado (26\/11), no gin\u00e1sio de esportes Lago\u00e3o, uma bel\u00edssima apresenta\u00e7\u00e3o de dan\u00e7a, protagonizada por alunos das 37 escolas de sua rede.\u00a0 O espet\u00e1culo \u201cBroadway: por tr\u00e1s das cortinas o circo\u201d representou o encerramento das atividades da oficina de express\u00e3o corporal&hellip; <\/p>\n","protected":false},"author":3,"featured_media":0,"comment_status":"closed","ping_status":"open","sticky":false,"template":"","format":"standard","meta":[],"categories":[9],"tags":[],"_links":{"self":[{"href":"http:\/\/www.apucarana.pr.gov.br\/ame\/wp-json\/wp\/v2\/posts\/5547"}],"collection":[{"href":"http:\/\/www.apucarana.pr.gov.br\/ame\/wp-json\/wp\/v2\/posts"}],"about":[{"href":"http:\/\/www.apucarana.pr.gov.br\/ame\/wp-json\/wp\/v2\/types\/post"}],"author":[{"embeddable":true,"href":"http:\/\/www.apucarana.pr.gov.br\/ame\/wp-json\/wp\/v2\/users\/3"}],"replies":[{"embeddable":true,"href":"http:\/\/www.apucarana.pr.gov.br\/ame\/wp-json\/wp\/v2\/comments?post=5547"}],"version-history":[{"count":1,"href":"http:\/\/www.apucarana.pr.gov.br\/ame\/wp-json\/wp\/v2\/posts\/5547\/revisions"}],"predecessor-version":[{"id":5569,"href":"http:\/\/www.apucarana.pr.gov.br\/ame\/wp-json\/wp\/v2\/posts\/5547\/revisions\/5569"}],"wp:attachment":[{"href":"http:\/\/www.apucarana.pr.gov.br\/ame\/wp-json\/wp\/v2\/media?parent=5547"}],"wp:term":[{"taxonomy":"category","embeddable":true,"href":"http:\/\/www.apucarana.pr.gov.br\/ame\/wp-json\/wp\/v2\/categories?post=5547"},{"taxonomy":"post_tag","embeddable":true,"href":"http:\/\/www.apucarana.pr.gov.br\/ame\/wp-json\/wp\/v2\/tags?post=5547"}],"curies":[{"name":"wp","href":"https:\/\/api.w.org\/{rel}","templated":true}]}}