{"id":5546,"date":"2016-11-25T15:35:00","date_gmt":"2016-11-25T17:35:00","guid":{"rendered":"http:\/\/www.apucarana.pr.gov.br\/ame\/?p=5546"},"modified":"2024-10-08T09:10:28","modified_gmt":"2024-10-08T12:10:28","slug":"deputado-fernando-jordao-visita-apucarana-para-conhecer-o-ensino-municipal","status":"publish","type":"post","link":"http:\/\/www.apucarana.pr.gov.br\/ame\/deputado-fernando-jordao-visita-apucarana-para-conhecer-o-ensino-municipal\/","title":{"rendered":"Deputado Fernando Jord\u00e3o visita Apucarana para conhecer o ensino municipal"},"content":{"rendered":"<p>A Autarquia Municipal de Educa\u00e7\u00e3o recebeu, na tarde de ontem (24\/11), a visita do deputado federal fluminense e prefeito eleito da cidade de Angra dos Reis Fernando Jord\u00e3o (PMDB-RJ). Ele e seus assessores vieram a Apucarana para conhecer o funcionamento do ensino municipal.<\/p>\n<p>&nbsp;<\/p>\n<p>Os visitantes foram recepcionados pelo prefeito Beto Preto, o vice J\u00fanior da Femac e a secret\u00e1ria de educa\u00e7\u00e3o Marli Fernandes no Centro C\u00edvico Jos\u00e9 de Oliveira Rosa, e posteriormente conheceram as depend\u00eancias do CMEI Irm\u00e3 Dulce (Parque Bigua\u00e7u), da Escola Municipal Lu\u00eds Carlos Prestes (Jardim Am\u00e9rica) e da pr\u00f3pria Autarquia Municipal de Educa\u00e7\u00e3o.<\/p>\n<p>&nbsp;<\/p>\n<p>O excelente desempenho das escolas municipais apucaranenses no \u00cdndice de Desenvolvimento da Educa\u00e7\u00e3o B\u00e1sica foi o que atraiu o deputado ao norte do Paran\u00e1. Em 2015, a AME alcan\u00e7ou m\u00e9dia 7,0 no IDEB para os anos iniciais do ensino fundamental.<\/p>\n<p>&nbsp;<\/p>\n<p>\u201cEu fiz um contato com o deputado Osmar Serraglio (PMDB-PR), que me apresentou o prefeito Beto Preto, e hoje vim conferir de perto o IDEB da prefeitura de Apucarana. N\u00f3s estamos fazendo um benchmarking, ou seja, vendo o que est\u00e1 funcionando aqui e pegando os bons exemplos para implantarmos na nossa cidade,\u201d explicou Fernando Jord\u00e3o.<\/p>\n<p>&nbsp;<\/p>\n<p>Para o prefeito Beto Preto, a visita do deputado ratifica que a educa\u00e7\u00e3o municipal est\u00e1 no caminho certo. \u201cIsso demonstra que a equipe da professora Marli est\u00e1 fazendo um trabalho com muita seriedade e p\u00e9 no ch\u00e3o, garantindo todas as condi\u00e7\u00f5es necess\u00e1rias para que os professores da rede municipal possam fazer em sala de aula o melhor para as nossas crian\u00e7as,\u201d disse.<\/p>\n<p>&nbsp;<\/p>\n<p>Ele tamb\u00e9m agradeceu a visita e desejou sucesso a Fernando Jord\u00e3o em seu novo mandato como prefeito de Angra dos Reis. \u201cApucarana tem um IDEB elevado, superior a muitos munic\u00edpios com condi\u00e7\u00f5es financeiras melhores que as nossas, foi isso que chamou a aten\u00e7\u00e3o do deputado. E n\u00f3s ficamos muito felizes por receber uma visita t\u00e3o ilustre. Com a grande experi\u00eancia que tem, certamente ele far\u00e1 um excelente trabalho em Angra dos Reis.\u201d<\/p>\n<p>&nbsp;<\/p>\n<p>Ao final do dia, Fernando Jord\u00e3o mostrou-se impressionado com o que viu em Apucarana. \u201cEu peguei bons exemplos aqui de economia e gest\u00e3o, vi como as crian\u00e7as est\u00e3o satisfeitas nas escolas e creches e como funcionam os livros did\u00e1ticos. Apucarana \u00e9 um bom exemplo que eu pretendo seguir,\u201d garantiu.<\/p>\n<div class = 'socialMediaOnEveryPost'>Compartilhe<div id=\"sgmbShare1-1\" class=\"sgmbShare jssocials-theme-classic sgmbWidget1-1\"><\/div><div class=\"dropdownWrapper dropdownWrapper1 dropdownWrapper-for-widget \" id=\"dropdownWrapper-for-widget\">\r\n\t\t\t\t\t\t<div class=\"dropdownLabel\" id=\"dropdownLabel-share-list\"><span class=\"sgmbButtonListLabel1\">Share List<\/span><\/div>\r\n\t\t\t\t\t\t<div class=\"dropdownPanel dropdownPanel1-1\">\r\n\t\t\t\t\t\t<\/div>\r\n\t\t\t\t\t<\/div><script>  SGMB_URL = \"http:\/\/www.apucarana.pr.gov.br\/ame\/wp-content\/plugins\/social-media-builder\/\"; jQuery(\".dropdownWrapper\").hide(); SGMB_GOOGLE_ACOUNT = \"\"; <\/script><script type=\"text\/javascript\">\r\n\t\tjQuery(document).ready(function($){var widget = new SGMBWidget();widget.show({\"id\":\"1\",\"title\":\"Face\\\/Twitter\",\"options\":{\"currentUrl\":\"1\",\"url\":\"\",\"shareText\":\"\",\"fontSize\":\"14\",\"betweenButtons\":\"1px\",\"theme\":\"classic\",\"sgmbButtonsPosition\":\"bottomLeft\",\"socialTheme\":\"\",\"icon\":\"default\",\"buttonsPanelEffect\":\"No Effect\",\"buttonsEffect\":\"No Effect\",\"iconsEffect\":\"No Effect\",\"buttons\":\"{\\\"facebook\\\":{\\\"label\\\":\\\"Share\\\",\\\"icon\\\":\\\"default-facebook\\\"},\\\"twitter\\\":{\\\"label\\\":\\\"Tweet\\\",\\\"icon\\\":\\\"default-twitter\\\",\\\"via\\\":\\\"\\\",\\\"hashtags\\\":\\\"\\\"}}\",\"roundButton\":\"\",\"showLabels\":\"\",\"showCounts\":\"\",\"showCenter\":\"\",\"showButtonsAsList\":\"\",\"sgmbDropdownColor\":\"\",\"sgmbDropdownLabelFontSize\":\"14\",\"sgmbDropdownLabelColor\":\"\",\"showButtonsOnEveryPost\":\"on\",\"selectedOrExcluded\":\"\",\"showButtonsOnEveryPage\":\"\",\"textOnEveryPost\":\"Compartilhe\",\"showButtonsOnCustomPost\":\"\",\"textOnCustomPost\":\"\",\"showButtonsOnMobileDirect\":\"on\",\"showButtonsOnDesktopDirect\":\"on\",\"sgmbSelectedPages\":[\"\"],\"sgmbExcludedPosts\":[\"\"],\"sgmbSelectedCustomPosts\":[],\"showButtonsInPopup\":\"\",\"titleOfPopup\":\"\",\"descriptionOfPopup\":\"\",\"showPopupOnLoad\":\"\",\"showPopupOnScroll\":\"\",\"showPopupOnExit\":\"\",\"openSecondsOfPopup\":\"\",\"googleAnaliticsAccount\":\"\"},\"buttonOptions\":{\"facebook\":{\"label\":\"Share\",\"icon\":\"default-facebook\"},\"twitter\":{\"label\":\"Tweet\",\"icon\":\"default-twitter\",\"via\":\"\",\"hashtags\":\"\"}},\"button\":[\"facebook\",\"twitter\"]}, 1, '', 'http:\/\/www.apucarana.pr.gov.br\/ame\/wp-content\/plugins\/social-media-builder\/\/img\/no-image.png', '', 'http:\/\/www.apucarana.pr.gov.br\/ame\/deputado-fernando-jordao-visita-apucarana-para-conhecer-o-ensino-municipal\/'); });<\/script><\/div><script> jQuery(\".socialMediaOnEveryPost\").addClass(\"sgmb-left\") <\/script>","protected":false},"excerpt":{"rendered":"<p>A Autarquia Municipal de Educa\u00e7\u00e3o recebeu, na tarde de ontem (24\/11), a visita do deputado federal fluminense e prefeito eleito da cidade de Angra dos Reis Fernando Jord\u00e3o (PMDB-RJ). Ele e seus assessores vieram a Apucarana para conhecer o funcionamento do ensino municipal. &nbsp; Os visitantes foram recepcionados pelo prefeito&hellip; <\/p>\n","protected":false},"author":3,"featured_media":0,"comment_status":"closed","ping_status":"open","sticky":false,"template":"","format":"standard","meta":[],"categories":[9],"tags":[],"_links":{"self":[{"href":"http:\/\/www.apucarana.pr.gov.br\/ame\/wp-json\/wp\/v2\/posts\/5546"}],"collection":[{"href":"http:\/\/www.apucarana.pr.gov.br\/ame\/wp-json\/wp\/v2\/posts"}],"about":[{"href":"http:\/\/www.apucarana.pr.gov.br\/ame\/wp-json\/wp\/v2\/types\/post"}],"author":[{"embeddable":true,"href":"http:\/\/www.apucarana.pr.gov.br\/ame\/wp-json\/wp\/v2\/users\/3"}],"replies":[{"embeddable":true,"href":"http:\/\/www.apucarana.pr.gov.br\/ame\/wp-json\/wp\/v2\/comments?post=5546"}],"version-history":[{"count":1,"href":"http:\/\/www.apucarana.pr.gov.br\/ame\/wp-json\/wp\/v2\/posts\/5546\/revisions"}],"predecessor-version":[{"id":5570,"href":"http:\/\/www.apucarana.pr.gov.br\/ame\/wp-json\/wp\/v2\/posts\/5546\/revisions\/5570"}],"wp:attachment":[{"href":"http:\/\/www.apucarana.pr.gov.br\/ame\/wp-json\/wp\/v2\/media?parent=5546"}],"wp:term":[{"taxonomy":"category","embeddable":true,"href":"http:\/\/www.apucarana.pr.gov.br\/ame\/wp-json\/wp\/v2\/categories?post=5546"},{"taxonomy":"post_tag","embeddable":true,"href":"http:\/\/www.apucarana.pr.gov.br\/ame\/wp-json\/wp\/v2\/tags?post=5546"}],"curies":[{"name":"wp","href":"https:\/\/api.w.org\/{rel}","templated":true}]}}