{"id":5545,"date":"2016-11-18T15:19:40","date_gmt":"2016-11-18T17:19:40","guid":{"rendered":"http:\/\/www.apucarana.pr.gov.br\/ame\/?p=5545"},"modified":"2024-10-08T09:10:28","modified_gmt":"2024-10-08T12:10:28","slug":"professoras-apucaranenses-sao-finalistas-do-premio-educacao-empreendedora","status":"publish","type":"post","link":"http:\/\/www.apucarana.pr.gov.br\/ame\/professoras-apucaranenses-sao-finalistas-do-premio-educacao-empreendedora\/","title":{"rendered":"Professoras apucaranenses s\u00e3o finalistas do Pr\u00eamio Educa\u00e7\u00e3o Empreendedora"},"content":{"rendered":"<p>Duas professoras da rede municipal apucaranense foram eleitas como finalistas da regi\u00e3o norte no Pr\u00eamio Sebrae Educa\u00e7\u00e3o Empreendedora no Paran\u00e1. \u00c2ngela Maria Torresan, da Escola Augusto Weyand, e D\u00e9bora Martins Spaciari, da Escola Dr. Joaquim Vicente de Castro, participaram da premia\u00e7\u00e3o, na tarde de ontem (17\/11), em cerim\u00f4nia na cidade de Curitiba.<\/p>\n<p>&nbsp;<\/p>\n<p>A premia\u00e7\u00e3o \u00e9 uma iniciativa pioneira do Sebrae que tem por objetivo identificar, estimular, difundir e reconhecer as melhores pr\u00e1ticas e resultados em Educa\u00e7\u00e3o Empreendedora no Paran\u00e1. Ao todo, foram 278 inscritos de todas as regi\u00f5es do estado.<\/p>\n<p>&nbsp;<\/p>\n<p>Al\u00e9m das duas professoras, o Prefeito Beto Preto tamb\u00e9m recebeu certificado de\u00a0 reconhecimento do Sebrae por ter implantado o projeto Jovens Empreendedores Primeiros Passos em cem por cento das escolas da rede municipal apucaranense.<\/p>\n<p>&nbsp;<\/p>\n<p>\u201cN\u00f3s aderimos \u00e0 iniciativa do Sebrae no ano de 2014, porque entendemos que ela \u00e9 um complemento ao curr\u00edculo escolar. Por meio do JEPPs, os alunos aprendem a trabalhar em equipe, a usar a criatividade e a refletir sobre como criar e manter uma pequena empresa,\u201d explicou a secret\u00e1ria municipal de educa\u00e7\u00e3o Marli Fernandes.<\/p>\n<p>&nbsp;<\/p>\n<p>A professora \u00c2ngela Maria Torresan, por exemplo, sugeriu aos seus alunos que arrecadassem latinhas de refrigerante por um per\u00edodo de tr\u00eas meses. Ap\u00f3s a venda das mesmas, o dinheiro conquistado foi usado como capital para que as crian\u00e7as pudessem construir o seu neg\u00f3cio: uma feirinha de temperos e produtos diversos.<\/p>\n<p>&nbsp;<\/p>\n<p>\u201cEsse projeto foi muito especial, pois, al\u00e9m de aprenderem a empreender, eles tamb\u00e9m ajudaram a cuidar do meio ambiente. Muitos pais contam que passaram a fazer a coleta seletiva em casa devido \u00e0 cobran\u00e7a dos filhos. Fiquei feliz com a atitude dos meus alunos e o crescimento na busca por um mundo melhor,\u201d escreveu \u00c2ngela em seu relat\u00f3rio inscrito no Pr\u00eamio Sebrae Educa\u00e7\u00e3o Empreendedora.<\/p>\n<p>&nbsp;<\/p>\n<p>J\u00e1 os estudantes da professora D\u00e9bora Martins Spaciari investiram em uma feira de comidas japonesas. \u201cEu aproveitei a personagem oriental Mieko, do livro do projeto Jovens Empreendedores Primeiros Passos, e desenvolvi atividades que levaram a turma do 2\u00ba ano B a conhecer alguns temperos e comidas provenientes do Jap\u00e3o. Posteriormente organizamos uma feira e vendemos sushi e manju para todos os alunos da escola. Mostrei \u00e0s crian\u00e7as que eles poder\u00e3o futuramente vender ou montar um restaurante com comidas japonesas, enfim, que cada um \u00e9 capaz de construir e empreender,\u201d relatou.<\/p>\n<p>&nbsp;<\/p>\n<p>O prefeito Beto Preto parabenizou as professoras por sua dedica\u00e7\u00e3o e agradeceu ao Sebrae-PR pela parceria firmada com a educa\u00e7\u00e3o apucaranense. &#8220;Empreendedorismo e gerenciamento de neg\u00f3cios, \u00e0 primeira vista, parecem temas complexos para alunos que est\u00e3o nos primeiros anos do ensino fundamental. Mas, quanto menor a idade, mais esponja \u00e9 o c\u00e9rebro da crian\u00e7a. Agrade\u00e7o ao Sebrae por essa iniciativa nas nossas unidades e por tantas outras parcerias que tem firmado com o munic\u00edpio&#8221;.<\/p>\n<div class = 'socialMediaOnEveryPost'>Compartilhe<div id=\"sgmbShare1-1\" class=\"sgmbShare jssocials-theme-classic sgmbWidget1-1\"><\/div><div class=\"dropdownWrapper dropdownWrapper1 dropdownWrapper-for-widget \" id=\"dropdownWrapper-for-widget\">\r\n\t\t\t\t\t\t<div class=\"dropdownLabel\" id=\"dropdownLabel-share-list\"><span class=\"sgmbButtonListLabel1\">Share List<\/span><\/div>\r\n\t\t\t\t\t\t<div class=\"dropdownPanel dropdownPanel1-1\">\r\n\t\t\t\t\t\t<\/div>\r\n\t\t\t\t\t<\/div><script>  SGMB_URL = \"http:\/\/www.apucarana.pr.gov.br\/ame\/wp-content\/plugins\/social-media-builder\/\"; jQuery(\".dropdownWrapper\").hide(); SGMB_GOOGLE_ACOUNT = \"\"; <\/script><script type=\"text\/javascript\">\r\n\t\tjQuery(document).ready(function($){var widget = new SGMBWidget();widget.show({\"id\":\"1\",\"title\":\"Face\\\/Twitter\",\"options\":{\"currentUrl\":\"1\",\"url\":\"\",\"shareText\":\"\",\"fontSize\":\"14\",\"betweenButtons\":\"1px\",\"theme\":\"classic\",\"sgmbButtonsPosition\":\"bottomLeft\",\"socialTheme\":\"\",\"icon\":\"default\",\"buttonsPanelEffect\":\"No Effect\",\"buttonsEffect\":\"No Effect\",\"iconsEffect\":\"No Effect\",\"buttons\":\"{\\\"facebook\\\":{\\\"label\\\":\\\"Share\\\",\\\"icon\\\":\\\"default-facebook\\\"},\\\"twitter\\\":{\\\"label\\\":\\\"Tweet\\\",\\\"icon\\\":\\\"default-twitter\\\",\\\"via\\\":\\\"\\\",\\\"hashtags\\\":\\\"\\\"}}\",\"roundButton\":\"\",\"showLabels\":\"\",\"showCounts\":\"\",\"showCenter\":\"\",\"showButtonsAsList\":\"\",\"sgmbDropdownColor\":\"\",\"sgmbDropdownLabelFontSize\":\"14\",\"sgmbDropdownLabelColor\":\"\",\"showButtonsOnEveryPost\":\"on\",\"selectedOrExcluded\":\"\",\"showButtonsOnEveryPage\":\"\",\"textOnEveryPost\":\"Compartilhe\",\"showButtonsOnCustomPost\":\"\",\"textOnCustomPost\":\"\",\"showButtonsOnMobileDirect\":\"on\",\"showButtonsOnDesktopDirect\":\"on\",\"sgmbSelectedPages\":[\"\"],\"sgmbExcludedPosts\":[\"\"],\"sgmbSelectedCustomPosts\":[],\"showButtonsInPopup\":\"\",\"titleOfPopup\":\"\",\"descriptionOfPopup\":\"\",\"showPopupOnLoad\":\"\",\"showPopupOnScroll\":\"\",\"showPopupOnExit\":\"\",\"openSecondsOfPopup\":\"\",\"googleAnaliticsAccount\":\"\"},\"buttonOptions\":{\"facebook\":{\"label\":\"Share\",\"icon\":\"default-facebook\"},\"twitter\":{\"label\":\"Tweet\",\"icon\":\"default-twitter\",\"via\":\"\",\"hashtags\":\"\"}},\"button\":[\"facebook\",\"twitter\"]}, 1, '', 'http:\/\/www.apucarana.pr.gov.br\/ame\/wp-content\/plugins\/social-media-builder\/\/img\/no-image.png', '', 'http:\/\/www.apucarana.pr.gov.br\/ame\/professoras-apucaranenses-sao-finalistas-do-premio-educacao-empreendedora\/'); });<\/script><\/div><script> jQuery(\".socialMediaOnEveryPost\").addClass(\"sgmb-left\") <\/script>","protected":false},"excerpt":{"rendered":"<p>Duas professoras da rede municipal apucaranense foram eleitas como finalistas da regi\u00e3o norte no Pr\u00eamio Sebrae Educa\u00e7\u00e3o Empreendedora no Paran\u00e1. \u00c2ngela Maria Torresan, da Escola Augusto Weyand, e D\u00e9bora Martins Spaciari, da Escola Dr. Joaquim Vicente de Castro, participaram da premia\u00e7\u00e3o, na tarde de ontem (17\/11), em cerim\u00f4nia na cidade&hellip; <\/p>\n","protected":false},"author":3,"featured_media":0,"comment_status":"closed","ping_status":"open","sticky":false,"template":"","format":"standard","meta":[],"categories":[9],"tags":[],"_links":{"self":[{"href":"http:\/\/www.apucarana.pr.gov.br\/ame\/wp-json\/wp\/v2\/posts\/5545"}],"collection":[{"href":"http:\/\/www.apucarana.pr.gov.br\/ame\/wp-json\/wp\/v2\/posts"}],"about":[{"href":"http:\/\/www.apucarana.pr.gov.br\/ame\/wp-json\/wp\/v2\/types\/post"}],"author":[{"embeddable":true,"href":"http:\/\/www.apucarana.pr.gov.br\/ame\/wp-json\/wp\/v2\/users\/3"}],"replies":[{"embeddable":true,"href":"http:\/\/www.apucarana.pr.gov.br\/ame\/wp-json\/wp\/v2\/comments?post=5545"}],"version-history":[{"count":1,"href":"http:\/\/www.apucarana.pr.gov.br\/ame\/wp-json\/wp\/v2\/posts\/5545\/revisions"}],"predecessor-version":[{"id":5571,"href":"http:\/\/www.apucarana.pr.gov.br\/ame\/wp-json\/wp\/v2\/posts\/5545\/revisions\/5571"}],"wp:attachment":[{"href":"http:\/\/www.apucarana.pr.gov.br\/ame\/wp-json\/wp\/v2\/media?parent=5545"}],"wp:term":[{"taxonomy":"category","embeddable":true,"href":"http:\/\/www.apucarana.pr.gov.br\/ame\/wp-json\/wp\/v2\/categories?post=5545"},{"taxonomy":"post_tag","embeddable":true,"href":"http:\/\/www.apucarana.pr.gov.br\/ame\/wp-json\/wp\/v2\/tags?post=5545"}],"curies":[{"name":"wp","href":"https:\/\/api.w.org\/{rel}","templated":true}]}}