{"id":5544,"date":"2016-11-07T17:53:21","date_gmt":"2016-11-07T19:53:21","guid":{"rendered":"http:\/\/www.apucarana.pr.gov.br\/ame\/?p=5544"},"modified":"2024-10-08T09:10:28","modified_gmt":"2024-10-08T12:10:28","slug":"comeca-o-periodo-de-matriculas-e-rematriculas-na-rede-municipal-de-ensino","status":"publish","type":"post","link":"http:\/\/www.apucarana.pr.gov.br\/ame\/comeca-o-periodo-de-matriculas-e-rematriculas-na-rede-municipal-de-ensino\/","title":{"rendered":"Come\u00e7a o per\u00edodo de matr\u00edculas e rematr\u00edculas na rede municipal de ensino"},"content":{"rendered":"<p>A Autarquia Municipal de Educa\u00e7\u00e3o divulgou o calend\u00e1rio de matr\u00edculas e rematr\u00edculas das escolas e CMEIs de sua rede para o ano letivo de 2017. Os prazos e prioridades do processo s\u00e3o estabelecidos pela Instru\u00e7\u00e3o Normativa n\u00ba 004\/2016.<\/p>\n<p>&nbsp;<\/p>\n<p>Entre os dias 09 e 25\/11, os alunos matriculados na rede municipal no ano letivo de 2016, e que continuar\u00e3o seus estudos na mesma institui\u00e7\u00e3o de ensino em 2017, dever\u00e3o confirmar sua rematr\u00edcula. As escolas e CMEIs enviar\u00e3o bilhetes aos pais para orient\u00e1-los sobre como ser\u00e1 feito o atendimento.<\/p>\n<p>&nbsp;<\/p>\n<p>Os respons\u00e1veis por crian\u00e7as que entrar\u00e3o em idade escolar no pr\u00f3ximo ano dever\u00e3o procurar as institui\u00e7\u00f5es municipais de ensino para realizar a primeira matr\u00edcula de seus filhos no per\u00edodo de 28\/11 a 02\/12.<\/p>\n<p>&nbsp;<\/p>\n<p>J\u00e1 as transfer\u00eancias de alunos da rede particular para a rede p\u00fablica ou entre duas unidades municipais de ensino ocorrer\u00e3o entre 12\/12 e 16\/12\/16.<\/p>\n<p>&nbsp;<\/p>\n<p>A prioridade das escolas e CMEIs municipais \u00e9 atender aos alunos que moram num raio de at\u00e9 2.000 metros de dist\u00e2ncia da sua sede, segundo o Sistema de Georreferenciamento do Paran\u00e1.<\/p>\n<p>&nbsp;<\/p>\n<p>Os documentos necess\u00e1rios para a efetua\u00e7\u00e3o da primeira matr\u00edcula e da transfer\u00eancia de alunos s\u00e3o: certid\u00e3o de nascimento, carteirinha de vacina\u00e7\u00e3o, cart\u00e3o nacional do SUS, comprovante de resid\u00eancia (preferencialmente a conta de luz) e, se houver, documento de identifica\u00e7\u00e3o dos pais (RG, carteira de motorista, carteira de trabalho ou passaporte).<\/p>\n<p>&nbsp;<\/p>\n<p>Corte et\u00e1rio para o ano letivo de 2017<\/p>\n<p>&nbsp;<\/p>\n<p><strong><u>CMEIs<\/u><\/strong><\/p>\n<table>\n<tbody>\n<tr>\n<td width=\"192\"><strong>Turma<\/strong><\/td>\n<td width=\"192\"><strong>Nascidos a partir de<\/strong><\/td>\n<td width=\"192\"><strong>At\u00e9<\/strong><\/td>\n<\/tr>\n<tr>\n<td width=\"192\">Ber\u00e7\u00e1rio<\/td>\n<td width=\"192\">01\/04\/2016<\/td>\n<td width=\"192\">&nbsp;<\/td>\n<\/tr>\n<tr>\n<td width=\"192\">Maternal I<\/td>\n<td width=\"192\">01\/04\/2015<\/td>\n<td width=\"192\">31\/03\/2016<\/td>\n<\/tr>\n<tr>\n<td width=\"192\">Maternal II<\/td>\n<td width=\"192\">01\/04\/2014<\/td>\n<td width=\"192\">31\/03\/2015<\/td>\n<\/tr>\n<tr>\n<td width=\"192\">Maternal III<\/td>\n<td width=\"192\">01\/04\/2013<\/td>\n<td width=\"192\">31\/03\/2014<\/td>\n<\/tr>\n<\/tbody>\n<\/table>\n<p>&nbsp;<\/p>\n<p>&nbsp;<\/p>\n<p><strong><u>Escolas<\/u><\/strong><\/p>\n<table>\n<tbody>\n<tr>\n<td width=\"192\"><strong>Turma<\/strong><\/td>\n<td width=\"192\"><strong>Nascidos a partir de<\/strong><\/td>\n<td width=\"192\"><strong>At\u00e9<\/strong><\/td>\n<\/tr>\n<tr>\n<td width=\"192\">Pr\u00e9 I<\/td>\n<td width=\"192\">01\/04\/2012<\/td>\n<td width=\"192\">31\/03\/2013<\/td>\n<\/tr>\n<tr>\n<td width=\"192\">Pr\u00e9 II<\/td>\n<td width=\"192\">01\/04\/2011<\/td>\n<td width=\"192\">31\/03\/2012<\/td>\n<\/tr>\n<tr>\n<td width=\"192\">1\u00ba Ano<\/td>\n<td width=\"192\">01\/04\/2010<\/td>\n<td width=\"192\">31\/03\/2011<\/td>\n<\/tr>\n<\/tbody>\n<\/table>\n<p>&nbsp;<\/p>\n<p>&nbsp;<\/p>\n<div class = 'socialMediaOnEveryPost'>Compartilhe<div id=\"sgmbShare1-1\" class=\"sgmbShare jssocials-theme-classic sgmbWidget1-1\"><\/div><div class=\"dropdownWrapper dropdownWrapper1 dropdownWrapper-for-widget \" id=\"dropdownWrapper-for-widget\">\r\n\t\t\t\t\t\t<div class=\"dropdownLabel\" id=\"dropdownLabel-share-list\"><span class=\"sgmbButtonListLabel1\">Share List<\/span><\/div>\r\n\t\t\t\t\t\t<div class=\"dropdownPanel dropdownPanel1-1\">\r\n\t\t\t\t\t\t<\/div>\r\n\t\t\t\t\t<\/div><script>  SGMB_URL = \"http:\/\/www.apucarana.pr.gov.br\/ame\/wp-content\/plugins\/social-media-builder\/\"; jQuery(\".dropdownWrapper\").hide(); SGMB_GOOGLE_ACOUNT = \"\"; <\/script><script type=\"text\/javascript\">\r\n\t\tjQuery(document).ready(function($){var widget = new SGMBWidget();widget.show({\"id\":\"1\",\"title\":\"Face\\\/Twitter\",\"options\":{\"currentUrl\":\"1\",\"url\":\"\",\"shareText\":\"\",\"fontSize\":\"14\",\"betweenButtons\":\"1px\",\"theme\":\"classic\",\"sgmbButtonsPosition\":\"bottomLeft\",\"socialTheme\":\"\",\"icon\":\"default\",\"buttonsPanelEffect\":\"No Effect\",\"buttonsEffect\":\"No Effect\",\"iconsEffect\":\"No Effect\",\"buttons\":\"{\\\"facebook\\\":{\\\"label\\\":\\\"Share\\\",\\\"icon\\\":\\\"default-facebook\\\"},\\\"twitter\\\":{\\\"label\\\":\\\"Tweet\\\",\\\"icon\\\":\\\"default-twitter\\\",\\\"via\\\":\\\"\\\",\\\"hashtags\\\":\\\"\\\"}}\",\"roundButton\":\"\",\"showLabels\":\"\",\"showCounts\":\"\",\"showCenter\":\"\",\"showButtonsAsList\":\"\",\"sgmbDropdownColor\":\"\",\"sgmbDropdownLabelFontSize\":\"14\",\"sgmbDropdownLabelColor\":\"\",\"showButtonsOnEveryPost\":\"on\",\"selectedOrExcluded\":\"\",\"showButtonsOnEveryPage\":\"\",\"textOnEveryPost\":\"Compartilhe\",\"showButtonsOnCustomPost\":\"\",\"textOnCustomPost\":\"\",\"showButtonsOnMobileDirect\":\"on\",\"showButtonsOnDesktopDirect\":\"on\",\"sgmbSelectedPages\":[\"\"],\"sgmbExcludedPosts\":[\"\"],\"sgmbSelectedCustomPosts\":[],\"showButtonsInPopup\":\"\",\"titleOfPopup\":\"\",\"descriptionOfPopup\":\"\",\"showPopupOnLoad\":\"\",\"showPopupOnScroll\":\"\",\"showPopupOnExit\":\"\",\"openSecondsOfPopup\":\"\",\"googleAnaliticsAccount\":\"\"},\"buttonOptions\":{\"facebook\":{\"label\":\"Share\",\"icon\":\"default-facebook\"},\"twitter\":{\"label\":\"Tweet\",\"icon\":\"default-twitter\",\"via\":\"\",\"hashtags\":\"\"}},\"button\":[\"facebook\",\"twitter\"]}, 1, '', 'http:\/\/www.apucarana.pr.gov.br\/ame\/wp-content\/plugins\/social-media-builder\/\/img\/no-image.png', '', 'http:\/\/www.apucarana.pr.gov.br\/ame\/comeca-o-periodo-de-matriculas-e-rematriculas-na-rede-municipal-de-ensino\/'); });<\/script><\/div><script> jQuery(\".socialMediaOnEveryPost\").addClass(\"sgmb-left\") <\/script>","protected":false},"excerpt":{"rendered":"<p>A Autarquia Municipal de Educa\u00e7\u00e3o divulgou o calend\u00e1rio de matr\u00edculas e rematr\u00edculas das escolas e CMEIs de sua rede para o ano letivo de 2017. Os prazos e prioridades do processo s\u00e3o estabelecidos pela Instru\u00e7\u00e3o Normativa n\u00ba 004\/2016. &nbsp; Entre os dias 09 e 25\/11, os alunos matriculados na rede&hellip; <\/p>\n","protected":false},"author":3,"featured_media":0,"comment_status":"closed","ping_status":"open","sticky":false,"template":"","format":"standard","meta":[],"categories":[9],"tags":[],"_links":{"self":[{"href":"http:\/\/www.apucarana.pr.gov.br\/ame\/wp-json\/wp\/v2\/posts\/5544"}],"collection":[{"href":"http:\/\/www.apucarana.pr.gov.br\/ame\/wp-json\/wp\/v2\/posts"}],"about":[{"href":"http:\/\/www.apucarana.pr.gov.br\/ame\/wp-json\/wp\/v2\/types\/post"}],"author":[{"embeddable":true,"href":"http:\/\/www.apucarana.pr.gov.br\/ame\/wp-json\/wp\/v2\/users\/3"}],"replies":[{"embeddable":true,"href":"http:\/\/www.apucarana.pr.gov.br\/ame\/wp-json\/wp\/v2\/comments?post=5544"}],"version-history":[{"count":1,"href":"http:\/\/www.apucarana.pr.gov.br\/ame\/wp-json\/wp\/v2\/posts\/5544\/revisions"}],"predecessor-version":[{"id":5572,"href":"http:\/\/www.apucarana.pr.gov.br\/ame\/wp-json\/wp\/v2\/posts\/5544\/revisions\/5572"}],"wp:attachment":[{"href":"http:\/\/www.apucarana.pr.gov.br\/ame\/wp-json\/wp\/v2\/media?parent=5544"}],"wp:term":[{"taxonomy":"category","embeddable":true,"href":"http:\/\/www.apucarana.pr.gov.br\/ame\/wp-json\/wp\/v2\/categories?post=5544"},{"taxonomy":"post_tag","embeddable":true,"href":"http:\/\/www.apucarana.pr.gov.br\/ame\/wp-json\/wp\/v2\/tags?post=5544"}],"curies":[{"name":"wp","href":"https:\/\/api.w.org\/{rel}","templated":true}]}}