{"id":5543,"date":"2016-11-04T18:03:09","date_gmt":"2016-11-04T20:03:09","guid":{"rendered":"http:\/\/www.apucarana.pr.gov.br\/ame\/?p=5543"},"modified":"2024-10-08T09:10:28","modified_gmt":"2024-10-08T12:10:28","slug":"escolas-municipais-recebem-novos-utensilios-de-cozinha","status":"publish","type":"post","link":"http:\/\/www.apucarana.pr.gov.br\/ame\/escolas-municipais-recebem-novos-utensilios-de-cozinha\/","title":{"rendered":"Escolas municipais recebem novos utens\u00edlios de cozinha"},"content":{"rendered":"<p>A Autarquia Municipal de Educa\u00e7\u00e3o adquiriu novos utens\u00edlios de cozinha para as 37 escolas e 23 centros de educa\u00e7\u00e3o infantil de sua rede. A entrega oficial dos produtos foi feita, na tarde de hoje (04\/11), pela secret\u00e1ria Marli Fernandes.<\/p>\n<p>Cada institui\u00e7\u00e3o de ensino ser\u00e1 beneficiada com um kit composto por descascador de laranja, cortador de legumes industrial, macho para picador de legumes, ca\u00e7arolas, colheres de mesa e sobremesa, esp\u00e1tulas, frigideiras, t\u00e1bua de corte, botij\u00e3o t\u00e9rmico, canecas e pratos em inox, descascador de legumes, garrafa t\u00e9rmica, panelas de press\u00e3o e peneira.<\/p>\n<p>O investimento total, com recursos pr\u00f3prios da educa\u00e7\u00e3o, \u00e9 da ordem de R$ 74.492,70. \u201cEsses utens\u00edlios v\u00e3o levar mais praticidade ao trabalho das merendeiras, reduzindo o tempo gasto no preparo das refei\u00e7\u00f5es,\u201d afirmou a nutricionista do Departamento de Alimenta\u00e7\u00e3o Escolar da AME, Deise Figueiredo.<\/p>\n<p>A secret\u00e1ria Marli Fernandes, por sua vez, lembra que a moderniza\u00e7\u00e3o das cozinhas escolares vem acontecendo desde 2014. \u201cN\u00f3s iniciamos com a renova\u00e7\u00e3o dos aparelhos da linha branca, trocando as geladeiras, freezers, fog\u00f5es e micro-ondas antigos das institui\u00e7\u00f5es. Depois adquirimos fornos industriais e agora estamos repassando os novos utens\u00edlios. O objetivo \u00e9 que todas as escolas e CMEIs disponham de equipamentos de qualidade e em quantidade suficiente para o bom atendimento das nossas crian\u00e7as,\u201d frisou.<\/p>\n<div class = 'socialMediaOnEveryPost'>Compartilhe<div id=\"sgmbShare1-1\" class=\"sgmbShare jssocials-theme-classic sgmbWidget1-1\"><\/div><div class=\"dropdownWrapper dropdownWrapper1 dropdownWrapper-for-widget \" id=\"dropdownWrapper-for-widget\">\r\n\t\t\t\t\t\t<div class=\"dropdownLabel\" id=\"dropdownLabel-share-list\"><span class=\"sgmbButtonListLabel1\">Share List<\/span><\/div>\r\n\t\t\t\t\t\t<div class=\"dropdownPanel dropdownPanel1-1\">\r\n\t\t\t\t\t\t<\/div>\r\n\t\t\t\t\t<\/div><script>  SGMB_URL = \"http:\/\/www.apucarana.pr.gov.br\/ame\/wp-content\/plugins\/social-media-builder\/\"; jQuery(\".dropdownWrapper\").hide(); SGMB_GOOGLE_ACOUNT = \"\"; <\/script><script type=\"text\/javascript\">\r\n\t\tjQuery(document).ready(function($){var widget = new SGMBWidget();widget.show({\"id\":\"1\",\"title\":\"Face\\\/Twitter\",\"options\":{\"currentUrl\":\"1\",\"url\":\"\",\"shareText\":\"\",\"fontSize\":\"14\",\"betweenButtons\":\"1px\",\"theme\":\"classic\",\"sgmbButtonsPosition\":\"bottomLeft\",\"socialTheme\":\"\",\"icon\":\"default\",\"buttonsPanelEffect\":\"No Effect\",\"buttonsEffect\":\"No Effect\",\"iconsEffect\":\"No Effect\",\"buttons\":\"{\\\"facebook\\\":{\\\"label\\\":\\\"Share\\\",\\\"icon\\\":\\\"default-facebook\\\"},\\\"twitter\\\":{\\\"label\\\":\\\"Tweet\\\",\\\"icon\\\":\\\"default-twitter\\\",\\\"via\\\":\\\"\\\",\\\"hashtags\\\":\\\"\\\"}}\",\"roundButton\":\"\",\"showLabels\":\"\",\"showCounts\":\"\",\"showCenter\":\"\",\"showButtonsAsList\":\"\",\"sgmbDropdownColor\":\"\",\"sgmbDropdownLabelFontSize\":\"14\",\"sgmbDropdownLabelColor\":\"\",\"showButtonsOnEveryPost\":\"on\",\"selectedOrExcluded\":\"\",\"showButtonsOnEveryPage\":\"\",\"textOnEveryPost\":\"Compartilhe\",\"showButtonsOnCustomPost\":\"\",\"textOnCustomPost\":\"\",\"showButtonsOnMobileDirect\":\"on\",\"showButtonsOnDesktopDirect\":\"on\",\"sgmbSelectedPages\":[\"\"],\"sgmbExcludedPosts\":[\"\"],\"sgmbSelectedCustomPosts\":[],\"showButtonsInPopup\":\"\",\"titleOfPopup\":\"\",\"descriptionOfPopup\":\"\",\"showPopupOnLoad\":\"\",\"showPopupOnScroll\":\"\",\"showPopupOnExit\":\"\",\"openSecondsOfPopup\":\"\",\"googleAnaliticsAccount\":\"\"},\"buttonOptions\":{\"facebook\":{\"label\":\"Share\",\"icon\":\"default-facebook\"},\"twitter\":{\"label\":\"Tweet\",\"icon\":\"default-twitter\",\"via\":\"\",\"hashtags\":\"\"}},\"button\":[\"facebook\",\"twitter\"]}, 1, '', 'http:\/\/www.apucarana.pr.gov.br\/ame\/wp-content\/plugins\/social-media-builder\/\/img\/no-image.png', '', 'http:\/\/www.apucarana.pr.gov.br\/ame\/escolas-municipais-recebem-novos-utensilios-de-cozinha\/'); });<\/script><\/div><script> jQuery(\".socialMediaOnEveryPost\").addClass(\"sgmb-left\") <\/script>","protected":false},"excerpt":{"rendered":"<p>A Autarquia Municipal de Educa\u00e7\u00e3o adquiriu novos utens\u00edlios de cozinha para as 37 escolas e 23 centros de educa\u00e7\u00e3o infantil de sua rede. A entrega oficial dos produtos foi feita, na tarde de hoje (04\/11), pela secret\u00e1ria Marli Fernandes. Cada institui\u00e7\u00e3o de ensino ser\u00e1 beneficiada com um kit composto por&hellip; <\/p>\n","protected":false},"author":3,"featured_media":0,"comment_status":"closed","ping_status":"open","sticky":false,"template":"","format":"standard","meta":[],"categories":[9],"tags":[],"_links":{"self":[{"href":"http:\/\/www.apucarana.pr.gov.br\/ame\/wp-json\/wp\/v2\/posts\/5543"}],"collection":[{"href":"http:\/\/www.apucarana.pr.gov.br\/ame\/wp-json\/wp\/v2\/posts"}],"about":[{"href":"http:\/\/www.apucarana.pr.gov.br\/ame\/wp-json\/wp\/v2\/types\/post"}],"author":[{"embeddable":true,"href":"http:\/\/www.apucarana.pr.gov.br\/ame\/wp-json\/wp\/v2\/users\/3"}],"replies":[{"embeddable":true,"href":"http:\/\/www.apucarana.pr.gov.br\/ame\/wp-json\/wp\/v2\/comments?post=5543"}],"version-history":[{"count":1,"href":"http:\/\/www.apucarana.pr.gov.br\/ame\/wp-json\/wp\/v2\/posts\/5543\/revisions"}],"predecessor-version":[{"id":5573,"href":"http:\/\/www.apucarana.pr.gov.br\/ame\/wp-json\/wp\/v2\/posts\/5543\/revisions\/5573"}],"wp:attachment":[{"href":"http:\/\/www.apucarana.pr.gov.br\/ame\/wp-json\/wp\/v2\/media?parent=5543"}],"wp:term":[{"taxonomy":"category","embeddable":true,"href":"http:\/\/www.apucarana.pr.gov.br\/ame\/wp-json\/wp\/v2\/categories?post=5543"},{"taxonomy":"post_tag","embeddable":true,"href":"http:\/\/www.apucarana.pr.gov.br\/ame\/wp-json\/wp\/v2\/tags?post=5543"}],"curies":[{"name":"wp","href":"https:\/\/api.w.org\/{rel}","templated":true}]}}