{"id":5541,"date":"2016-11-03T17:13:30","date_gmt":"2016-11-03T19:13:30","guid":{"rendered":"http:\/\/www.apucarana.pr.gov.br\/ame\/?p=5541"},"modified":"2024-10-08T09:10:28","modified_gmt":"2024-10-08T12:10:28","slug":"sindicato-rural-homenageia-alunos-que-foram-destaques-em-concurso","status":"publish","type":"post","link":"http:\/\/www.apucarana.pr.gov.br\/ame\/sindicato-rural-homenageia-alunos-que-foram-destaques-em-concurso\/","title":{"rendered":"Sindicato Rural homenageia alunos que foram destaques em concurso"},"content":{"rendered":"<p>Tr\u00eas alunos da rede municipal de ensino foram homenageados, na manh\u00e3 de hoje (03\/11), pelo Sindicato Rural Patronal de Apucarana. Eles s\u00e3o vencedores de um concurso de desenho e reda\u00e7\u00e3o, promovido pelo Servi\u00e7o de Aprendizagem Rural (Senar-PR), por meio do Programa Agrinho.<\/p>\n<p>O evento foi realizado no sal\u00e3o nobre da prefeitura e contou com a presen\u00e7a da secret\u00e1ria de educa\u00e7\u00e3o Professora Marli Fernandes, do secret\u00e1rio de governo Pastor Othoniel Gon\u00e7alves, do superintendente de rela\u00e7\u00f5es com a comunidade La\u00e9rcio de Moraes, do presidente do Sindicato Rural Patronal Mirinho Mois\u00e9s e do gerente regional da Emater Geraldo Maroneze.<\/p>\n<p>A reda\u00e7\u00e3o do aluno H\u00edcaro Fernando da Silva, do 2\u00ba ano, da Escola Augusto Weyand, foi eleita como o melhor texto em n\u00edvel estadual inscrito no Programa Agrinho. J\u00e1 o desenho de Samuel de Paula Azevedo e Silva, do 1\u00ba ano, da Escola Padre Antonio Vieira, e a reda\u00e7\u00e3o da aluna J\u00e9ssica Aparecida da Silva, do 5\u00ba ano, da Escola Jos\u00e9 Brazil Carmargo ficaram em primeiro lugar na Regional de Londrina.<\/p>\n<p>Recentemente os estudantes j\u00e1 foram a Curitiba receber suas premia\u00e7\u00f5es. \u201cMas o Sindicato Rural faz quest\u00e3o de tamb\u00e9m enaltecer a importante conquista dos alunos apucaranenses. Cerca de 6.500 crian\u00e7as de todo o estado inscreveram seus trabalhos no Agrinho e a nossa cidade conquistou tr\u00eas destaques,\u201d explicou Mirinho Mois\u00e9s.<\/p>\n<p>O Sindicato Rural Patronal presenteou as crian\u00e7as com livrinhos de literatura infantil, enquanto que a Autarquia Municipal de Educa\u00e7\u00e3o os contemplou com kits compostos de alfabetos pedag\u00f3gicos e outros itens educativos.<\/p>\n<p>Esse ano, o tema desenvolvido pelo Programa Agrinho foi: as coisas que ligam o campo e a cidade e nosso papel para melhorar o mundo. \u201cMais importante que os pr\u00eamios s\u00e3o os conhecimentos adquiridos pelas crian\u00e7as. Por meio do Programa Agrinho, elas conseguem vislumbrar a trajet\u00f3ria que os alimentos fazem desde a planta\u00e7\u00e3o at\u00e9 a nossa mesa e aprendem a valorizar as atividades do campo,\u201d afirmou professora Marli.<\/p>\n<p>Devido a um compromisso fora da cidade, o prefeito Beto Preto n\u00e3o pode estar presente na homenagem. Entretanto, ele enviou suas felicita\u00e7\u00f5es aos alunos por meio do secret\u00e1rio municipal de governo, Pastor Othoniel Gon\u00e7alves. \u201cS\u00f3 tenho a agradecer pelo empenho das diretoras, das professoras e, sobretudo, dos alunos que produziram bons trabalhos\u201d, disse.<\/p>\n<p>Bot\u00f5es de rosa tamb\u00e9m foram distribu\u00eddos \u00e0s diretoras Telma Cielsiski, Miriam Montanholi e Lucinete Bertasso; e \u00e0s professoras \u00c2ngela Torresan, Gracilene Moreno e Carine Severiano, como forma de agradecimento pelos seus esfor\u00e7os na orienta\u00e7\u00e3o dos alunos.<\/p>\n<div class = 'socialMediaOnEveryPost'>Compartilhe<div id=\"sgmbShare1-1\" class=\"sgmbShare jssocials-theme-classic sgmbWidget1-1\"><\/div><div class=\"dropdownWrapper dropdownWrapper1 dropdownWrapper-for-widget \" id=\"dropdownWrapper-for-widget\">\r\n\t\t\t\t\t\t<div class=\"dropdownLabel\" id=\"dropdownLabel-share-list\"><span class=\"sgmbButtonListLabel1\">Share List<\/span><\/div>\r\n\t\t\t\t\t\t<div class=\"dropdownPanel dropdownPanel1-1\">\r\n\t\t\t\t\t\t<\/div>\r\n\t\t\t\t\t<\/div><script>  SGMB_URL = \"http:\/\/www.apucarana.pr.gov.br\/ame\/wp-content\/plugins\/social-media-builder\/\"; jQuery(\".dropdownWrapper\").hide(); SGMB_GOOGLE_ACOUNT = \"\"; <\/script><script type=\"text\/javascript\">\r\n\t\tjQuery(document).ready(function($){var widget = new SGMBWidget();widget.show({\"id\":\"1\",\"title\":\"Face\\\/Twitter\",\"options\":{\"currentUrl\":\"1\",\"url\":\"\",\"shareText\":\"\",\"fontSize\":\"14\",\"betweenButtons\":\"1px\",\"theme\":\"classic\",\"sgmbButtonsPosition\":\"bottomLeft\",\"socialTheme\":\"\",\"icon\":\"default\",\"buttonsPanelEffect\":\"No Effect\",\"buttonsEffect\":\"No Effect\",\"iconsEffect\":\"No Effect\",\"buttons\":\"{\\\"facebook\\\":{\\\"label\\\":\\\"Share\\\",\\\"icon\\\":\\\"default-facebook\\\"},\\\"twitter\\\":{\\\"label\\\":\\\"Tweet\\\",\\\"icon\\\":\\\"default-twitter\\\",\\\"via\\\":\\\"\\\",\\\"hashtags\\\":\\\"\\\"}}\",\"roundButton\":\"\",\"showLabels\":\"\",\"showCounts\":\"\",\"showCenter\":\"\",\"showButtonsAsList\":\"\",\"sgmbDropdownColor\":\"\",\"sgmbDropdownLabelFontSize\":\"14\",\"sgmbDropdownLabelColor\":\"\",\"showButtonsOnEveryPost\":\"on\",\"selectedOrExcluded\":\"\",\"showButtonsOnEveryPage\":\"\",\"textOnEveryPost\":\"Compartilhe\",\"showButtonsOnCustomPost\":\"\",\"textOnCustomPost\":\"\",\"showButtonsOnMobileDirect\":\"on\",\"showButtonsOnDesktopDirect\":\"on\",\"sgmbSelectedPages\":[\"\"],\"sgmbExcludedPosts\":[\"\"],\"sgmbSelectedCustomPosts\":[],\"showButtonsInPopup\":\"\",\"titleOfPopup\":\"\",\"descriptionOfPopup\":\"\",\"showPopupOnLoad\":\"\",\"showPopupOnScroll\":\"\",\"showPopupOnExit\":\"\",\"openSecondsOfPopup\":\"\",\"googleAnaliticsAccount\":\"\"},\"buttonOptions\":{\"facebook\":{\"label\":\"Share\",\"icon\":\"default-facebook\"},\"twitter\":{\"label\":\"Tweet\",\"icon\":\"default-twitter\",\"via\":\"\",\"hashtags\":\"\"}},\"button\":[\"facebook\",\"twitter\"]}, 1, '', 'http:\/\/www.apucarana.pr.gov.br\/ame\/wp-content\/plugins\/social-media-builder\/\/img\/no-image.png', '', 'http:\/\/www.apucarana.pr.gov.br\/ame\/sindicato-rural-homenageia-alunos-que-foram-destaques-em-concurso\/'); });<\/script><\/div><script> jQuery(\".socialMediaOnEveryPost\").addClass(\"sgmb-left\") <\/script>","protected":false},"excerpt":{"rendered":"<p>Tr\u00eas alunos da rede municipal de ensino foram homenageados, na manh\u00e3 de hoje (03\/11), pelo Sindicato Rural Patronal de Apucarana. Eles s\u00e3o vencedores de um concurso de desenho e reda\u00e7\u00e3o, promovido pelo Servi\u00e7o de Aprendizagem Rural (Senar-PR), por meio do Programa Agrinho. O evento foi realizado no sal\u00e3o nobre da&hellip; <\/p>\n","protected":false},"author":3,"featured_media":0,"comment_status":"closed","ping_status":"open","sticky":false,"template":"","format":"standard","meta":[],"categories":[9],"tags":[],"_links":{"self":[{"href":"http:\/\/www.apucarana.pr.gov.br\/ame\/wp-json\/wp\/v2\/posts\/5541"}],"collection":[{"href":"http:\/\/www.apucarana.pr.gov.br\/ame\/wp-json\/wp\/v2\/posts"}],"about":[{"href":"http:\/\/www.apucarana.pr.gov.br\/ame\/wp-json\/wp\/v2\/types\/post"}],"author":[{"embeddable":true,"href":"http:\/\/www.apucarana.pr.gov.br\/ame\/wp-json\/wp\/v2\/users\/3"}],"replies":[{"embeddable":true,"href":"http:\/\/www.apucarana.pr.gov.br\/ame\/wp-json\/wp\/v2\/comments?post=5541"}],"version-history":[{"count":1,"href":"http:\/\/www.apucarana.pr.gov.br\/ame\/wp-json\/wp\/v2\/posts\/5541\/revisions"}],"predecessor-version":[{"id":5575,"href":"http:\/\/www.apucarana.pr.gov.br\/ame\/wp-json\/wp\/v2\/posts\/5541\/revisions\/5575"}],"wp:attachment":[{"href":"http:\/\/www.apucarana.pr.gov.br\/ame\/wp-json\/wp\/v2\/media?parent=5541"}],"wp:term":[{"taxonomy":"category","embeddable":true,"href":"http:\/\/www.apucarana.pr.gov.br\/ame\/wp-json\/wp\/v2\/categories?post=5541"},{"taxonomy":"post_tag","embeddable":true,"href":"http:\/\/www.apucarana.pr.gov.br\/ame\/wp-json\/wp\/v2\/tags?post=5541"}],"curies":[{"name":"wp","href":"https:\/\/api.w.org\/{rel}","templated":true}]}}