{"id":5539,"date":"2016-10-28T17:30:29","date_gmt":"2016-10-28T19:30:29","guid":{"rendered":"http:\/\/www.apucarana.pr.gov.br\/ame\/?p=5539"},"modified":"2024-10-08T09:10:28","modified_gmt":"2024-10-08T12:10:28","slug":"beto-preto-participa-de-evento-comemorativo-ao-dia-do-servidor","status":"publish","type":"post","link":"http:\/\/www.apucarana.pr.gov.br\/ame\/beto-preto-participa-de-evento-comemorativo-ao-dia-do-servidor\/","title":{"rendered":"Beto Preto participa de evento comemorativo ao Dia do Servidor"},"content":{"rendered":"<p>A Autarquia Municipal de Educa\u00e7\u00e3o realizou ontem (27\/10) uma noite de celebra\u00e7\u00e3o voltada aos funcion\u00e1rios da sua rede de ensino. As atividades foram alusivas ao Dia do Professor (15 de Outubro) e ao Dia do Servidor P\u00fablico (28 de Outubro).<\/p>\n<p>Cerca de 1.300 pessoas compareceram ao Clube de Campo \u00c1gua Azul, onde foram contempladas com um delicioso jantar, m\u00fasicas da melhor qualidade, homenagens e sorteio de brindes.<\/p>\n<p>\u201cA AME conta atualmente com 1464 servidores, sendo 693 s\u00e3o docentes. \u00c9 dif\u00edcil termos a oportunidade ao longo do ano letivo de encontrar cada zeladora, merendeira, secret\u00e1rio, professor ou motorista do transporte escolar para dar um abra\u00e7o e agradecer por sua dedica\u00e7\u00e3o aos nossos alunos. A festa de hoje (ontem) tem esse objetivo,\u201d afirmou a secret\u00e1ria de educa\u00e7\u00e3o Marli Fernandes.<\/p>\n<p>O comprometimento e o profissionalismo dos servidores da educa\u00e7\u00e3o tamb\u00e9m foram enaltecidos pelo prefeito Beto Preto, que participou do evento acompanhado de seu vice J\u00fanior da Femac.<\/p>\n<p>\u201cN\u00f3s estamos terminando o nosso quarto ano de mandato e temos a Educa\u00e7\u00e3o como um dos setores exitosos da administra\u00e7\u00e3o. Se os alunos da rede municipal conquistaram importantes resultados, como mais de setecentas medalhas na Olimp\u00edada Brasileira de Astronomia, tr\u00eas pr\u00eamios no Programa Agrinho e nota 7,0 no \u00cdndice de Desenvolvimento da Educa\u00e7\u00e3o B\u00e1sica, isso \u00e9 fruto do trabalho dos nossos servidores que est\u00e3o fazendo a diferen\u00e7a,\u201d disse.<\/p>\n<p>Ele ainda agradeceu a confian\u00e7a dos educadores e garantiu a continuidade dos investimentos na rede municipal de ensino. \u201cObrigado por voc\u00eas acreditarem no nosso projeto e serem nossos parceiros. No pr\u00f3ximo mandato, n\u00f3s continuaremos com as reformas dos pr\u00e9dios escolares, a aquisi\u00e7\u00e3o de recursos pedag\u00f3gicos modernos para os nossos professores e a distribui\u00e7\u00e3o de materiais e uniformes escolares de qualidade para todas as crian\u00e7as. Pois a educa\u00e7\u00e3o n\u00e3o pode parar,\u201d assegurou.<\/p>\n<p>Professora Marli Fernandes tamb\u00e9m fez quest\u00e3o de agradecer aos demais aliados da rede municipal de ensino. \u201cNosso muito obrigado \u00e0s outras secretarias da administra\u00e7\u00e3o que est\u00e3o sempre dispostas a colaborar com a educa\u00e7\u00e3o, \u00e0 c\u00e2mara de vereadores e a todas as empresas e entidades parceiras dos nossos projetos pedag\u00f3gicos,\u201d reconheceu.<\/p>\n<p><strong>New England English Course &#8211;<\/strong> A Autarquia Municipal de Educa\u00e7\u00e3o tamb\u00e9m entregou na noite de ontem (27\/10) certificados para 25 professores que conclu\u00edram a forma\u00e7\u00e3o continuada New England English Course.<\/p>\n<p>O ensino da l\u00edngua inglesa faz parte do curr\u00edculo escolar da rede municipal de ensino desde 2014. As aulas acontecem duas vezes por semana, da Educa\u00e7\u00e3o Infantil ao 5\u00ba ano do Ensino Fundamental.<\/p>\n<p>Para garantir a profici\u00eancia dos docentes da disciplina, a AME oferta cursos de forma\u00e7\u00e3o continuada regularmente. A \u00faltima edi\u00e7\u00e3o do New England English Course foi ministrada pela coordenadora pedag\u00f3gica Lourdes Spaciari, no per\u00edodo de 12 de abril a 23 de agosto, e teve dura\u00e7\u00e3o de 40 horas.<\/p>\n<div class = 'socialMediaOnEveryPost'>Compartilhe<div id=\"sgmbShare1-1\" class=\"sgmbShare jssocials-theme-classic sgmbWidget1-1\"><\/div><div class=\"dropdownWrapper dropdownWrapper1 dropdownWrapper-for-widget \" id=\"dropdownWrapper-for-widget\">\r\n\t\t\t\t\t\t<div class=\"dropdownLabel\" id=\"dropdownLabel-share-list\"><span class=\"sgmbButtonListLabel1\">Share List<\/span><\/div>\r\n\t\t\t\t\t\t<div class=\"dropdownPanel dropdownPanel1-1\">\r\n\t\t\t\t\t\t<\/div>\r\n\t\t\t\t\t<\/div><script>  SGMB_URL = \"http:\/\/www.apucarana.pr.gov.br\/ame\/wp-content\/plugins\/social-media-builder\/\"; jQuery(\".dropdownWrapper\").hide(); SGMB_GOOGLE_ACOUNT = \"\"; <\/script><script type=\"text\/javascript\">\r\n\t\tjQuery(document).ready(function($){var widget = new SGMBWidget();widget.show({\"id\":\"1\",\"title\":\"Face\\\/Twitter\",\"options\":{\"currentUrl\":\"1\",\"url\":\"\",\"shareText\":\"\",\"fontSize\":\"14\",\"betweenButtons\":\"1px\",\"theme\":\"classic\",\"sgmbButtonsPosition\":\"bottomLeft\",\"socialTheme\":\"\",\"icon\":\"default\",\"buttonsPanelEffect\":\"No Effect\",\"buttonsEffect\":\"No Effect\",\"iconsEffect\":\"No Effect\",\"buttons\":\"{\\\"facebook\\\":{\\\"label\\\":\\\"Share\\\",\\\"icon\\\":\\\"default-facebook\\\"},\\\"twitter\\\":{\\\"label\\\":\\\"Tweet\\\",\\\"icon\\\":\\\"default-twitter\\\",\\\"via\\\":\\\"\\\",\\\"hashtags\\\":\\\"\\\"}}\",\"roundButton\":\"\",\"showLabels\":\"\",\"showCounts\":\"\",\"showCenter\":\"\",\"showButtonsAsList\":\"\",\"sgmbDropdownColor\":\"\",\"sgmbDropdownLabelFontSize\":\"14\",\"sgmbDropdownLabelColor\":\"\",\"showButtonsOnEveryPost\":\"on\",\"selectedOrExcluded\":\"\",\"showButtonsOnEveryPage\":\"\",\"textOnEveryPost\":\"Compartilhe\",\"showButtonsOnCustomPost\":\"\",\"textOnCustomPost\":\"\",\"showButtonsOnMobileDirect\":\"on\",\"showButtonsOnDesktopDirect\":\"on\",\"sgmbSelectedPages\":[\"\"],\"sgmbExcludedPosts\":[\"\"],\"sgmbSelectedCustomPosts\":[],\"showButtonsInPopup\":\"\",\"titleOfPopup\":\"\",\"descriptionOfPopup\":\"\",\"showPopupOnLoad\":\"\",\"showPopupOnScroll\":\"\",\"showPopupOnExit\":\"\",\"openSecondsOfPopup\":\"\",\"googleAnaliticsAccount\":\"\"},\"buttonOptions\":{\"facebook\":{\"label\":\"Share\",\"icon\":\"default-facebook\"},\"twitter\":{\"label\":\"Tweet\",\"icon\":\"default-twitter\",\"via\":\"\",\"hashtags\":\"\"}},\"button\":[\"facebook\",\"twitter\"]}, 1, '', 'http:\/\/www.apucarana.pr.gov.br\/ame\/wp-content\/plugins\/social-media-builder\/\/img\/no-image.png', '', 'http:\/\/www.apucarana.pr.gov.br\/ame\/beto-preto-participa-de-evento-comemorativo-ao-dia-do-servidor\/'); });<\/script><\/div><script> jQuery(\".socialMediaOnEveryPost\").addClass(\"sgmb-left\") <\/script>","protected":false},"excerpt":{"rendered":"<p>A Autarquia Municipal de Educa\u00e7\u00e3o realizou ontem (27\/10) uma noite de celebra\u00e7\u00e3o voltada aos funcion\u00e1rios da sua rede de ensino. As atividades foram alusivas ao Dia do Professor (15 de Outubro) e ao Dia do Servidor P\u00fablico (28 de Outubro). Cerca de 1.300 pessoas compareceram ao Clube de Campo \u00c1gua&hellip; <\/p>\n","protected":false},"author":3,"featured_media":0,"comment_status":"closed","ping_status":"open","sticky":false,"template":"","format":"standard","meta":[],"categories":[9],"tags":[],"_links":{"self":[{"href":"http:\/\/www.apucarana.pr.gov.br\/ame\/wp-json\/wp\/v2\/posts\/5539"}],"collection":[{"href":"http:\/\/www.apucarana.pr.gov.br\/ame\/wp-json\/wp\/v2\/posts"}],"about":[{"href":"http:\/\/www.apucarana.pr.gov.br\/ame\/wp-json\/wp\/v2\/types\/post"}],"author":[{"embeddable":true,"href":"http:\/\/www.apucarana.pr.gov.br\/ame\/wp-json\/wp\/v2\/users\/3"}],"replies":[{"embeddable":true,"href":"http:\/\/www.apucarana.pr.gov.br\/ame\/wp-json\/wp\/v2\/comments?post=5539"}],"version-history":[{"count":1,"href":"http:\/\/www.apucarana.pr.gov.br\/ame\/wp-json\/wp\/v2\/posts\/5539\/revisions"}],"predecessor-version":[{"id":5577,"href":"http:\/\/www.apucarana.pr.gov.br\/ame\/wp-json\/wp\/v2\/posts\/5539\/revisions\/5577"}],"wp:attachment":[{"href":"http:\/\/www.apucarana.pr.gov.br\/ame\/wp-json\/wp\/v2\/media?parent=5539"}],"wp:term":[{"taxonomy":"category","embeddable":true,"href":"http:\/\/www.apucarana.pr.gov.br\/ame\/wp-json\/wp\/v2\/categories?post=5539"},{"taxonomy":"post_tag","embeddable":true,"href":"http:\/\/www.apucarana.pr.gov.br\/ame\/wp-json\/wp\/v2\/tags?post=5539"}],"curies":[{"name":"wp","href":"https:\/\/api.w.org\/{rel}","templated":true}]}}