{"id":5538,"date":"2016-10-28T15:01:48","date_gmt":"2016-10-28T17:01:48","guid":{"rendered":"http:\/\/www.apucarana.pr.gov.br\/ame\/?p=5538"},"modified":"2024-10-08T09:10:28","modified_gmt":"2024-10-08T12:10:28","slug":"criancas-encantam-magistrados-em-simulacao-de-juri","status":"publish","type":"post","link":"http:\/\/www.apucarana.pr.gov.br\/ame\/criancas-encantam-magistrados-em-simulacao-de-juri\/","title":{"rendered":"Crian\u00e7as encantam magistrados em simula\u00e7\u00e3o de j\u00fari"},"content":{"rendered":"<p>Os alunos do 5\u00ba ano da Escola Municipal Jo\u00e3o Antonio Braga C\u00f4rtes, na Vila Formosa, encantaram ju\u00edzes, promotores, defensores p\u00fablicos e advogados, na tarde de ontem (27\/10), durante a apresenta\u00e7\u00e3o de um j\u00fari simulado nas depend\u00eancias do F\u00f3rum Estadual Desembargador Clot\u00e1rio Portugal.<\/p>\n<p>A atividade representou o \u00e1pice do projeto \u201cCidadania e Justi\u00e7a tamb\u00e9m se aprendem na escola\u201d, que foi desenvolvido, nos meses de setembro e outubro, nas 37 escolas da rede municipal de ensino, por meio de parceria entre a Secretaria de Educa\u00e7\u00e3o e o Tribunal de Justi\u00e7a do Paran\u00e1.<\/p>\n<p>Vestidos com fardas e togas de acordo com o personagem que representavam, os alunos simularam o julgamento de um crime ambiental. A discuss\u00e3o girou em torno do descarte irregular de refugo de tecidos, por parte de uma f\u00e1brica de bon\u00e9s, no Parque Ecol\u00f3gico da Raposa.<\/p>\n<p>\u201cAs crian\u00e7as se empenharam tanto na constru\u00e7\u00e3o dos argumentos que, ao final, at\u00e9 foi dif\u00edcil decidir se o r\u00e9u deveria ser condenado ou n\u00e3o,\u201d afirmou a diretora da Escola Municipal Jo\u00e3o Antonio Braga C\u00f4rtes, professora Edna Mansano.<\/p>\n<p>Ela acrescentou que o projeto \u201cCidadania e Justi\u00e7a tamb\u00e9m se aprendem na escola\u201d ampliou significativamente os conhecimentos dos alunos. \u201cAntes eles achavam que apenas o roubo e o assassinato eram pass\u00edveis de julgamento. Mas ap\u00f3s as aulas, que usavam uma cartilha de leitura bastante agrad\u00e1vel, eles puderam aprender que existem muitos outros tipos de crimes, como os ambientais, econ\u00f4micos, trabalhistas, virtuais, etc.\u201d detalhou.<\/p>\n<p>Os horizontes dos alunos tamb\u00e9m foram alargados em rela\u00e7\u00e3o \u00e0s suas possibilidades profissionais. \u201cSe a gente estudar e se dedicar bastante, poderemos nos tornar advogados, promotores e at\u00e9 ju\u00edzes no futuro,\u201d vislumbrou a estudante Gabrielly Muniz.<\/p>\n<p>Doutora Carolline de Castro Carrijo, ju\u00edza da Vara da Inf\u00e2ncia e da Adolesc\u00eancia, parabenizou aos alunos e docentes envolvidos no projeto. \u201cN\u00f3s ficamos encantados com a forma com que essas crian\u00e7as desempenharam seus pap\u00e9is. Foram descobertos talentos. O m\u00e9rito \u00e9 principalmente dos professores, que souberam tirar o m\u00e1ximo proveito da cartilha enviada pelo Tribunal de Justi\u00e7a do Paran\u00e1,\u201d disse.<\/p>\n<p>Al\u00e9m dela, tamb\u00e9m assistiram \u00e0 simula\u00e7\u00e3o de julgamento os ju\u00edzes Oswaldo Soares Neto, Jos\u00e9 Roberto Silv\u00e9rio e Ornela Castanho, o promotor Fabr\u00edcio Drumond Monteiro e as defensoras p\u00fablicas Renata Miranda Duarte e Maisa Dias Pimenta.<\/p>\n<p>A secret\u00e1ria de educa\u00e7\u00e3o, professora Marli Fernandes, agradeceu a parceria firmada com o Tribunal de Justi\u00e7a do Paran\u00e1 atrav\u00e9s do F\u00f3rum Desembargador Clot\u00e1rio Portugal. \u201cMuito obrigada por voc\u00eas idealizarem e disponibilizarem esse projeto t\u00e3o importante aos alunos da rede municipal. O nosso objetivo foi atingido, pois as crian\u00e7as aprenderam no\u00e7\u00f5es b\u00e1sicas de \u00e9tica, direitos e deveres,\u201d assegurou.<\/p>\n<p>Os estudantes das demais escolas municipais participantes do projeto \u201cCidadania e Justi\u00e7a tamb\u00e9m se aprendem na escola\u201d apresentaram suas simula\u00e7\u00f5es de julgamento, teatros e exposi\u00e7\u00f5es de cartazes ao longo da semana nas pr\u00f3prias institui\u00e7\u00f5es de ensino.<\/p>\n<div class = 'socialMediaOnEveryPost'>Compartilhe<div id=\"sgmbShare1-1\" class=\"sgmbShare jssocials-theme-classic sgmbWidget1-1\"><\/div><div class=\"dropdownWrapper dropdownWrapper1 dropdownWrapper-for-widget \" id=\"dropdownWrapper-for-widget\">\r\n\t\t\t\t\t\t<div class=\"dropdownLabel\" id=\"dropdownLabel-share-list\"><span class=\"sgmbButtonListLabel1\">Share List<\/span><\/div>\r\n\t\t\t\t\t\t<div class=\"dropdownPanel dropdownPanel1-1\">\r\n\t\t\t\t\t\t<\/div>\r\n\t\t\t\t\t<\/div><script>  SGMB_URL = \"http:\/\/www.apucarana.pr.gov.br\/ame\/wp-content\/plugins\/social-media-builder\/\"; jQuery(\".dropdownWrapper\").hide(); SGMB_GOOGLE_ACOUNT = \"\"; <\/script><script type=\"text\/javascript\">\r\n\t\tjQuery(document).ready(function($){var widget = new SGMBWidget();widget.show({\"id\":\"1\",\"title\":\"Face\\\/Twitter\",\"options\":{\"currentUrl\":\"1\",\"url\":\"\",\"shareText\":\"\",\"fontSize\":\"14\",\"betweenButtons\":\"1px\",\"theme\":\"classic\",\"sgmbButtonsPosition\":\"bottomLeft\",\"socialTheme\":\"\",\"icon\":\"default\",\"buttonsPanelEffect\":\"No Effect\",\"buttonsEffect\":\"No Effect\",\"iconsEffect\":\"No Effect\",\"buttons\":\"{\\\"facebook\\\":{\\\"label\\\":\\\"Share\\\",\\\"icon\\\":\\\"default-facebook\\\"},\\\"twitter\\\":{\\\"label\\\":\\\"Tweet\\\",\\\"icon\\\":\\\"default-twitter\\\",\\\"via\\\":\\\"\\\",\\\"hashtags\\\":\\\"\\\"}}\",\"roundButton\":\"\",\"showLabels\":\"\",\"showCounts\":\"\",\"showCenter\":\"\",\"showButtonsAsList\":\"\",\"sgmbDropdownColor\":\"\",\"sgmbDropdownLabelFontSize\":\"14\",\"sgmbDropdownLabelColor\":\"\",\"showButtonsOnEveryPost\":\"on\",\"selectedOrExcluded\":\"\",\"showButtonsOnEveryPage\":\"\",\"textOnEveryPost\":\"Compartilhe\",\"showButtonsOnCustomPost\":\"\",\"textOnCustomPost\":\"\",\"showButtonsOnMobileDirect\":\"on\",\"showButtonsOnDesktopDirect\":\"on\",\"sgmbSelectedPages\":[\"\"],\"sgmbExcludedPosts\":[\"\"],\"sgmbSelectedCustomPosts\":[],\"showButtonsInPopup\":\"\",\"titleOfPopup\":\"\",\"descriptionOfPopup\":\"\",\"showPopupOnLoad\":\"\",\"showPopupOnScroll\":\"\",\"showPopupOnExit\":\"\",\"openSecondsOfPopup\":\"\",\"googleAnaliticsAccount\":\"\"},\"buttonOptions\":{\"facebook\":{\"label\":\"Share\",\"icon\":\"default-facebook\"},\"twitter\":{\"label\":\"Tweet\",\"icon\":\"default-twitter\",\"via\":\"\",\"hashtags\":\"\"}},\"button\":[\"facebook\",\"twitter\"]}, 1, '', 'http:\/\/www.apucarana.pr.gov.br\/ame\/wp-content\/plugins\/social-media-builder\/\/img\/no-image.png', '', 'http:\/\/www.apucarana.pr.gov.br\/ame\/criancas-encantam-magistrados-em-simulacao-de-juri\/'); });<\/script><\/div><script> jQuery(\".socialMediaOnEveryPost\").addClass(\"sgmb-left\") <\/script>","protected":false},"excerpt":{"rendered":"<p>Os alunos do 5\u00ba ano da Escola Municipal Jo\u00e3o Antonio Braga C\u00f4rtes, na Vila Formosa, encantaram ju\u00edzes, promotores, defensores p\u00fablicos e advogados, na tarde de ontem (27\/10), durante a apresenta\u00e7\u00e3o de um j\u00fari simulado nas depend\u00eancias do F\u00f3rum Estadual Desembargador Clot\u00e1rio Portugal. A atividade representou o \u00e1pice do projeto \u201cCidadania&hellip; <\/p>\n","protected":false},"author":3,"featured_media":0,"comment_status":"closed","ping_status":"open","sticky":false,"template":"","format":"standard","meta":[],"categories":[9],"tags":[],"_links":{"self":[{"href":"http:\/\/www.apucarana.pr.gov.br\/ame\/wp-json\/wp\/v2\/posts\/5538"}],"collection":[{"href":"http:\/\/www.apucarana.pr.gov.br\/ame\/wp-json\/wp\/v2\/posts"}],"about":[{"href":"http:\/\/www.apucarana.pr.gov.br\/ame\/wp-json\/wp\/v2\/types\/post"}],"author":[{"embeddable":true,"href":"http:\/\/www.apucarana.pr.gov.br\/ame\/wp-json\/wp\/v2\/users\/3"}],"replies":[{"embeddable":true,"href":"http:\/\/www.apucarana.pr.gov.br\/ame\/wp-json\/wp\/v2\/comments?post=5538"}],"version-history":[{"count":1,"href":"http:\/\/www.apucarana.pr.gov.br\/ame\/wp-json\/wp\/v2\/posts\/5538\/revisions"}],"predecessor-version":[{"id":5578,"href":"http:\/\/www.apucarana.pr.gov.br\/ame\/wp-json\/wp\/v2\/posts\/5538\/revisions\/5578"}],"wp:attachment":[{"href":"http:\/\/www.apucarana.pr.gov.br\/ame\/wp-json\/wp\/v2\/media?parent=5538"}],"wp:term":[{"taxonomy":"category","embeddable":true,"href":"http:\/\/www.apucarana.pr.gov.br\/ame\/wp-json\/wp\/v2\/categories?post=5538"},{"taxonomy":"post_tag","embeddable":true,"href":"http:\/\/www.apucarana.pr.gov.br\/ame\/wp-json\/wp\/v2\/tags?post=5538"}],"curies":[{"name":"wp","href":"https:\/\/api.w.org\/{rel}","templated":true}]}}