{"id":5536,"date":"2016-10-26T16:58:07","date_gmt":"2016-10-26T18:58:07","guid":{"rendered":"http:\/\/www.apucarana.pr.gov.br\/ame\/?p=5536"},"modified":"2024-10-08T09:10:28","modified_gmt":"2024-10-08T12:10:28","slug":"jocas-conhece-campeoes-coletivos-ate-sexta-feira-apucarana","status":"publish","type":"post","link":"http:\/\/www.apucarana.pr.gov.br\/ame\/jocas-conhece-campeoes-coletivos-ate-sexta-feira-apucarana\/","title":{"rendered":"\u201cJOCAS\u201d conhece campe\u00f5es coletivos at\u00e9 sexta-feira Apucarana"},"content":{"rendered":"<p>Encerra nesta sexta-feira (28\/10), mais uma edi\u00e7\u00e3o dos JOCAS \u2013 Jogos das Crian\u00e7as -das escolas municipais de Apucarana. A secret\u00e1ria de Esportes e Lazer, professora Jossuela Martins Pirelli Pinheiro, lembra que esta \u00e9 a quarta edi\u00e7\u00e3o consecutiva da competi\u00e7\u00e3o idealizada pela Prefeitura de Apucarana. A primeira modalidade a ter o encerramento foi a de xadrez. \u201cAgora vamos conhecer os campe\u00f5es nas modalidades coletivas &#8211; V\u00f4lei Gigante, Mini-handebol e Bola Queimada\u201d, informa a secret\u00e1ria. As disputas do Voleibol Gigante ser\u00e3o nesta quarta-feira (26\/10), as do mini-handebol na quinta-feira (27\/10) e da bola queimada na sexta-feira (28\/10) * (ver programa\u00e7\u00e3o nas imagens em anexo).<\/p>\n<p>O principal objetivo dos JOCAS \u00e9 incentivar desde cedo o gosto pelos esportes entre os estudantes. \u201cN\u00f3s estamos fazendo um trabalho de base nas escolas em v\u00e1rias modalidades esportivas. Aquelas crian\u00e7as que se destacarem futuramente poder\u00e3o defender o munic\u00edpio em competi\u00e7\u00f5es regionais, estaduais e at\u00e9 nacionais. Em quatro anos de edi\u00e7\u00e3o, in\u00fameros talentos est\u00e3o surgindo\u201d, afirmou Jossuela.<\/p>\n<p>A Autarquia Municipal de Educa\u00e7\u00e3o \u00e9 parceira dos JOCAS. Para a secret\u00e1ria da pasta, professora Marli Fernandes, as competi\u00e7\u00f5es s\u00e3o relevantes e contribuem com a forma\u00e7\u00e3o integral dos alunos. \u201cOs jogos s\u00e3o momentos de recrea\u00e7\u00e3o, mas tamb\u00e9m de oportunidade das crian\u00e7as aprenderem valores como a solidariedade, o companheirismo, o trabalho em equipe e o esp\u00edrito esportivo. Afinal, a educa\u00e7\u00e3o f\u00edsica \u00e9 uma atividade que desenvolve tanto o corpo como a mente\u201d, esclareceu professora Marli.<\/p>\n<p>O prefeito Beto Preto lembra que \u201cpromover o interesse das crian\u00e7as para a pr\u00e1tica esportiva \u00e9 um importante caminho para a uma vida mais saud\u00e1vel\u201d.\u00a0 \u201cNesta edi\u00e7\u00e3o os JOCAS est\u00e3o sendo disputados por mais de 1.300 alunos da nossa rede de ensino. A cada edi\u00e7\u00e3o descobrimos que n\u00f3s podemos fazer ainda mais pelas nossas crian\u00e7as e por isto o nosso compromisso de melhorar a cada ano. Vamos em frente\u201d, concluiu o prefeito.<\/p>\n<p>Campe\u00f5es do Xadrez<\/p>\n<p>Categoria masculina:<br \/>\nPos.\u00a0\u00a0 \u00a0Nome\u00a0\u00a0 \u00a0Escola<br \/>\n1\u00ba\u00a0\u00a0 \u00a0Guilherme Rodrigues de\u00a0 Oliveira\u00a0\u00a0 \u00a0E.M. Vida Nova<br \/>\n2\u00ba\u00a0\u00a0 \u00a0Ryan Henrique\u00a0 Ribeiro\u00a0\u00a0 \u00a0E.M. Antonieta S. Lautenschilagar<br \/>\n3\u00ba\u00a0\u00a0 \u00a0Wallace Gabriel de\u00a0 Lima\u00a0\u00a0 \u00a0E.M. Humberto de Alencar Branco<\/p>\n<p>Na categoria feminina:<br \/>\nPos.\u00a0\u00a0 \u00a0Nome\u00a0\u00a0 \u00a0Escola<br \/>\n1\u00ba\u00a0\u00a0 \u00a0Maria Antonia Darodda stachuka\u00a0\u00a0 \u00a0E.M. Antonieta S. Lautenschilager<br \/>\n2\u00ba\u00a0\u00a0 \u00a0Kamily Freitas\u00a0 Braine\u00a0\u00a0 \u00a0E.M. Monsenhor Arnaldo Beltrami<br \/>\n3\u00ba\u00a0\u00a0 \u00a0Giovana Eduarda Noronha Michuny\u00a0\u00a0 \u00a0E.M. Bento Fernandes Dias<\/p>\n<div class = 'socialMediaOnEveryPost'>Compartilhe<div id=\"sgmbShare1-1\" class=\"sgmbShare jssocials-theme-classic sgmbWidget1-1\"><\/div><div class=\"dropdownWrapper dropdownWrapper1 dropdownWrapper-for-widget \" id=\"dropdownWrapper-for-widget\">\r\n\t\t\t\t\t\t<div class=\"dropdownLabel\" id=\"dropdownLabel-share-list\"><span class=\"sgmbButtonListLabel1\">Share List<\/span><\/div>\r\n\t\t\t\t\t\t<div class=\"dropdownPanel dropdownPanel1-1\">\r\n\t\t\t\t\t\t<\/div>\r\n\t\t\t\t\t<\/div><script>  SGMB_URL = \"http:\/\/www.apucarana.pr.gov.br\/ame\/wp-content\/plugins\/social-media-builder\/\"; jQuery(\".dropdownWrapper\").hide(); SGMB_GOOGLE_ACOUNT = \"\"; <\/script><script type=\"text\/javascript\">\r\n\t\tjQuery(document).ready(function($){var widget = new SGMBWidget();widget.show({\"id\":\"1\",\"title\":\"Face\\\/Twitter\",\"options\":{\"currentUrl\":\"1\",\"url\":\"\",\"shareText\":\"\",\"fontSize\":\"14\",\"betweenButtons\":\"1px\",\"theme\":\"classic\",\"sgmbButtonsPosition\":\"bottomLeft\",\"socialTheme\":\"\",\"icon\":\"default\",\"buttonsPanelEffect\":\"No Effect\",\"buttonsEffect\":\"No Effect\",\"iconsEffect\":\"No Effect\",\"buttons\":\"{\\\"facebook\\\":{\\\"label\\\":\\\"Share\\\",\\\"icon\\\":\\\"default-facebook\\\"},\\\"twitter\\\":{\\\"label\\\":\\\"Tweet\\\",\\\"icon\\\":\\\"default-twitter\\\",\\\"via\\\":\\\"\\\",\\\"hashtags\\\":\\\"\\\"}}\",\"roundButton\":\"\",\"showLabels\":\"\",\"showCounts\":\"\",\"showCenter\":\"\",\"showButtonsAsList\":\"\",\"sgmbDropdownColor\":\"\",\"sgmbDropdownLabelFontSize\":\"14\",\"sgmbDropdownLabelColor\":\"\",\"showButtonsOnEveryPost\":\"on\",\"selectedOrExcluded\":\"\",\"showButtonsOnEveryPage\":\"\",\"textOnEveryPost\":\"Compartilhe\",\"showButtonsOnCustomPost\":\"\",\"textOnCustomPost\":\"\",\"showButtonsOnMobileDirect\":\"on\",\"showButtonsOnDesktopDirect\":\"on\",\"sgmbSelectedPages\":[\"\"],\"sgmbExcludedPosts\":[\"\"],\"sgmbSelectedCustomPosts\":[],\"showButtonsInPopup\":\"\",\"titleOfPopup\":\"\",\"descriptionOfPopup\":\"\",\"showPopupOnLoad\":\"\",\"showPopupOnScroll\":\"\",\"showPopupOnExit\":\"\",\"openSecondsOfPopup\":\"\",\"googleAnaliticsAccount\":\"\"},\"buttonOptions\":{\"facebook\":{\"label\":\"Share\",\"icon\":\"default-facebook\"},\"twitter\":{\"label\":\"Tweet\",\"icon\":\"default-twitter\",\"via\":\"\",\"hashtags\":\"\"}},\"button\":[\"facebook\",\"twitter\"]}, 1, '', 'http:\/\/www.apucarana.pr.gov.br\/ame\/wp-content\/plugins\/social-media-builder\/\/img\/no-image.png', '', 'http:\/\/www.apucarana.pr.gov.br\/ame\/jocas-conhece-campeoes-coletivos-ate-sexta-feira-apucarana\/'); });<\/script><\/div><script> jQuery(\".socialMediaOnEveryPost\").addClass(\"sgmb-left\") <\/script>","protected":false},"excerpt":{"rendered":"<p>Encerra nesta sexta-feira (28\/10), mais uma edi\u00e7\u00e3o dos JOCAS \u2013 Jogos das Crian\u00e7as -das escolas municipais de Apucarana. A secret\u00e1ria de Esportes e Lazer, professora Jossuela Martins Pirelli Pinheiro, lembra que esta \u00e9 a quarta edi\u00e7\u00e3o consecutiva da competi\u00e7\u00e3o idealizada pela Prefeitura de Apucarana. A primeira modalidade a ter o&hellip; <\/p>\n","protected":false},"author":3,"featured_media":0,"comment_status":"closed","ping_status":"open","sticky":false,"template":"","format":"standard","meta":[],"categories":[9],"tags":[],"_links":{"self":[{"href":"http:\/\/www.apucarana.pr.gov.br\/ame\/wp-json\/wp\/v2\/posts\/5536"}],"collection":[{"href":"http:\/\/www.apucarana.pr.gov.br\/ame\/wp-json\/wp\/v2\/posts"}],"about":[{"href":"http:\/\/www.apucarana.pr.gov.br\/ame\/wp-json\/wp\/v2\/types\/post"}],"author":[{"embeddable":true,"href":"http:\/\/www.apucarana.pr.gov.br\/ame\/wp-json\/wp\/v2\/users\/3"}],"replies":[{"embeddable":true,"href":"http:\/\/www.apucarana.pr.gov.br\/ame\/wp-json\/wp\/v2\/comments?post=5536"}],"version-history":[{"count":1,"href":"http:\/\/www.apucarana.pr.gov.br\/ame\/wp-json\/wp\/v2\/posts\/5536\/revisions"}],"predecessor-version":[{"id":5580,"href":"http:\/\/www.apucarana.pr.gov.br\/ame\/wp-json\/wp\/v2\/posts\/5536\/revisions\/5580"}],"wp:attachment":[{"href":"http:\/\/www.apucarana.pr.gov.br\/ame\/wp-json\/wp\/v2\/media?parent=5536"}],"wp:term":[{"taxonomy":"category","embeddable":true,"href":"http:\/\/www.apucarana.pr.gov.br\/ame\/wp-json\/wp\/v2\/categories?post=5536"},{"taxonomy":"post_tag","embeddable":true,"href":"http:\/\/www.apucarana.pr.gov.br\/ame\/wp-json\/wp\/v2\/tags?post=5536"}],"curies":[{"name":"wp","href":"https:\/\/api.w.org\/{rel}","templated":true}]}}