{"id":5535,"date":"2016-10-26T16:50:31","date_gmt":"2016-10-26T18:50:31","guid":{"rendered":"http:\/\/www.apucarana.pr.gov.br\/ame\/?p=5535"},"modified":"2024-10-08T09:10:28","modified_gmt":"2024-10-08T12:10:28","slug":"alunos-apucaranenses-conquistam-795-medalhas-em-olimpiada-de-astronomia","status":"publish","type":"post","link":"http:\/\/www.apucarana.pr.gov.br\/ame\/alunos-apucaranenses-conquistam-795-medalhas-em-olimpiada-de-astronomia\/","title":{"rendered":"Alunos apucaranenses conquistam 818 medalhas em olimp\u00edada de astronomia"},"content":{"rendered":"<p>O ensino p\u00fablico municipal avan\u00e7ou muito nos \u00faltimos quatro anos. E n\u00e3o \u00e9 apenas o \u00cdndice de Desenvolvimento da Educa\u00e7\u00e3o B\u00e1sica (IDEB), que subiu de 6,5 em 2013 para 7,0 em 2015, que tem demonstrado isso.<\/p>\n<p>A Sociedade Astron\u00f4mica Brasileira e a Ag\u00eancia Espacial Brasileira divulgaram, na \u00faltima semana, os resultados da XIX Olimp\u00edada Brasileira de Astronomia e Astron\u00e1utica (OBA). Esse ano, 4.110 alunos da rede municipal de ensino apucaranense participaram da prova, que foi aplicada no dia 13 de maio, e 818 conquistaram medalhas de ouro, prata ou bronze.<\/p>\n<p>Comparado com o primeiro ano que se tem registro, o n\u00famero de condecorados triplicou. Em 2014, cerca de 3.500 crian\u00e7as da rede municipal participaram da prova e, destes, 247 se destacaram com notas superiores a 9,0. J\u00e1 em 2015, o n\u00famero de participantes foi de aproximadamente 6 mil, enquanto que as medalhas conquistadas totalizaram 412.<\/p>\n<p>\u201cN\u00f3s incentivamos nossos alunos a participarem de concursos como esse porque acreditamos que eles ampliam os horizontes das crian\u00e7as e estimulam a sede por conhecimentos. E os resultados t\u00eam sido maravilhosos, com alunos brilhando nas mais diversas \u00e1reas,\u201d afirmou a Superintendente Pedag\u00f3gica da Autarquia Municipal de Educa\u00e7\u00e3o, professora Neuzeli Lima.<\/p>\n<p>A Olimp\u00edada Brasileira de Astronomia e Astron\u00e1utica (OBA) \u00e9 uma competi\u00e7\u00e3o aberta aos alunos de todas as s\u00e9ries do Ensino Fundamental (1\u00ba ao 9\u00ba ano) e todas as s\u00e9ries do Ensino M\u00e9dio. As provas s\u00e3o constitu\u00eddas de 7 quest\u00f5es de astronomia e 3 de astron\u00e1utica.<\/p>\n<p>A prova \u00e9 dividida em: n\u00edvel 1 (destinado aos alunos do 1\u00ba ao 3\u00ba ano); n\u00edvel 2 (4\u00ba e 5\u00ba ano); n\u00edvel 3 (6\u00ba ao 9\u00ba ano); e n\u00edvel 4 (Ensino M\u00e9dio).<\/p>\n<p>Apenas os alunos do 3\u00ba ao 9\u00ba ano de 36 escolas municipais apucaranenses participaram da OBA em 2016. Eles conquistaram 326 medalhas de ouro, 170 de prata e 299 de bronze. \u201cNo ano passado, n\u00f3s permitimos que crian\u00e7as menores tamb\u00e9m se inscrevessem, mas percebemos que eles tiveram dificuldades por ainda estarem em processo de alfabetiza\u00e7\u00e3o,\u201d acrescentou a coordenadora pedag\u00f3gica da AME para a \u00e1rea de ci\u00eancias, professora Sandra Andr\u00e9ia Mincachi da Silva.<\/p>\n<p>A entrega das medalhas aos alunos ser\u00e1 realizada nos pr\u00f3ximos dias, em evento que contar\u00e1 com a presen\u00e7a dos pais e amigos das crian\u00e7as, al\u00e9m do prefeito Beto Preto e da secret\u00e1ria municipal de educa\u00e7\u00e3o Marli Fernandes. \u201cO objetivo da cerim\u00f4nia \u00e9 valorizar o esfor\u00e7o dos alunos e contribuir para a sua autoestima,\u201d completou professora Neuzeli.<\/p>\n<p>Olimp\u00edada de L\u00edngua Portuguesa \u2013 Recentemente, duas alunas da rede municipal apucaranense tamb\u00e9m se classificaram na quinta edi\u00e7\u00e3o da Olimp\u00edada de L\u00edngua Portuguesa Escrevendo o Futuro. Bianca Pereira de Freitas, da Escola Vereador Jos\u00e9 Ramos de Oliveira, e Maria Eloisa Esteves Teixeira, da Escola Mateus Leme, participaram respectivamente com os poemas \u201cO lugar onde eu moro\u201d e \u201cOs parques da minha cidade\u201d e foram classificadas para a etapa estadual da competi\u00e7\u00e3o.<\/p>\n<p>Esse ano, a Olimp\u00edada de L\u00edngua Portuguesa Escrevendo o Futuro teve como tema \u201cO lugar onde vivo\u201d.<\/p>\n<div class = 'socialMediaOnEveryPost'>Compartilhe<div id=\"sgmbShare1-1\" class=\"sgmbShare jssocials-theme-classic sgmbWidget1-1\"><\/div><div class=\"dropdownWrapper dropdownWrapper1 dropdownWrapper-for-widget \" id=\"dropdownWrapper-for-widget\">\r\n\t\t\t\t\t\t<div class=\"dropdownLabel\" id=\"dropdownLabel-share-list\"><span class=\"sgmbButtonListLabel1\">Share List<\/span><\/div>\r\n\t\t\t\t\t\t<div class=\"dropdownPanel dropdownPanel1-1\">\r\n\t\t\t\t\t\t<\/div>\r\n\t\t\t\t\t<\/div><script>  SGMB_URL = \"http:\/\/www.apucarana.pr.gov.br\/ame\/wp-content\/plugins\/social-media-builder\/\"; jQuery(\".dropdownWrapper\").hide(); SGMB_GOOGLE_ACOUNT = \"\"; <\/script><script type=\"text\/javascript\">\r\n\t\tjQuery(document).ready(function($){var widget = new SGMBWidget();widget.show({\"id\":\"1\",\"title\":\"Face\\\/Twitter\",\"options\":{\"currentUrl\":\"1\",\"url\":\"\",\"shareText\":\"\",\"fontSize\":\"14\",\"betweenButtons\":\"1px\",\"theme\":\"classic\",\"sgmbButtonsPosition\":\"bottomLeft\",\"socialTheme\":\"\",\"icon\":\"default\",\"buttonsPanelEffect\":\"No Effect\",\"buttonsEffect\":\"No Effect\",\"iconsEffect\":\"No Effect\",\"buttons\":\"{\\\"facebook\\\":{\\\"label\\\":\\\"Share\\\",\\\"icon\\\":\\\"default-facebook\\\"},\\\"twitter\\\":{\\\"label\\\":\\\"Tweet\\\",\\\"icon\\\":\\\"default-twitter\\\",\\\"via\\\":\\\"\\\",\\\"hashtags\\\":\\\"\\\"}}\",\"roundButton\":\"\",\"showLabels\":\"\",\"showCounts\":\"\",\"showCenter\":\"\",\"showButtonsAsList\":\"\",\"sgmbDropdownColor\":\"\",\"sgmbDropdownLabelFontSize\":\"14\",\"sgmbDropdownLabelColor\":\"\",\"showButtonsOnEveryPost\":\"on\",\"selectedOrExcluded\":\"\",\"showButtonsOnEveryPage\":\"\",\"textOnEveryPost\":\"Compartilhe\",\"showButtonsOnCustomPost\":\"\",\"textOnCustomPost\":\"\",\"showButtonsOnMobileDirect\":\"on\",\"showButtonsOnDesktopDirect\":\"on\",\"sgmbSelectedPages\":[\"\"],\"sgmbExcludedPosts\":[\"\"],\"sgmbSelectedCustomPosts\":[],\"showButtonsInPopup\":\"\",\"titleOfPopup\":\"\",\"descriptionOfPopup\":\"\",\"showPopupOnLoad\":\"\",\"showPopupOnScroll\":\"\",\"showPopupOnExit\":\"\",\"openSecondsOfPopup\":\"\",\"googleAnaliticsAccount\":\"\"},\"buttonOptions\":{\"facebook\":{\"label\":\"Share\",\"icon\":\"default-facebook\"},\"twitter\":{\"label\":\"Tweet\",\"icon\":\"default-twitter\",\"via\":\"\",\"hashtags\":\"\"}},\"button\":[\"facebook\",\"twitter\"]}, 1, '', 'http:\/\/www.apucarana.pr.gov.br\/ame\/wp-content\/plugins\/social-media-builder\/\/img\/no-image.png', '', 'http:\/\/www.apucarana.pr.gov.br\/ame\/alunos-apucaranenses-conquistam-795-medalhas-em-olimpiada-de-astronomia\/'); });<\/script><\/div><script> jQuery(\".socialMediaOnEveryPost\").addClass(\"sgmb-left\") <\/script>","protected":false},"excerpt":{"rendered":"<p>O ensino p\u00fablico municipal avan\u00e7ou muito nos \u00faltimos quatro anos. E n\u00e3o \u00e9 apenas o \u00cdndice de Desenvolvimento da Educa\u00e7\u00e3o B\u00e1sica (IDEB), que subiu de 6,5 em 2013 para 7,0 em 2015, que tem demonstrado isso. A Sociedade Astron\u00f4mica Brasileira e a Ag\u00eancia Espacial Brasileira divulgaram, na \u00faltima semana, os&hellip; <\/p>\n","protected":false},"author":3,"featured_media":0,"comment_status":"closed","ping_status":"open","sticky":false,"template":"","format":"standard","meta":[],"categories":[9],"tags":[],"_links":{"self":[{"href":"http:\/\/www.apucarana.pr.gov.br\/ame\/wp-json\/wp\/v2\/posts\/5535"}],"collection":[{"href":"http:\/\/www.apucarana.pr.gov.br\/ame\/wp-json\/wp\/v2\/posts"}],"about":[{"href":"http:\/\/www.apucarana.pr.gov.br\/ame\/wp-json\/wp\/v2\/types\/post"}],"author":[{"embeddable":true,"href":"http:\/\/www.apucarana.pr.gov.br\/ame\/wp-json\/wp\/v2\/users\/3"}],"replies":[{"embeddable":true,"href":"http:\/\/www.apucarana.pr.gov.br\/ame\/wp-json\/wp\/v2\/comments?post=5535"}],"version-history":[{"count":1,"href":"http:\/\/www.apucarana.pr.gov.br\/ame\/wp-json\/wp\/v2\/posts\/5535\/revisions"}],"predecessor-version":[{"id":5581,"href":"http:\/\/www.apucarana.pr.gov.br\/ame\/wp-json\/wp\/v2\/posts\/5535\/revisions\/5581"}],"wp:attachment":[{"href":"http:\/\/www.apucarana.pr.gov.br\/ame\/wp-json\/wp\/v2\/media?parent=5535"}],"wp:term":[{"taxonomy":"category","embeddable":true,"href":"http:\/\/www.apucarana.pr.gov.br\/ame\/wp-json\/wp\/v2\/categories?post=5535"},{"taxonomy":"post_tag","embeddable":true,"href":"http:\/\/www.apucarana.pr.gov.br\/ame\/wp-json\/wp\/v2\/tags?post=5535"}],"curies":[{"name":"wp","href":"https:\/\/api.w.org\/{rel}","templated":true}]}}