{"id":5532,"date":"2016-06-30T10:16:07","date_gmt":"2016-06-30T13:16:07","guid":{"rendered":"http:\/\/www.apucarana.pr.gov.br\/ame\/?p=5532"},"modified":"2024-10-08T09:10:28","modified_gmt":"2024-10-08T12:10:28","slug":"educacao-realiza-formacao-continuada-de-professores","status":"publish","type":"post","link":"http:\/\/www.apucarana.pr.gov.br\/ame\/educacao-realiza-formacao-continuada-de-professores\/","title":{"rendered":"Educa\u00e7\u00e3o realiza forma\u00e7\u00e3o continuada de professores"},"content":{"rendered":"<p>A Autarquia Municipal de Educa\u00e7\u00e3o promoveu, nesta sexta-feira (10\/06), forma\u00e7\u00e3o<\/p>\n<p>continuada para os mais de 700 professores e estagi\u00e1rios das escolas de sua rede. Na<\/p>\n<p>ocasi\u00e3o, os participantes estudaram a vers\u00e3o revisada da Base Nacional Comum<\/p>\n<p>Curricular que est\u00e1 sendo proposta pelo Minist\u00e9rio da Educa\u00e7\u00e3o.<\/p>\n<p><a href=\"http:\/\/www.apucarana.pr.gov.br\/ame\/wp-content\/uploads\/2016\/06\/rr.jpg\"><img loading=\"lazy\" class=\"alignnone size-full wp-image-1427\" src=\"http:\/\/www.apucarana.pr.gov.br\/ame\/wp-content\/uploads\/2016\/06\/rr.jpg\" alt=\"rr\" width=\"1449\" height=\"815\" \/><\/a><\/p>\n<p>A atividade ocorreu em sete polos: Escola Municipal Jo\u00e3o Antonio Braga C\u00f4rtes,<\/p>\n<p>Escola Municipal Professor Durval Pinto, Escola Municipal Karel Kober, Escola<\/p>\n<p>Municipal Mateus Leme, Escola Municipal Antonieta da Silva Lautenschlager, Escola<\/p>\n<p>Municipal Presidente M\u00e9dici e Escola Municipal Jos\u00e9 Brazil Camargo.<\/p>\n<p>Segundo a secret\u00e1ria municipal de educa\u00e7\u00e3o, professora Marli Fernandes, o calend\u00e1rio<\/p>\n<p>escolar prev\u00ea anualmente duas oportunidades para a forma\u00e7\u00e3o continuada dos docentes.<\/p>\n<p>\u201cEm 2016, os dias 10 de junho e 23 de setembro foram reservados para que os<\/p>\n<p>professores pudessem repensar suas pr\u00e1ticas em sala de aula. Al\u00e9m desses, ainda temos<\/p>\n<p>per\u00edodos destinados ao planejamento e replanejamento do ano escolar, respectivamente<\/p>\n<p>em janeiro e julho. A dispensa dos alunos nesses momentos n\u00e3o traz preju\u00edzos aos<\/p>\n<p>duzentos dias letivos,\u201d disse.<\/p>\n<p>Ela ainda acrescenta que um curr\u00edculo municipal unificado vem sendo constru\u00eddo<\/p>\n<p>democraticamente h\u00e1 tr\u00eas anos pelos professores da rede. \u201cO objetivo \u00e9 garantir que<\/p>\n<p>todas as escolas ofertem um ensino equivalente e de qualidade \u00e0s crian\u00e7as<\/p>\n<p>apucaranenses. Como a grade de estudos elaborada pelos nossos educadores est\u00e1 muito<\/p>\n<p>bem fundamentada, creio que n\u00e3o teremos dificuldades para adequ\u00e1-la \u00e0 Base Nacional<\/p>\n<p>Comum Curricular,\u201d garantiu.<\/p>\n<div class = 'socialMediaOnEveryPost'>Compartilhe<div id=\"sgmbShare1-1\" class=\"sgmbShare jssocials-theme-classic sgmbWidget1-1\"><\/div><div class=\"dropdownWrapper dropdownWrapper1 dropdownWrapper-for-widget \" id=\"dropdownWrapper-for-widget\">\r\n\t\t\t\t\t\t<div class=\"dropdownLabel\" id=\"dropdownLabel-share-list\"><span class=\"sgmbButtonListLabel1\">Share List<\/span><\/div>\r\n\t\t\t\t\t\t<div class=\"dropdownPanel dropdownPanel1-1\">\r\n\t\t\t\t\t\t<\/div>\r\n\t\t\t\t\t<\/div><script>  SGMB_URL = \"http:\/\/www.apucarana.pr.gov.br\/ame\/wp-content\/plugins\/social-media-builder\/\"; jQuery(\".dropdownWrapper\").hide(); SGMB_GOOGLE_ACOUNT = \"\"; <\/script><script type=\"text\/javascript\">\r\n\t\tjQuery(document).ready(function($){var widget = new SGMBWidget();widget.show({\"id\":\"1\",\"title\":\"Face\\\/Twitter\",\"options\":{\"currentUrl\":\"1\",\"url\":\"\",\"shareText\":\"\",\"fontSize\":\"14\",\"betweenButtons\":\"1px\",\"theme\":\"classic\",\"sgmbButtonsPosition\":\"bottomLeft\",\"socialTheme\":\"\",\"icon\":\"default\",\"buttonsPanelEffect\":\"No Effect\",\"buttonsEffect\":\"No Effect\",\"iconsEffect\":\"No Effect\",\"buttons\":\"{\\\"facebook\\\":{\\\"label\\\":\\\"Share\\\",\\\"icon\\\":\\\"default-facebook\\\"},\\\"twitter\\\":{\\\"label\\\":\\\"Tweet\\\",\\\"icon\\\":\\\"default-twitter\\\",\\\"via\\\":\\\"\\\",\\\"hashtags\\\":\\\"\\\"}}\",\"roundButton\":\"\",\"showLabels\":\"\",\"showCounts\":\"\",\"showCenter\":\"\",\"showButtonsAsList\":\"\",\"sgmbDropdownColor\":\"\",\"sgmbDropdownLabelFontSize\":\"14\",\"sgmbDropdownLabelColor\":\"\",\"showButtonsOnEveryPost\":\"on\",\"selectedOrExcluded\":\"\",\"showButtonsOnEveryPage\":\"\",\"textOnEveryPost\":\"Compartilhe\",\"showButtonsOnCustomPost\":\"\",\"textOnCustomPost\":\"\",\"showButtonsOnMobileDirect\":\"on\",\"showButtonsOnDesktopDirect\":\"on\",\"sgmbSelectedPages\":[\"\"],\"sgmbExcludedPosts\":[\"\"],\"sgmbSelectedCustomPosts\":[],\"showButtonsInPopup\":\"\",\"titleOfPopup\":\"\",\"descriptionOfPopup\":\"\",\"showPopupOnLoad\":\"\",\"showPopupOnScroll\":\"\",\"showPopupOnExit\":\"\",\"openSecondsOfPopup\":\"\",\"googleAnaliticsAccount\":\"\"},\"buttonOptions\":{\"facebook\":{\"label\":\"Share\",\"icon\":\"default-facebook\"},\"twitter\":{\"label\":\"Tweet\",\"icon\":\"default-twitter\",\"via\":\"\",\"hashtags\":\"\"}},\"button\":[\"facebook\",\"twitter\"]}, 1, '', 'http:\/\/www.apucarana.pr.gov.br\/ame\/wp-content\/uploads\/2016\/06\/rr.jpg', '', 'http:\/\/www.apucarana.pr.gov.br\/ame\/educacao-realiza-formacao-continuada-de-professores\/'); });<\/script><\/div><script> jQuery(\".socialMediaOnEveryPost\").addClass(\"sgmb-left\") <\/script>","protected":false},"excerpt":{"rendered":"<p>A Autarquia Municipal de Educa\u00e7\u00e3o promoveu, nesta sexta-feira (10\/06), forma\u00e7\u00e3o continuada para os mais de 700 professores e estagi\u00e1rios das escolas de sua rede. Na ocasi\u00e3o, os participantes estudaram a vers\u00e3o revisada da Base Nacional Comum Curricular que est\u00e1 sendo proposta pelo Minist\u00e9rio da Educa\u00e7\u00e3o. A atividade ocorreu em sete&hellip; <\/p>\n","protected":false},"author":1,"featured_media":0,"comment_status":"closed","ping_status":"open","sticky":false,"template":"","format":"standard","meta":[],"categories":[9],"tags":[],"_links":{"self":[{"href":"http:\/\/www.apucarana.pr.gov.br\/ame\/wp-json\/wp\/v2\/posts\/5532"}],"collection":[{"href":"http:\/\/www.apucarana.pr.gov.br\/ame\/wp-json\/wp\/v2\/posts"}],"about":[{"href":"http:\/\/www.apucarana.pr.gov.br\/ame\/wp-json\/wp\/v2\/types\/post"}],"author":[{"embeddable":true,"href":"http:\/\/www.apucarana.pr.gov.br\/ame\/wp-json\/wp\/v2\/users\/1"}],"replies":[{"embeddable":true,"href":"http:\/\/www.apucarana.pr.gov.br\/ame\/wp-json\/wp\/v2\/comments?post=5532"}],"version-history":[{"count":1,"href":"http:\/\/www.apucarana.pr.gov.br\/ame\/wp-json\/wp\/v2\/posts\/5532\/revisions"}],"predecessor-version":[{"id":5584,"href":"http:\/\/www.apucarana.pr.gov.br\/ame\/wp-json\/wp\/v2\/posts\/5532\/revisions\/5584"}],"wp:attachment":[{"href":"http:\/\/www.apucarana.pr.gov.br\/ame\/wp-json\/wp\/v2\/media?parent=5532"}],"wp:term":[{"taxonomy":"category","embeddable":true,"href":"http:\/\/www.apucarana.pr.gov.br\/ame\/wp-json\/wp\/v2\/categories?post=5532"},{"taxonomy":"post_tag","embeddable":true,"href":"http:\/\/www.apucarana.pr.gov.br\/ame\/wp-json\/wp\/v2\/tags?post=5532"}],"curies":[{"name":"wp","href":"https:\/\/api.w.org\/{rel}","templated":true}]}}