{"id":5531,"date":"2016-06-30T10:14:36","date_gmt":"2016-06-30T13:14:36","guid":{"rendered":"http:\/\/www.apucarana.pr.gov.br\/ame\/?p=5531"},"modified":"2024-10-08T09:10:28","modified_gmt":"2024-10-08T12:10:28","slug":"festival-de-ingles-envolve-400-alunos-da-rede-municipal-de-ensino","status":"publish","type":"post","link":"http:\/\/www.apucarana.pr.gov.br\/ame\/festival-de-ingles-envolve-400-alunos-da-rede-municipal-de-ensino\/","title":{"rendered":"Festival de Ingl\u00eas envolve 400 alunos da rede municipal de ensino"},"content":{"rendered":"<p>A Autarquia Municipal de Educa\u00e7\u00e3o est\u00e1 promovendo essa semana a segunda edi\u00e7\u00e3o do<\/p>\n<p>Festival de Ingl\u00eas das escolas de sua rede. O espet\u00e1culo foi aberto na noite de ontem<\/p>\n<p>(02) e tem continuidade hoje (03\/06), no Cine Teatro F\u00eanix.<\/p>\n<p>Diante da plateia lotada, alunos das 37 escolas municipais apucaranenses subiram ao<\/p>\n<p>palco e entoaram can\u00e7\u00f5es como \u201cLove me do\u201d (Beatles), \u201cHave you ever seen the rain\u201d<\/p>\n<p>(Creedence), \u201cWe are the champions\u201d (Queen), \u201cHappy\u201d (Michael Jackson) e \u201cLuck\u201d<\/p>\n<p>(Jason Mraz).<\/p>\n<p>O ensino da l\u00edngua inglesa foi implantado h\u00e1 tr\u00eas anos na rede municipal e, desde ent\u00e3o,<\/p>\n<p>os alunos da Educa\u00e7\u00e3o Infantil (Pr\u00e9 I e II) e dos anos iniciais do Ensino Fundamental (1\u00ba<\/p>\n<p>ao 5\u00ba ano) assistem a duas aulas semanais da disciplina.<\/p>\n<p>\u201cN\u00f3s iniciamos no ano de 2013 um grande estudo para revitalizar e unificar o curr\u00edculo<\/p>\n<p>ofertado pela rede municipal. E a partir desse trabalho, n\u00f3s introduzimos o ensino do<\/p>\n<p>ingl\u00eas em todas as escolas, por entender que o seu aprendizado representar\u00e1 um<\/p>\n<p>diferencial no futuro das nossas crian\u00e7as,\u201d explicou a diretora-presidente da AME,<\/p>\n<p>professora Marli Fernandes.<\/p>\n<p>A l\u00edngua inglesa \u00e9 considerada o principal idioma do mundo globalizado, sendo falada<\/p>\n<p>oficialmente em mais de 60 pa\u00edses. \u201cEu encontro palavras em ingl\u00eas quase todos os dias<\/p>\n<p>quando escuto m\u00fasica, assisto TV ou fico no YouTube e na internet. Eu gosto das aulas<\/p>\n<p>e acho importante aprender,\u201d disse a aluna Ana J\u00falia Caniato, do 5\u00ba ano da Escola<\/p>\n<p>Municipal Jos\u00e9 Id\u00e9sio Brianezi.<\/p>\n<p><a href=\"http:\/\/www.apucarana.pr.gov.br\/ame\/wp-content\/uploads\/2016\/06\/fest.jpg\"><img loading=\"lazy\" class=\"alignnone size-full wp-image-1424\" src=\"http:\/\/www.apucarana.pr.gov.br\/ame\/wp-content\/uploads\/2016\/06\/fest.jpg\" alt=\"fest\" width=\"800\" height=\"534\" \/><\/a><\/p>\n<p>O objetivo do Festival de Ingl\u00eas \u00e9 mostrar um pouco daquilo que os alunos v\u00eam<\/p>\n<p>aprendendo em sala de aula. \u201cNo ano passado n\u00f3s realizamos a primeira edi\u00e7\u00e3o desse<\/p>\n<p>espet\u00e1culo e j\u00e1 tivemos apresenta\u00e7\u00f5es lind\u00edssimas. Agora estamos simplesmente<\/p>\n<p>repetindo a dose. Parab\u00e9ns \u00e0 secret\u00e1ria Marli e aos demais professores envolvidos na<\/p>\n<p>organiza\u00e7\u00e3o do evento,\u201d elogiou o prefeito Beto Preto.<\/p>\n<p>Ele destacou a relev\u00e2ncia dos investimentos feitos pelos gestores p\u00fablicos na \u00e1rea do<\/p>\n<p>ensino. \u201cA m\u00eddia nos traz diariamente muitas not\u00edcias sobre corrup\u00e7\u00e3o e falta de<\/p>\n<p>recursos para a sa\u00fade, a educa\u00e7\u00e3o e a assist\u00eancia social. Mas muita coisa pode ser feita<\/p>\n<p>se houver vontade pol\u00edtica, como ficou evidenciado atrav\u00e9s desse festival. Eu acredito<\/p>\n<p>que n\u00f3s s\u00f3 vamos mudar efetivamente o pa\u00eds se aplicarmos os nossos esfor\u00e7os e<\/p>\n<p>priorizar os recursos no futuro das crian\u00e7as e dos jovens,\u201d disse.<\/p>\n<p>A abertura do Festival de Ingl\u00eas, na quinta-feira, ainda contou com uma participa\u00e7\u00e3o<\/p>\n<p>especial. A finalista apucaranense do programa The Voice Kids, P\u00e9rola Crepaldi, cantou<\/p>\n<p>a m\u00fasica \u201cMemory\u201d (Musical Cats) para os alunos e a plateia presente.<\/p>\n<div class = 'socialMediaOnEveryPost'>Compartilhe<div id=\"sgmbShare1-1\" class=\"sgmbShare jssocials-theme-classic sgmbWidget1-1\"><\/div><div class=\"dropdownWrapper dropdownWrapper1 dropdownWrapper-for-widget \" id=\"dropdownWrapper-for-widget\">\r\n\t\t\t\t\t\t<div class=\"dropdownLabel\" id=\"dropdownLabel-share-list\"><span class=\"sgmbButtonListLabel1\">Share List<\/span><\/div>\r\n\t\t\t\t\t\t<div class=\"dropdownPanel dropdownPanel1-1\">\r\n\t\t\t\t\t\t<\/div>\r\n\t\t\t\t\t<\/div><script>  SGMB_URL = \"http:\/\/www.apucarana.pr.gov.br\/ame\/wp-content\/plugins\/social-media-builder\/\"; jQuery(\".dropdownWrapper\").hide(); SGMB_GOOGLE_ACOUNT = \"\"; <\/script><script type=\"text\/javascript\">\r\n\t\tjQuery(document).ready(function($){var widget = new SGMBWidget();widget.show({\"id\":\"1\",\"title\":\"Face\\\/Twitter\",\"options\":{\"currentUrl\":\"1\",\"url\":\"\",\"shareText\":\"\",\"fontSize\":\"14\",\"betweenButtons\":\"1px\",\"theme\":\"classic\",\"sgmbButtonsPosition\":\"bottomLeft\",\"socialTheme\":\"\",\"icon\":\"default\",\"buttonsPanelEffect\":\"No Effect\",\"buttonsEffect\":\"No Effect\",\"iconsEffect\":\"No Effect\",\"buttons\":\"{\\\"facebook\\\":{\\\"label\\\":\\\"Share\\\",\\\"icon\\\":\\\"default-facebook\\\"},\\\"twitter\\\":{\\\"label\\\":\\\"Tweet\\\",\\\"icon\\\":\\\"default-twitter\\\",\\\"via\\\":\\\"\\\",\\\"hashtags\\\":\\\"\\\"}}\",\"roundButton\":\"\",\"showLabels\":\"\",\"showCounts\":\"\",\"showCenter\":\"\",\"showButtonsAsList\":\"\",\"sgmbDropdownColor\":\"\",\"sgmbDropdownLabelFontSize\":\"14\",\"sgmbDropdownLabelColor\":\"\",\"showButtonsOnEveryPost\":\"on\",\"selectedOrExcluded\":\"\",\"showButtonsOnEveryPage\":\"\",\"textOnEveryPost\":\"Compartilhe\",\"showButtonsOnCustomPost\":\"\",\"textOnCustomPost\":\"\",\"showButtonsOnMobileDirect\":\"on\",\"showButtonsOnDesktopDirect\":\"on\",\"sgmbSelectedPages\":[\"\"],\"sgmbExcludedPosts\":[\"\"],\"sgmbSelectedCustomPosts\":[],\"showButtonsInPopup\":\"\",\"titleOfPopup\":\"\",\"descriptionOfPopup\":\"\",\"showPopupOnLoad\":\"\",\"showPopupOnScroll\":\"\",\"showPopupOnExit\":\"\",\"openSecondsOfPopup\":\"\",\"googleAnaliticsAccount\":\"\"},\"buttonOptions\":{\"facebook\":{\"label\":\"Share\",\"icon\":\"default-facebook\"},\"twitter\":{\"label\":\"Tweet\",\"icon\":\"default-twitter\",\"via\":\"\",\"hashtags\":\"\"}},\"button\":[\"facebook\",\"twitter\"]}, 1, '', 'http:\/\/www.apucarana.pr.gov.br\/ame\/wp-content\/uploads\/2016\/06\/fest.jpg', '', 'http:\/\/www.apucarana.pr.gov.br\/ame\/festival-de-ingles-envolve-400-alunos-da-rede-municipal-de-ensino\/'); });<\/script><\/div><script> jQuery(\".socialMediaOnEveryPost\").addClass(\"sgmb-left\") <\/script>","protected":false},"excerpt":{"rendered":"<p>A Autarquia Municipal de Educa\u00e7\u00e3o est\u00e1 promovendo essa semana a segunda edi\u00e7\u00e3o do Festival de Ingl\u00eas das escolas de sua rede. O espet\u00e1culo foi aberto na noite de ontem (02) e tem continuidade hoje (03\/06), no Cine Teatro F\u00eanix. Diante da plateia lotada, alunos das 37 escolas municipais apucaranenses subiram&hellip; <\/p>\n","protected":false},"author":1,"featured_media":0,"comment_status":"closed","ping_status":"open","sticky":false,"template":"","format":"standard","meta":[],"categories":[9],"tags":[],"_links":{"self":[{"href":"http:\/\/www.apucarana.pr.gov.br\/ame\/wp-json\/wp\/v2\/posts\/5531"}],"collection":[{"href":"http:\/\/www.apucarana.pr.gov.br\/ame\/wp-json\/wp\/v2\/posts"}],"about":[{"href":"http:\/\/www.apucarana.pr.gov.br\/ame\/wp-json\/wp\/v2\/types\/post"}],"author":[{"embeddable":true,"href":"http:\/\/www.apucarana.pr.gov.br\/ame\/wp-json\/wp\/v2\/users\/1"}],"replies":[{"embeddable":true,"href":"http:\/\/www.apucarana.pr.gov.br\/ame\/wp-json\/wp\/v2\/comments?post=5531"}],"version-history":[{"count":1,"href":"http:\/\/www.apucarana.pr.gov.br\/ame\/wp-json\/wp\/v2\/posts\/5531\/revisions"}],"predecessor-version":[{"id":5585,"href":"http:\/\/www.apucarana.pr.gov.br\/ame\/wp-json\/wp\/v2\/posts\/5531\/revisions\/5585"}],"wp:attachment":[{"href":"http:\/\/www.apucarana.pr.gov.br\/ame\/wp-json\/wp\/v2\/media?parent=5531"}],"wp:term":[{"taxonomy":"category","embeddable":true,"href":"http:\/\/www.apucarana.pr.gov.br\/ame\/wp-json\/wp\/v2\/categories?post=5531"},{"taxonomy":"post_tag","embeddable":true,"href":"http:\/\/www.apucarana.pr.gov.br\/ame\/wp-json\/wp\/v2\/tags?post=5531"}],"curies":[{"name":"wp","href":"https:\/\/api.w.org\/{rel}","templated":true}]}}