{"id":5529,"date":"2016-06-24T15:46:58","date_gmt":"2016-06-24T18:46:58","guid":{"rendered":"http:\/\/www.apucarana.pr.gov.br\/ame\/?p=5529"},"modified":"2024-10-08T09:10:29","modified_gmt":"2024-10-08T12:10:29","slug":"concurso-publico-ame","status":"publish","type":"post","link":"http:\/\/www.apucarana.pr.gov.br\/ame\/concurso-publico-ame\/","title":{"rendered":"Concurso P\u00fablico AME"},"content":{"rendered":"<p><a href=\"http:\/\/www.apucarana.pr.gov.br\/ame\/wp-content\/uploads\/2016\/06\/ame.jpg\"><img loading=\"lazy\" class=\"alignleft wp-image-1383 size-full\" src=\"http:\/\/www.apucarana.pr.gov.br\/ame\/wp-content\/uploads\/2016\/06\/ame.jpg\" alt=\"ame\" width=\"625\" height=\"470\" \/><\/a>Todas as publica\u00e7\u00f5es do presente concurso p\u00fablico, inclusive ap\u00f3s sua homologa\u00e7\u00e3o final ser\u00e3o realizadas no Di\u00e1rio Oficial do Munic\u00edpio de Apucarana, no Jornal Tribuna do Norte, de Apucarana, nos endere\u00e7os eletr\u00f4nicos:<\/p>\n<p>http:\/\/www.apucarana.pr.gov.br\u00a0 e \u00a0<a href=\"http:\/\/www.concursosfau.com.br\" target=\"_blank\" rel=\"noopener\">www.concursosfau.com.br<\/a><\/p>\n<p>Abaixo segue os arquivos para download:<\/p>\n<blockquote><p>01)<a href=\"http:\/\/www.apucarana.pr.gov.br\/ame\/wp-content\/uploads\/2016\/06\/Conte\u00fado-Program\u00e1tico.pdf\">Conte\u00fado Program\u00e1tico<\/a><\/p>\n<p>02)<a href=\"http:\/\/www.apucarana.pr.gov.br\/ame\/wp-content\/uploads\/2016\/06\/EDITAL-023.2016-FAU.pdf\">EDITAL 023.2016 FAU<\/a><\/p>\n<p>03)<a href=\"http:\/\/www.apucarana.pr.gov.br\/ame\/wp-content\/uploads\/2016\/06\/Requisitos-e-Atribui\u00e7\u00f5es.pdf\">Requisitos e Atribui\u00e7\u00f5es<\/a><\/p>\n<p><a href=\"http:\/\/www.apucarana.pr.gov.br\/ame\/wp-content\/uploads\/2016\/07\/Retifica\u00e7\u00e3o-do-Edital-023.2016.pdf\">Retifica\u00e7\u00e3o do Edital 023.2016<\/a><\/p><\/blockquote>\n<div class = 'socialMediaOnEveryPost'>Compartilhe<div id=\"sgmbShare1-1\" class=\"sgmbShare jssocials-theme-classic sgmbWidget1-1\"><\/div><div class=\"dropdownWrapper dropdownWrapper1 dropdownWrapper-for-widget \" id=\"dropdownWrapper-for-widget\">\r\n\t\t\t\t\t\t<div class=\"dropdownLabel\" id=\"dropdownLabel-share-list\"><span class=\"sgmbButtonListLabel1\">Share List<\/span><\/div>\r\n\t\t\t\t\t\t<div class=\"dropdownPanel dropdownPanel1-1\">\r\n\t\t\t\t\t\t<\/div>\r\n\t\t\t\t\t<\/div><script>  SGMB_URL = \"http:\/\/www.apucarana.pr.gov.br\/ame\/wp-content\/plugins\/social-media-builder\/\"; jQuery(\".dropdownWrapper\").hide(); SGMB_GOOGLE_ACOUNT = \"\"; <\/script><script type=\"text\/javascript\">\r\n\t\tjQuery(document).ready(function($){var widget = new SGMBWidget();widget.show({\"id\":\"1\",\"title\":\"Face\\\/Twitter\",\"options\":{\"currentUrl\":\"1\",\"url\":\"\",\"shareText\":\"\",\"fontSize\":\"14\",\"betweenButtons\":\"1px\",\"theme\":\"classic\",\"sgmbButtonsPosition\":\"bottomLeft\",\"socialTheme\":\"\",\"icon\":\"default\",\"buttonsPanelEffect\":\"No Effect\",\"buttonsEffect\":\"No Effect\",\"iconsEffect\":\"No Effect\",\"buttons\":\"{\\\"facebook\\\":{\\\"label\\\":\\\"Share\\\",\\\"icon\\\":\\\"default-facebook\\\"},\\\"twitter\\\":{\\\"label\\\":\\\"Tweet\\\",\\\"icon\\\":\\\"default-twitter\\\",\\\"via\\\":\\\"\\\",\\\"hashtags\\\":\\\"\\\"}}\",\"roundButton\":\"\",\"showLabels\":\"\",\"showCounts\":\"\",\"showCenter\":\"\",\"showButtonsAsList\":\"\",\"sgmbDropdownColor\":\"\",\"sgmbDropdownLabelFontSize\":\"14\",\"sgmbDropdownLabelColor\":\"\",\"showButtonsOnEveryPost\":\"on\",\"selectedOrExcluded\":\"\",\"showButtonsOnEveryPage\":\"\",\"textOnEveryPost\":\"Compartilhe\",\"showButtonsOnCustomPost\":\"\",\"textOnCustomPost\":\"\",\"showButtonsOnMobileDirect\":\"on\",\"showButtonsOnDesktopDirect\":\"on\",\"sgmbSelectedPages\":[\"\"],\"sgmbExcludedPosts\":[\"\"],\"sgmbSelectedCustomPosts\":[],\"showButtonsInPopup\":\"\",\"titleOfPopup\":\"\",\"descriptionOfPopup\":\"\",\"showPopupOnLoad\":\"\",\"showPopupOnScroll\":\"\",\"showPopupOnExit\":\"\",\"openSecondsOfPopup\":\"\",\"googleAnaliticsAccount\":\"\"},\"buttonOptions\":{\"facebook\":{\"label\":\"Share\",\"icon\":\"default-facebook\"},\"twitter\":{\"label\":\"Tweet\",\"icon\":\"default-twitter\",\"via\":\"\",\"hashtags\":\"\"}},\"button\":[\"facebook\",\"twitter\"]}, 1, '', 'http:\/\/www.apucarana.pr.gov.br\/ame\/wp-content\/uploads\/2016\/06\/ame.jpg', '', 'http:\/\/www.apucarana.pr.gov.br\/ame\/concurso-publico-ame\/'); });<\/script><\/div><script> jQuery(\".socialMediaOnEveryPost\").addClass(\"sgmb-left\") <\/script>","protected":false},"excerpt":{"rendered":"<p>Todas as publica\u00e7\u00f5es do presente concurso p\u00fablico, inclusive ap\u00f3s sua homologa\u00e7\u00e3o final ser\u00e3o realizadas no Di\u00e1rio Oficial do Munic\u00edpio de Apucarana, no Jornal Tribuna do Norte, de Apucarana, nos endere\u00e7os eletr\u00f4nicos: http:\/\/www.apucarana.pr.gov.br\u00a0 e \u00a0www.concursosfau.com.br Abaixo segue os arquivos para download: 01)Conte\u00fado Program\u00e1tico 02)EDITAL 023.2016 FAU 03)Requisitos e Atribui\u00e7\u00f5es Retifica\u00e7\u00e3o do&hellip; <\/p>\n","protected":false},"author":1,"featured_media":0,"comment_status":"closed","ping_status":"open","sticky":false,"template":"","format":"standard","meta":[],"categories":[9],"tags":[],"_links":{"self":[{"href":"http:\/\/www.apucarana.pr.gov.br\/ame\/wp-json\/wp\/v2\/posts\/5529"}],"collection":[{"href":"http:\/\/www.apucarana.pr.gov.br\/ame\/wp-json\/wp\/v2\/posts"}],"about":[{"href":"http:\/\/www.apucarana.pr.gov.br\/ame\/wp-json\/wp\/v2\/types\/post"}],"author":[{"embeddable":true,"href":"http:\/\/www.apucarana.pr.gov.br\/ame\/wp-json\/wp\/v2\/users\/1"}],"replies":[{"embeddable":true,"href":"http:\/\/www.apucarana.pr.gov.br\/ame\/wp-json\/wp\/v2\/comments?post=5529"}],"version-history":[{"count":2,"href":"http:\/\/www.apucarana.pr.gov.br\/ame\/wp-json\/wp\/v2\/posts\/5529\/revisions"}],"predecessor-version":[{"id":13792,"href":"http:\/\/www.apucarana.pr.gov.br\/ame\/wp-json\/wp\/v2\/posts\/5529\/revisions\/13792"}],"wp:attachment":[{"href":"http:\/\/www.apucarana.pr.gov.br\/ame\/wp-json\/wp\/v2\/media?parent=5529"}],"wp:term":[{"taxonomy":"category","embeddable":true,"href":"http:\/\/www.apucarana.pr.gov.br\/ame\/wp-json\/wp\/v2\/categories?post=5529"},{"taxonomy":"post_tag","embeddable":true,"href":"http:\/\/www.apucarana.pr.gov.br\/ame\/wp-json\/wp\/v2\/tags?post=5529"}],"curies":[{"name":"wp","href":"https:\/\/api.w.org\/{rel}","templated":true}]}}