{"id":5528,"date":"2016-06-20T17:57:49","date_gmt":"2016-06-20T20:57:49","guid":{"rendered":"http:\/\/www.apucarana.pr.gov.br\/ame\/?p=5528"},"modified":"2024-10-08T09:10:29","modified_gmt":"2024-10-08T12:10:29","slug":"autarquia-de-educacao-adere-ao-projeto-cidadania-e-justica-tambem-se-aprendem-na-escola","status":"publish","type":"post","link":"http:\/\/www.apucarana.pr.gov.br\/ame\/autarquia-de-educacao-adere-ao-projeto-cidadania-e-justica-tambem-se-aprendem-na-escola\/","title":{"rendered":"Autarquia de Educa\u00e7\u00e3o adere ao projeto \u201cCidadania e Justi\u00e7a tamb\u00e9m se aprendem na escola\u201d"},"content":{"rendered":"<p>A Autarquia Municipal de Educa\u00e7\u00e3o firmou parceria com o Tribunal de Justi\u00e7a do Paran\u00e1, por meio da Comarca de Apucarana, para o desenvolvimento do projeto \u201cCidadania e Justi\u00e7a tamb\u00e9m se aprendem na escola\u201d junto aos alunos de sua rede.<img loading=\"lazy\" class=\"alignnone size-full wp-image-1366\" src=\"http:\/\/www.apucarana.pr.gov.br\/ame\/wp-content\/uploads\/2016\/06\/ss.jpg\" alt=\"ss\" width=\"1520\" height=\"815\" \/><\/p>\n<p>A assinatura do termo de ades\u00e3o foi realizada, na tarde de hoje (20\/06), no gabinete do executivo, e contou com a presen\u00e7a do prefeito Beto Preto, do vice-prefeito J\u00fanior da Femac, da ju\u00edza de direito da Comarca de Apucarana Dra. Carolline de Castro Carrijo, da secret\u00e1ria de educa\u00e7\u00e3o Marli Fernandes, do procurador jur\u00eddico municipal Dr. Paulo Vital e da diretora do Departamento Jur\u00eddico da AME Dra. Elaine Caliman Soares.<\/p>\n<p>O projeto \u201cCidadania e justi\u00e7a tamb\u00e9m se aprendem na escola\u201d surgiu da necessidade de divulgar no\u00e7\u00f5es b\u00e1sicas acerca do funcionamento do Poder Judici\u00e1rio \u00e0 popula\u00e7\u00e3o. Em Apucarana, as atividades contemplar\u00e3o at\u00e9 o final do ano cerca de 1.300 crian\u00e7as, matriculadas no 5\u00ba ano do ensino fundamental em 33 escolas.<\/p>\n<p>\u201cPrimeiramente os professores v\u00e3o trabalhar em sala de aula uma cartilha enviada pelo Tribunal de Justi\u00e7a, ensinando aos alunos os principais direitos e deveres que um cidad\u00e3o possui. Depois essas crian\u00e7as visitar\u00e3o o f\u00f3rum local para conhecer a estrutura do poder judici\u00e1rio e assistir\u00e3o a palestras com promotores, ju\u00edzes e advogados,\u201d explicou Dra. Carolline.<\/p>\n<p>A secret\u00e1ria de educa\u00e7\u00e3o, professora Marli Fernandes, afirma que a iniciativa do Tribunal de Justi\u00e7a do Paran\u00e1 \u00e9 relevante e v\u00eam ao encontro do curr\u00edculo cr\u00edtico desenvolvido na rede municipal. \u201cEsse projeto contribuir\u00e1 para a educa\u00e7\u00e3o integral na medida em que ensinar\u00e1 aos nossos alunos no\u00e7\u00f5es de cidadania, civismo e participa\u00e7\u00e3o na vida em comunidade,\u201d afirmou.<\/p>\n<div class = 'socialMediaOnEveryPost'>Compartilhe<div id=\"sgmbShare1-1\" class=\"sgmbShare jssocials-theme-classic sgmbWidget1-1\"><\/div><div class=\"dropdownWrapper dropdownWrapper1 dropdownWrapper-for-widget \" id=\"dropdownWrapper-for-widget\">\r\n\t\t\t\t\t\t<div class=\"dropdownLabel\" id=\"dropdownLabel-share-list\"><span class=\"sgmbButtonListLabel1\">Share List<\/span><\/div>\r\n\t\t\t\t\t\t<div class=\"dropdownPanel dropdownPanel1-1\">\r\n\t\t\t\t\t\t<\/div>\r\n\t\t\t\t\t<\/div><script>  SGMB_URL = \"http:\/\/www.apucarana.pr.gov.br\/ame\/wp-content\/plugins\/social-media-builder\/\"; jQuery(\".dropdownWrapper\").hide(); SGMB_GOOGLE_ACOUNT = \"\"; <\/script><script type=\"text\/javascript\">\r\n\t\tjQuery(document).ready(function($){var widget = new SGMBWidget();widget.show({\"id\":\"1\",\"title\":\"Face\\\/Twitter\",\"options\":{\"currentUrl\":\"1\",\"url\":\"\",\"shareText\":\"\",\"fontSize\":\"14\",\"betweenButtons\":\"1px\",\"theme\":\"classic\",\"sgmbButtonsPosition\":\"bottomLeft\",\"socialTheme\":\"\",\"icon\":\"default\",\"buttonsPanelEffect\":\"No Effect\",\"buttonsEffect\":\"No Effect\",\"iconsEffect\":\"No Effect\",\"buttons\":\"{\\\"facebook\\\":{\\\"label\\\":\\\"Share\\\",\\\"icon\\\":\\\"default-facebook\\\"},\\\"twitter\\\":{\\\"label\\\":\\\"Tweet\\\",\\\"icon\\\":\\\"default-twitter\\\",\\\"via\\\":\\\"\\\",\\\"hashtags\\\":\\\"\\\"}}\",\"roundButton\":\"\",\"showLabels\":\"\",\"showCounts\":\"\",\"showCenter\":\"\",\"showButtonsAsList\":\"\",\"sgmbDropdownColor\":\"\",\"sgmbDropdownLabelFontSize\":\"14\",\"sgmbDropdownLabelColor\":\"\",\"showButtonsOnEveryPost\":\"on\",\"selectedOrExcluded\":\"\",\"showButtonsOnEveryPage\":\"\",\"textOnEveryPost\":\"Compartilhe\",\"showButtonsOnCustomPost\":\"\",\"textOnCustomPost\":\"\",\"showButtonsOnMobileDirect\":\"on\",\"showButtonsOnDesktopDirect\":\"on\",\"sgmbSelectedPages\":[\"\"],\"sgmbExcludedPosts\":[\"\"],\"sgmbSelectedCustomPosts\":[],\"showButtonsInPopup\":\"\",\"titleOfPopup\":\"\",\"descriptionOfPopup\":\"\",\"showPopupOnLoad\":\"\",\"showPopupOnScroll\":\"\",\"showPopupOnExit\":\"\",\"openSecondsOfPopup\":\"\",\"googleAnaliticsAccount\":\"\"},\"buttonOptions\":{\"facebook\":{\"label\":\"Share\",\"icon\":\"default-facebook\"},\"twitter\":{\"label\":\"Tweet\",\"icon\":\"default-twitter\",\"via\":\"\",\"hashtags\":\"\"}},\"button\":[\"facebook\",\"twitter\"]}, 1, '', 'http:\/\/www.apucarana.pr.gov.br\/ame\/wp-content\/uploads\/2016\/06\/ss.jpg', '', 'http:\/\/www.apucarana.pr.gov.br\/ame\/autarquia-de-educacao-adere-ao-projeto-cidadania-e-justica-tambem-se-aprendem-na-escola\/'); });<\/script><\/div><script> jQuery(\".socialMediaOnEveryPost\").addClass(\"sgmb-left\") <\/script>","protected":false},"excerpt":{"rendered":"<p>A Autarquia Municipal de Educa\u00e7\u00e3o firmou parceria com o Tribunal de Justi\u00e7a do Paran\u00e1, por meio da Comarca de Apucarana, para o desenvolvimento do projeto \u201cCidadania e Justi\u00e7a tamb\u00e9m se aprendem na escola\u201d junto aos alunos de sua rede. A assinatura do termo de ades\u00e3o foi realizada, na tarde de&hellip; <\/p>\n","protected":false},"author":1,"featured_media":0,"comment_status":"closed","ping_status":"open","sticky":false,"template":"","format":"standard","meta":[],"categories":[9],"tags":[],"_links":{"self":[{"href":"http:\/\/www.apucarana.pr.gov.br\/ame\/wp-json\/wp\/v2\/posts\/5528"}],"collection":[{"href":"http:\/\/www.apucarana.pr.gov.br\/ame\/wp-json\/wp\/v2\/posts"}],"about":[{"href":"http:\/\/www.apucarana.pr.gov.br\/ame\/wp-json\/wp\/v2\/types\/post"}],"author":[{"embeddable":true,"href":"http:\/\/www.apucarana.pr.gov.br\/ame\/wp-json\/wp\/v2\/users\/1"}],"replies":[{"embeddable":true,"href":"http:\/\/www.apucarana.pr.gov.br\/ame\/wp-json\/wp\/v2\/comments?post=5528"}],"version-history":[{"count":1,"href":"http:\/\/www.apucarana.pr.gov.br\/ame\/wp-json\/wp\/v2\/posts\/5528\/revisions"}],"predecessor-version":[{"id":5590,"href":"http:\/\/www.apucarana.pr.gov.br\/ame\/wp-json\/wp\/v2\/posts\/5528\/revisions\/5590"}],"wp:attachment":[{"href":"http:\/\/www.apucarana.pr.gov.br\/ame\/wp-json\/wp\/v2\/media?parent=5528"}],"wp:term":[{"taxonomy":"category","embeddable":true,"href":"http:\/\/www.apucarana.pr.gov.br\/ame\/wp-json\/wp\/v2\/categories?post=5528"},{"taxonomy":"post_tag","embeddable":true,"href":"http:\/\/www.apucarana.pr.gov.br\/ame\/wp-json\/wp\/v2\/tags?post=5528"}],"curies":[{"name":"wp","href":"https:\/\/api.w.org\/{rel}","templated":true}]}}