{"id":5527,"date":"2016-06-20T17:54:42","date_gmt":"2016-06-20T20:54:42","guid":{"rendered":"http:\/\/www.apucarana.pr.gov.br\/ame\/?p=5527"},"modified":"2024-10-08T09:10:29","modified_gmt":"2024-10-08T12:10:29","slug":"prefeitura-entrega-reforma-e-ampliacao-da-escola-augusto-weyand","status":"publish","type":"post","link":"http:\/\/www.apucarana.pr.gov.br\/ame\/prefeitura-entrega-reforma-e-ampliacao-da-escola-augusto-weyand\/","title":{"rendered":"Prefeitura entrega reforma e amplia\u00e7\u00e3o da Escola Augusto Weyand"},"content":{"rendered":"<p>A Prefeitura de Apucarana, por meio da Autarquia de Educa\u00e7\u00e3o, entregou na manh\u00e3 de hoje (18\/06) as obras de reforma e amplia\u00e7\u00e3o da Escola Municipal Augusto Weyand. A unidade fica situada \u00e0 Rua Marc\u00edlio Dias, no Jardim Tibagi.<\/p>\n<p>Inaugurado em 28 de fevereiro de 1991, o pr\u00e9dio escolar j\u00e1 se encontrava em condi\u00e7\u00f5es prec\u00e1rias. A reforma abrangeu \u00e1rea de 698,12 m<sup>2 <\/sup>e a amplia\u00e7\u00e3o outros 274,22 m<sup>2<\/sup>. O montante investido totalizou R$ 659.744,51, com recursos do pr\u00f3prio munic\u00edpio.<\/p>\n<p>\u201cDuas salas de aula estavam interditadas porque o telhado corria riscos de desabar, os banheiros apresentavam infiltra\u00e7\u00f5es e vazamentos, a fossa s\u00e9ptica n\u00e3o suportava a quantidade de alunos e as instala\u00e7\u00f5es el\u00e9tricas necessitavam constantemente de reparos\u201d, desabafou a diretora Telma Cielsiski.<\/p>\n<p>Entre as benfeitorias realizadas, as principais foram a constru\u00e7\u00e3o de duas novas salas de aula; a amplia\u00e7\u00e3o do dep\u00f3sito de merenda e da \u00e1rea administrativa (secretaria, coordena\u00e7\u00e3o e dire\u00e7\u00e3o); a implanta\u00e7\u00e3o da central de g\u00e1s; e a reforma das salas de aula, sala multifuncional, sala dos professores, cozinha e sanit\u00e1rios.<\/p>\n<p>Todos os espa\u00e7os foram adequados para atender as normas vigentes de seguran\u00e7a, higiene e acessibilidade preconizadas por \u00f3rg\u00e3os como o Corpo de Bombeiros, a Vigil\u00e2ncia Sanit\u00e1ria e o Minist\u00e9rio da Educa\u00e7\u00e3o.<\/p>\n<p>Durante o ato de entrega das obras, os alunos da Escola Augusto Weyand apresentaram \u00e0s autoridades e ao p\u00fablico uma par\u00f3dia da m\u00fasica &#8220;Carrossel&#8221;, tema da novela infantil de mesmo nome. &#8220;O nosso banheiro \u00e9 limpinho e a nossa sala n\u00e3o tem mais goteira. A cozinha ganhou cara nova, \u00e9 toda branquinha e a merenda gostosa. Os nossos professores t\u00eam mais condi\u00e7\u00f5es para trabalhar. Assim fica bem mais gostoso viver, sonhar e se dedica,&#8221; dizia a letra.<\/p>\n<p>Na mesma dire\u00e7\u00e3o, os pais de alunos tamb\u00e9m elogiaram os investimentos aplicados no pr\u00e9dio. &#8220;Foi uma transforma\u00e7\u00e3o magn\u00edfica o que fizeram nesta escola. \u00c9 muito bom comparar as fotos antigas com o que estamos vendo agora e perceber que a minha filha est\u00e1 sendo muito bem cuidada,&#8221; afirmou Andr\u00e9ia Domingues Alves, m\u00e3e da aluna Maria Eduarda, do 4\u00b0 ano.<img loading=\"lazy\" class=\"alignnone size-full wp-image-1360\" src=\"http:\/\/www.apucarana.pr.gov.br\/ame\/wp-content\/uploads\/2016\/06\/REINAUGURA__OPROFETA-1.jpg\" alt=\"REINAUGURA__O(PROFETA) (1)\" width=\"5233\" height=\"3489\" \/><\/p>\n<p>A exist\u00eancia de um espa\u00e7o f\u00edsico adequado \u00e9 pr\u00e9-requisito para o desenvolvimento do ensino integral. &#8220;Os nossos alunos ficam nove horas di\u00e1rias dentro das escolas, muito mais tempo do que permanecem acordados em casa. Por isso, necessitam de um ambiente que seja acolhedor para desenvolverem um aprendizado efetivo,&#8221; explicou a secret\u00e1ria municipal de educa\u00e7\u00e3o, professora Marli Fernandes.<img loading=\"lazy\" class=\"alignnone wp-image-1361 size-full\" src=\"http:\/\/www.apucarana.pr.gov.br\/ame\/wp-content\/uploads\/2016\/06\/REINAUGURA__OPROFETA-4.jpg\" alt=\"REINAUGURA__O(PROFETA) (4)\" width=\"4930\" height=\"3648\" \/><\/p>\n<p>O prefeito Beto Preto ainda garantiu novas benfeitorias para unidade de ensino do Jardim Tibagi. &#8220;N\u00f3s pretendemos reformar a quadra coberta, construir um novo muro e colocar um port\u00e3o, de tal modo que os funcion\u00e1rios possam estacionar seus carros dentro dos limites da escola. Isso tudo ser\u00e1 providenciado no pr\u00f3ximo pacote de obras. Investir em educa\u00e7\u00e3o \u00e9 o melhor que podemos fazer, pois com isso estamos investindo nos cidad\u00e3os do futuro.&#8221;<img loading=\"lazy\" class=\"alignnone wp-image-1362 size-full\" src=\"http:\/\/www.apucarana.pr.gov.br\/ame\/wp-content\/uploads\/2016\/06\/REINAUGURA__OPROFETA-5.jpg\" alt=\"REINAUGURA__O(PROFETA) (5)\" width=\"5381\" height=\"2992\" \/><\/p>\n<p>Neto do patrono Augusto Weyand, o superintendente de Rela\u00e7\u00f5es com a Comunidade da Prefeitura de Apucarana, La\u00e9rcio de Moraes, destacou a contribui\u00e7\u00e3o de seu av\u00f4 para a educa\u00e7\u00e3o e o desenvolvimento municipal. &#8220;Em 1952, meu av\u00f4 loteou vinte alqueires de sua propriedade que deram origem ao bairro da Vila Nova, e doou um terreno para a constru\u00e7\u00e3o da primeira unidade de ensino desta regi\u00e3o: a Escola Osvaldo Cruz. N\u00f3s ficamos emocionados de ver a escola que agora leva o seu nome ser totalmente reformada e ampliada,&#8221; disse.<\/p>\n<p>A Escola Municipal Augusto Weyand possui atualmente 196 alunos, matriculados na Educa\u00e7\u00e3o Infantil (Pr\u00e9 I e Pr\u00e9 II) e nos anos iniciais do Ensino Fundamental (1\u00ba ao 5\u00ba ano).\u00a0\u00a0\u00a0<a href=\"http:\/\/www.apucarana.pr.gov.br\/ame\/wp-content\/uploads\/2016\/06\/REINAUGURA__OPROFETA-9.jpg\"><img loading=\"lazy\" class=\"alignnone wp-image-1363 size-full\" src=\"http:\/\/www.apucarana.pr.gov.br\/ame\/wp-content\/uploads\/2016\/06\/REINAUGURA__OPROFETA-9.jpg\" alt=\"REINAUGURA__O(PROFETA) (9)\" width=\"5232\" height=\"3552\" \/><\/a><\/p>\n<div class = 'socialMediaOnEveryPost'>Compartilhe<div id=\"sgmbShare1-1\" class=\"sgmbShare jssocials-theme-classic sgmbWidget1-1\"><\/div><div class=\"dropdownWrapper dropdownWrapper1 dropdownWrapper-for-widget \" id=\"dropdownWrapper-for-widget\">\r\n\t\t\t\t\t\t<div class=\"dropdownLabel\" id=\"dropdownLabel-share-list\"><span class=\"sgmbButtonListLabel1\">Share List<\/span><\/div>\r\n\t\t\t\t\t\t<div class=\"dropdownPanel dropdownPanel1-1\">\r\n\t\t\t\t\t\t<\/div>\r\n\t\t\t\t\t<\/div><script>  SGMB_URL = \"http:\/\/www.apucarana.pr.gov.br\/ame\/wp-content\/plugins\/social-media-builder\/\"; jQuery(\".dropdownWrapper\").hide(); SGMB_GOOGLE_ACOUNT = \"\"; <\/script><script type=\"text\/javascript\">\r\n\t\tjQuery(document).ready(function($){var widget = new SGMBWidget();widget.show({\"id\":\"1\",\"title\":\"Face\\\/Twitter\",\"options\":{\"currentUrl\":\"1\",\"url\":\"\",\"shareText\":\"\",\"fontSize\":\"14\",\"betweenButtons\":\"1px\",\"theme\":\"classic\",\"sgmbButtonsPosition\":\"bottomLeft\",\"socialTheme\":\"\",\"icon\":\"default\",\"buttonsPanelEffect\":\"No Effect\",\"buttonsEffect\":\"No Effect\",\"iconsEffect\":\"No Effect\",\"buttons\":\"{\\\"facebook\\\":{\\\"label\\\":\\\"Share\\\",\\\"icon\\\":\\\"default-facebook\\\"},\\\"twitter\\\":{\\\"label\\\":\\\"Tweet\\\",\\\"icon\\\":\\\"default-twitter\\\",\\\"via\\\":\\\"\\\",\\\"hashtags\\\":\\\"\\\"}}\",\"roundButton\":\"\",\"showLabels\":\"\",\"showCounts\":\"\",\"showCenter\":\"\",\"showButtonsAsList\":\"\",\"sgmbDropdownColor\":\"\",\"sgmbDropdownLabelFontSize\":\"14\",\"sgmbDropdownLabelColor\":\"\",\"showButtonsOnEveryPost\":\"on\",\"selectedOrExcluded\":\"\",\"showButtonsOnEveryPage\":\"\",\"textOnEveryPost\":\"Compartilhe\",\"showButtonsOnCustomPost\":\"\",\"textOnCustomPost\":\"\",\"showButtonsOnMobileDirect\":\"on\",\"showButtonsOnDesktopDirect\":\"on\",\"sgmbSelectedPages\":[\"\"],\"sgmbExcludedPosts\":[\"\"],\"sgmbSelectedCustomPosts\":[],\"showButtonsInPopup\":\"\",\"titleOfPopup\":\"\",\"descriptionOfPopup\":\"\",\"showPopupOnLoad\":\"\",\"showPopupOnScroll\":\"\",\"showPopupOnExit\":\"\",\"openSecondsOfPopup\":\"\",\"googleAnaliticsAccount\":\"\"},\"buttonOptions\":{\"facebook\":{\"label\":\"Share\",\"icon\":\"default-facebook\"},\"twitter\":{\"label\":\"Tweet\",\"icon\":\"default-twitter\",\"via\":\"\",\"hashtags\":\"\"}},\"button\":[\"facebook\",\"twitter\"]}, 1, '', 'http:\/\/www.apucarana.pr.gov.br\/ame\/wp-content\/uploads\/2016\/06\/REINAUGURA__OPROFETA-1.jpg', '', 'http:\/\/www.apucarana.pr.gov.br\/ame\/prefeitura-entrega-reforma-e-ampliacao-da-escola-augusto-weyand\/'); });<\/script><\/div><script> jQuery(\".socialMediaOnEveryPost\").addClass(\"sgmb-left\") <\/script>","protected":false},"excerpt":{"rendered":"<p>A Prefeitura de Apucarana, por meio da Autarquia de Educa\u00e7\u00e3o, entregou na manh\u00e3 de hoje (18\/06) as obras de reforma e amplia\u00e7\u00e3o da Escola Municipal Augusto Weyand. A unidade fica situada \u00e0 Rua Marc\u00edlio Dias, no Jardim Tibagi. Inaugurado em 28 de fevereiro de 1991, o pr\u00e9dio escolar j\u00e1 se&hellip; <\/p>\n","protected":false},"author":1,"featured_media":0,"comment_status":"closed","ping_status":"open","sticky":false,"template":"","format":"standard","meta":[],"categories":[9],"tags":[],"_links":{"self":[{"href":"http:\/\/www.apucarana.pr.gov.br\/ame\/wp-json\/wp\/v2\/posts\/5527"}],"collection":[{"href":"http:\/\/www.apucarana.pr.gov.br\/ame\/wp-json\/wp\/v2\/posts"}],"about":[{"href":"http:\/\/www.apucarana.pr.gov.br\/ame\/wp-json\/wp\/v2\/types\/post"}],"author":[{"embeddable":true,"href":"http:\/\/www.apucarana.pr.gov.br\/ame\/wp-json\/wp\/v2\/users\/1"}],"replies":[{"embeddable":true,"href":"http:\/\/www.apucarana.pr.gov.br\/ame\/wp-json\/wp\/v2\/comments?post=5527"}],"version-history":[{"count":1,"href":"http:\/\/www.apucarana.pr.gov.br\/ame\/wp-json\/wp\/v2\/posts\/5527\/revisions"}],"predecessor-version":[{"id":5591,"href":"http:\/\/www.apucarana.pr.gov.br\/ame\/wp-json\/wp\/v2\/posts\/5527\/revisions\/5591"}],"wp:attachment":[{"href":"http:\/\/www.apucarana.pr.gov.br\/ame\/wp-json\/wp\/v2\/media?parent=5527"}],"wp:term":[{"taxonomy":"category","embeddable":true,"href":"http:\/\/www.apucarana.pr.gov.br\/ame\/wp-json\/wp\/v2\/categories?post=5527"},{"taxonomy":"post_tag","embeddable":true,"href":"http:\/\/www.apucarana.pr.gov.br\/ame\/wp-json\/wp\/v2\/tags?post=5527"}],"curies":[{"name":"wp","href":"https:\/\/api.w.org\/{rel}","templated":true}]}}