{"id":5458,"date":"2016-04-28T18:15:40","date_gmt":"2016-04-28T21:15:40","guid":{"rendered":"http:\/\/www.apucarana.pr.gov.br\/ame\/?p=5458"},"modified":"2024-10-08T09:10:29","modified_gmt":"2024-10-08T12:10:29","slug":"passeatas-contra-a-dengue-mobilizam-alunos-da-rede-municipal","status":"publish","type":"post","link":"http:\/\/www.apucarana.pr.gov.br\/ame\/passeatas-contra-a-dengue-mobilizam-alunos-da-rede-municipal\/","title":{"rendered":"Passeatas contra a dengue mobilizam alunos da rede municipal"},"content":{"rendered":"<p>A Autarquia Municipal de Educa\u00e7\u00e3o conclamou hoje (07\/04) a popula\u00e7\u00e3o apucaranense a combater a prolifera\u00e7\u00e3o do <em>Aedes aegypti<\/em>, mosquito transmissor da dengue, da febre chikungunya e do zika v\u00edrus. Alunos das 37 escolas e 23 CMEIs da r<a href=\"http:\/\/www.apucarana.pr.gov.br\/ame\/wp-content\/uploads\/2016\/04\/11.jpg\"><br \/>\n<\/a>ede sa\u00edram \u00e0s ruas de seus bairros, entregando panfletos informativos do problema e orientando os moradores a evitarem o ac\u00famulo de \u00e1gua parada.<img loading=\"lazy\" class=\"size-full wp-image-1156 aligncenter\" src=\"http:\/\/www.apucarana.pr.gov.br\/ame\/wp-content\/uploads\/2016\/04\/11.jpg\" alt=\"1\" width=\"1000\" height=\"563\" \/><\/p>\n<p>&nbsp;<\/p>\n<p>A atividade faz parte da programa\u00e7\u00e3o do projeto Sementes do Futuro, que foi criado pela AME com o intuito de conscientizar as crian\u00e7as e seus familiares sobre temas ambientais que est\u00e3o em evid\u00eancia na sociedade.<\/p>\n<p>&nbsp;<\/p>\n<p>O start para a mobiliza\u00e7\u00e3o foi dado, no in\u00edcio da manh\u00e3, na Escola Municipal Jo\u00e3o Ant\u00f4nio Braga C\u00f4rtes, na Vila Formosa. Entre outras autoridades, a secret\u00e1ria municipal de educa\u00e7\u00e3o, professora Marli Fernandes, o representante do Minist\u00e9rio da Educa\u00e7\u00e3o (MEC), professor Halison Golias, e os vereadores Jos\u00e9 Airton Deco de Ara\u00fajo e Luiz Cordeiro Magalh\u00f5es Filho participaram do ato.<\/p>\n<p>&nbsp;<\/p>\n<p>Desde o in\u00edcio do ano letivo, os mais de onze mil alunos da rede municipal j\u00e1 assistiram a palestras e participaram de rodas de conversa sobre o tema <em>Aedes aegypti<\/em>, promovidas em parceria com a Autarquia Municipal de Sa\u00fade e o 30\u00ba Batalh\u00e3o de Infantaria Mecanizado, e foram incentivados a produzir cartazes e maquetes, a plantar sementes de Crotal\u00e1ria e de Citronela, e a identificar poss\u00edveis focos do mosquito no ambiente escolar.<\/p>\n<p>&nbsp;<\/p>\n<p>\u201cEsse trabalho j\u00e1 tem gerado uma mudan\u00e7a de postura dos pequenos em rela\u00e7\u00e3o ao meio ambiente. Alguns pais nos relatam que se tornaram fatos corriqueiros seus filhos chegarem em casa e fiscalizarem o quintal para ver se encontram \u00e1gua parada ou lavarem a vasilha de \u00e1gua do cachorro\u201d, afirmou professora Marli.<\/p>\n<p>&nbsp;<\/p>\n<p>Depois de aprenderem como funciona o ciclo de vida do mosquito, a forma correta de combat\u00ea-lo e os principais sintomas causados pelas doen\u00e7as transmitidas por ele, a Autarquia Municipal de Educa\u00e7\u00e3o entendeu que chegou o momento prop\u00edcio de levar seus alunos para junto da comunidade. \u201cPorque as crian\u00e7as aprendem na escola e multiplicam o conhecimento em casa e na vizinhan\u00e7a. Hoje, 36 mil panfletos est\u00e3o sendo entregues e in\u00fameros carros adesivados em blitz educativas espalhadas pela cidade,\u201d acrescentou Marli.<\/p>\n<p>&nbsp;<\/p>\n<p>\u201cEu estou dizendo para os motoristas que passam em frente a nossa escola que a dengue pode matar e por isso n\u00f3s temos que combater o mosquito. At\u00e9 uma tampinha de garrafa pode acumular \u00e1gua e vir a ser foco de larvas. Alguns dos sintomas da doen\u00e7a s\u00e3o olhos vermelhos e muita dor de cabe\u00e7a,\u201d ensinou a aluna Ana Rosa Rech Rocha, do 4\u00ba ano da Escola Jo\u00e3o Ant\u00f4nio Braga C\u00f4rtes.<\/p>\n<p>&nbsp;<\/p>\n<p>O professor do campus apucaranense da Universidade Tecnol\u00f3gica Federal do Paran\u00e1 (UTFPR) e representante do MEC, Halison Golias, exp\u00f4s sua opini\u00e3o acerca do projeto Sementes do Futuro. \u201cN\u00f3s parabenizamos a AME pelo desenvolvimento desse trabalho. O controle da dengue, da zika e da febre chikungunya \u00e9 uma preocupa\u00e7\u00e3o de todo o pa\u00eds. E se n\u00f3s ainda temos focos de mosquitos Aedes aegypti, \u00e9 porque algumas pessoas n\u00e3o est\u00e3o fazendo a sua parte. A conscientiza\u00e7\u00e3o \u00e9 muito importante,\u201d disse.<\/p>\n<p>&nbsp;<\/p>\n<p>O Projeto Sementes do Futuro reflete a compreens\u00e3o da Prefeitura de Apucarana e da Autarquia Municipal de Educa\u00e7\u00e3o de que o despertar de um novo olhar sobre o meio ambiente e a ado\u00e7\u00e3o de uma postura \u00e9tica perante a natureza s\u00e3o condi\u00e7\u00f5es imprescind\u00edveis para a busca efetiva de uma vida saud\u00e1vel.<\/p>\n<div class = 'socialMediaOnEveryPost'>Compartilhe<div id=\"sgmbShare1-1\" class=\"sgmbShare jssocials-theme-classic sgmbWidget1-1\"><\/div><div class=\"dropdownWrapper dropdownWrapper1 dropdownWrapper-for-widget \" id=\"dropdownWrapper-for-widget\">\r\n\t\t\t\t\t\t<div class=\"dropdownLabel\" id=\"dropdownLabel-share-list\"><span class=\"sgmbButtonListLabel1\">Share List<\/span><\/div>\r\n\t\t\t\t\t\t<div class=\"dropdownPanel dropdownPanel1-1\">\r\n\t\t\t\t\t\t<\/div>\r\n\t\t\t\t\t<\/div><script>  SGMB_URL = \"http:\/\/www.apucarana.pr.gov.br\/ame\/wp-content\/plugins\/social-media-builder\/\"; jQuery(\".dropdownWrapper\").hide(); SGMB_GOOGLE_ACOUNT = \"\"; <\/script><script type=\"text\/javascript\">\r\n\t\tjQuery(document).ready(function($){var widget = new SGMBWidget();widget.show({\"id\":\"1\",\"title\":\"Face\\\/Twitter\",\"options\":{\"currentUrl\":\"1\",\"url\":\"\",\"shareText\":\"\",\"fontSize\":\"14\",\"betweenButtons\":\"1px\",\"theme\":\"classic\",\"sgmbButtonsPosition\":\"bottomLeft\",\"socialTheme\":\"\",\"icon\":\"default\",\"buttonsPanelEffect\":\"No Effect\",\"buttonsEffect\":\"No Effect\",\"iconsEffect\":\"No Effect\",\"buttons\":\"{\\\"facebook\\\":{\\\"label\\\":\\\"Share\\\",\\\"icon\\\":\\\"default-facebook\\\"},\\\"twitter\\\":{\\\"label\\\":\\\"Tweet\\\",\\\"icon\\\":\\\"default-twitter\\\",\\\"via\\\":\\\"\\\",\\\"hashtags\\\":\\\"\\\"}}\",\"roundButton\":\"\",\"showLabels\":\"\",\"showCounts\":\"\",\"showCenter\":\"\",\"showButtonsAsList\":\"\",\"sgmbDropdownColor\":\"\",\"sgmbDropdownLabelFontSize\":\"14\",\"sgmbDropdownLabelColor\":\"\",\"showButtonsOnEveryPost\":\"on\",\"selectedOrExcluded\":\"\",\"showButtonsOnEveryPage\":\"\",\"textOnEveryPost\":\"Compartilhe\",\"showButtonsOnCustomPost\":\"\",\"textOnCustomPost\":\"\",\"showButtonsOnMobileDirect\":\"on\",\"showButtonsOnDesktopDirect\":\"on\",\"sgmbSelectedPages\":[\"\"],\"sgmbExcludedPosts\":[\"\"],\"sgmbSelectedCustomPosts\":[],\"showButtonsInPopup\":\"\",\"titleOfPopup\":\"\",\"descriptionOfPopup\":\"\",\"showPopupOnLoad\":\"\",\"showPopupOnScroll\":\"\",\"showPopupOnExit\":\"\",\"openSecondsOfPopup\":\"\",\"googleAnaliticsAccount\":\"\"},\"buttonOptions\":{\"facebook\":{\"label\":\"Share\",\"icon\":\"default-facebook\"},\"twitter\":{\"label\":\"Tweet\",\"icon\":\"default-twitter\",\"via\":\"\",\"hashtags\":\"\"}},\"button\":[\"facebook\",\"twitter\"]}, 1, '', 'http:\/\/www.apucarana.pr.gov.br\/ame\/wp-content\/uploads\/2016\/04\/11.jpg', '', 'http:\/\/www.apucarana.pr.gov.br\/ame\/passeatas-contra-a-dengue-mobilizam-alunos-da-rede-municipal\/'); });<\/script><\/div><script> jQuery(\".socialMediaOnEveryPost\").addClass(\"sgmb-left\") <\/script>","protected":false},"excerpt":{"rendered":"<p>A Autarquia Municipal de Educa\u00e7\u00e3o conclamou hoje (07\/04) a popula\u00e7\u00e3o apucaranense a combater a prolifera\u00e7\u00e3o do Aedes aegypti, mosquito transmissor da dengue, da febre chikungunya e do zika v\u00edrus. Alunos das 37 escolas e 23 CMEIs da r ede sa\u00edram \u00e0s ruas de seus bairros, entregando panfletos informativos do problema&hellip; <\/p>\n","protected":false},"author":1,"featured_media":0,"comment_status":"closed","ping_status":"open","sticky":false,"template":"","format":"standard","meta":[],"categories":[9],"tags":[],"_links":{"self":[{"href":"http:\/\/www.apucarana.pr.gov.br\/ame\/wp-json\/wp\/v2\/posts\/5458"}],"collection":[{"href":"http:\/\/www.apucarana.pr.gov.br\/ame\/wp-json\/wp\/v2\/posts"}],"about":[{"href":"http:\/\/www.apucarana.pr.gov.br\/ame\/wp-json\/wp\/v2\/types\/post"}],"author":[{"embeddable":true,"href":"http:\/\/www.apucarana.pr.gov.br\/ame\/wp-json\/wp\/v2\/users\/1"}],"replies":[{"embeddable":true,"href":"http:\/\/www.apucarana.pr.gov.br\/ame\/wp-json\/wp\/v2\/comments?post=5458"}],"version-history":[{"count":1,"href":"http:\/\/www.apucarana.pr.gov.br\/ame\/wp-json\/wp\/v2\/posts\/5458\/revisions"}],"predecessor-version":[{"id":5595,"href":"http:\/\/www.apucarana.pr.gov.br\/ame\/wp-json\/wp\/v2\/posts\/5458\/revisions\/5595"}],"wp:attachment":[{"href":"http:\/\/www.apucarana.pr.gov.br\/ame\/wp-json\/wp\/v2\/media?parent=5458"}],"wp:term":[{"taxonomy":"category","embeddable":true,"href":"http:\/\/www.apucarana.pr.gov.br\/ame\/wp-json\/wp\/v2\/categories?post=5458"},{"taxonomy":"post_tag","embeddable":true,"href":"http:\/\/www.apucarana.pr.gov.br\/ame\/wp-json\/wp\/v2\/tags?post=5458"}],"curies":[{"name":"wp","href":"https:\/\/api.w.org\/{rel}","templated":true}]}}