{"id":5442,"date":"2016-03-18T07:44:52","date_gmt":"2016-03-18T10:44:52","guid":{"rendered":"http:\/\/www.apucarana.pr.gov.br\/ame\/?p=5442"},"modified":"2024-10-08T09:10:29","modified_gmt":"2024-10-08T12:10:29","slug":"obras-de-reforma-alcancam-40-escolas","status":"publish","type":"post","link":"http:\/\/www.apucarana.pr.gov.br\/ame\/obras-de-reforma-alcancam-40-escolas\/","title":{"rendered":"Obras de reforma alcan\u00e7am 40 escolas"},"content":{"rendered":"<p>O prefeito Beto Preto assinou na noite de ontem (17\/03) ordem de servi\u00e7o para a reforma e amplia\u00e7\u00e3o das escolas municipais Papa Jo\u00e3o XXIII, situada na Vila Regina, e a F\u00e1bio Henrique da Silva, do Jardim Marissol. Consequentemente, a administra\u00e7\u00e3o apucaranense alcan\u00e7ou o total de 40 estabelecimentos escolares com obras conclu\u00eddas ou em execu\u00e7\u00e3o na rede municipal.<\/p>\n<p>Na Escola Papa Jo\u00e3o XXIII, o projeto de engenharia prev\u00ea a reforma de uma \u00e1rea de 660,02 m2 e a amplia\u00e7\u00e3o de outros 137,78 m2. Entre os servi\u00e7os a serem executados est\u00e3o a constru\u00e7\u00e3o de nova cozinha e dep\u00f3sito de merenda para atender as normas da vigil\u00e2ncia sanit\u00e1ria; a constru\u00e7\u00e3o de mais uma sala de aula; a atualiza\u00e7\u00e3o da central de g\u00e1s e do sistema de preven\u00e7\u00e3o de inc\u00eandios; a adequa\u00e7\u00e3o do refeit\u00f3rio, dos sanit\u00e1rios, da lavandeira e da secretaria; a troca da grade e pintura da quadra esportiva; a revis\u00e3o das redes el\u00e9trica e hidr\u00e1ulica; e a pintura interna e externa da edifica\u00e7\u00e3o.<\/p>\n<p>A empreiteira Bizantina Engenharia e Constru\u00e7\u00f5es Ltda. venceu a licita\u00e7\u00e3o e ser\u00e1 a respons\u00e1vel pela obra. O montante a ser investido na Escola Municipal Papa Jo\u00e3o XXIII, com recursos pr\u00f3prios do munic\u00edpio, \u00e9 da ordem de R$ 356.539,83.<\/p>\n<p>J\u00e1 na Escola Municipal F\u00e1bio Henrique da Silva, a \u00e1rea a ser reformada \u00e9 de 280,72 m2, enquanto que a amplia\u00e7\u00e3o abranger\u00e1 144,60 m2. As principais benfeitorias a serem feitas s\u00e3o a constru\u00e7\u00e3o de uma nova sala de aula; a amplia\u00e7\u00e3o dos sanit\u00e1rios masculino e feminino; a edifica\u00e7\u00e3o do muro divis\u00f3rio da escola; a revis\u00e3o das redes el\u00e9trica, hidr\u00e1ulica e pluvial; a adequa\u00e7\u00e3o da cozinha e do refeit\u00f3rio para o atendimento \u00e0s normas de vigil\u00e2ncia sanit\u00e1ria; a atualiza\u00e7\u00e3o da central de g\u00e1s e do sistema de preven\u00e7\u00e3o de inc\u00eandios; e a adequa\u00e7\u00e3o da \u00e1rea administrativa, lavanderia e do dep\u00f3sito de merenda, entre outros ambientes.<\/p>\n<p>A Construtora Deka Ltda., tamb\u00e9m de Apucarana, venceu o processo licitat\u00f3rio e receber\u00e1 R$ 406.108,90 para a execu\u00e7\u00e3o dos servi\u00e7os.<\/p>\n<p>O prefeito Beto Preto fez quest\u00e3o de destacar o montante j\u00e1 investido na rede municipal de ensino apucaranense. \u201cS\u00e3o mais de R$ 20 milh\u00f5es aplicados apenas nas estruturas dos pr\u00e9dios, sem contar os recursos postos na aquisi\u00e7\u00e3o de materiais e uniformes escolares distribu\u00eddos anualmente aos onze mil alunos da rede, na compra de TVs pen drive para todas as salas de aula e na melhoria da merenda, que hoje conta com diversidade de frutas e alimentos espec\u00edficos para crian\u00e7as lactentes, diab\u00e9ticas ou intolerantes ao gl\u00faten e \u00e0 lactose. Tudo isso porque nossas crian\u00e7as merecem a melhor qualidade de educa\u00e7\u00e3o. Daqui a dez dias, ainda devemos autorizar a abertura de novo processo licitat\u00f3rio para a reforma de outras oito unidades escolares,\u201d garantiu.<br \/>\nAcompanhando o ato, que aconteceu na sede da Autarquia Municipal de Educa\u00e7\u00e3o, o deputado estadual Nelson Justus (DEM-PR) disse estar impressionado com o fato de o munic\u00edpio apucaranense estar atravessando inc\u00f3lume \u00e0 crise econ\u00f4mica nacional. \u201cA cidade avan\u00e7a a passos largos porque conta com um gestor comprometido, que montou uma excelente equipe administrativa. Parab\u00e9ns a todos voc\u00eas. Apucarana \u00e9 hoje modelo para o Estado do Paran\u00e1,\u201d congratulou.<\/p>\n<p>Cidad\u00e3o honor\u00e1rio municipal, Justos foi o respons\u00e1vel pela elabora\u00e7\u00e3o do projeto que criou, no ano passado, a Regi\u00e3o Metropolitana de Apucarana.<\/p>\n<div class = 'socialMediaOnEveryPost'>Compartilhe<div id=\"sgmbShare1-1\" class=\"sgmbShare jssocials-theme-classic sgmbWidget1-1\"><\/div><div class=\"dropdownWrapper dropdownWrapper1 dropdownWrapper-for-widget \" id=\"dropdownWrapper-for-widget\">\r\n\t\t\t\t\t\t<div class=\"dropdownLabel\" id=\"dropdownLabel-share-list\"><span class=\"sgmbButtonListLabel1\">Share List<\/span><\/div>\r\n\t\t\t\t\t\t<div class=\"dropdownPanel dropdownPanel1-1\">\r\n\t\t\t\t\t\t<\/div>\r\n\t\t\t\t\t<\/div><script>  SGMB_URL = \"http:\/\/www.apucarana.pr.gov.br\/ame\/wp-content\/plugins\/social-media-builder\/\"; jQuery(\".dropdownWrapper\").hide(); SGMB_GOOGLE_ACOUNT = \"\"; <\/script><script type=\"text\/javascript\">\r\n\t\tjQuery(document).ready(function($){var widget = new SGMBWidget();widget.show({\"id\":\"1\",\"title\":\"Face\\\/Twitter\",\"options\":{\"currentUrl\":\"1\",\"url\":\"\",\"shareText\":\"\",\"fontSize\":\"14\",\"betweenButtons\":\"1px\",\"theme\":\"classic\",\"sgmbButtonsPosition\":\"bottomLeft\",\"socialTheme\":\"\",\"icon\":\"default\",\"buttonsPanelEffect\":\"No Effect\",\"buttonsEffect\":\"No Effect\",\"iconsEffect\":\"No Effect\",\"buttons\":\"{\\\"facebook\\\":{\\\"label\\\":\\\"Share\\\",\\\"icon\\\":\\\"default-facebook\\\"},\\\"twitter\\\":{\\\"label\\\":\\\"Tweet\\\",\\\"icon\\\":\\\"default-twitter\\\",\\\"via\\\":\\\"\\\",\\\"hashtags\\\":\\\"\\\"}}\",\"roundButton\":\"\",\"showLabels\":\"\",\"showCounts\":\"\",\"showCenter\":\"\",\"showButtonsAsList\":\"\",\"sgmbDropdownColor\":\"\",\"sgmbDropdownLabelFontSize\":\"14\",\"sgmbDropdownLabelColor\":\"\",\"showButtonsOnEveryPost\":\"on\",\"selectedOrExcluded\":\"\",\"showButtonsOnEveryPage\":\"\",\"textOnEveryPost\":\"Compartilhe\",\"showButtonsOnCustomPost\":\"\",\"textOnCustomPost\":\"\",\"showButtonsOnMobileDirect\":\"on\",\"showButtonsOnDesktopDirect\":\"on\",\"sgmbSelectedPages\":[\"\"],\"sgmbExcludedPosts\":[\"\"],\"sgmbSelectedCustomPosts\":[],\"showButtonsInPopup\":\"\",\"titleOfPopup\":\"\",\"descriptionOfPopup\":\"\",\"showPopupOnLoad\":\"\",\"showPopupOnScroll\":\"\",\"showPopupOnExit\":\"\",\"openSecondsOfPopup\":\"\",\"googleAnaliticsAccount\":\"\"},\"buttonOptions\":{\"facebook\":{\"label\":\"Share\",\"icon\":\"default-facebook\"},\"twitter\":{\"label\":\"Tweet\",\"icon\":\"default-twitter\",\"via\":\"\",\"hashtags\":\"\"}},\"button\":[\"facebook\",\"twitter\"]}, 1, '', 'http:\/\/www.apucarana.pr.gov.br\/ame\/wp-content\/plugins\/social-media-builder\/\/img\/no-image.png', '', 'http:\/\/www.apucarana.pr.gov.br\/ame\/obras-de-reforma-alcancam-40-escolas\/'); });<\/script><\/div><script> jQuery(\".socialMediaOnEveryPost\").addClass(\"sgmb-left\") <\/script>","protected":false},"excerpt":{"rendered":"<p>O prefeito Beto Preto assinou na noite de ontem (17\/03) ordem de servi\u00e7o para a reforma e amplia\u00e7\u00e3o das escolas municipais Papa Jo\u00e3o XXIII, situada na Vila Regina, e a F\u00e1bio Henrique da Silva, do Jardim Marissol. Consequentemente, a administra\u00e7\u00e3o apucaranense alcan\u00e7ou o total de 40 estabelecimentos escolares com obras&hellip; <\/p>\n","protected":false},"author":1,"featured_media":0,"comment_status":"closed","ping_status":"open","sticky":false,"template":"","format":"standard","meta":[],"categories":[9],"tags":[],"_links":{"self":[{"href":"http:\/\/www.apucarana.pr.gov.br\/ame\/wp-json\/wp\/v2\/posts\/5442"}],"collection":[{"href":"http:\/\/www.apucarana.pr.gov.br\/ame\/wp-json\/wp\/v2\/posts"}],"about":[{"href":"http:\/\/www.apucarana.pr.gov.br\/ame\/wp-json\/wp\/v2\/types\/post"}],"author":[{"embeddable":true,"href":"http:\/\/www.apucarana.pr.gov.br\/ame\/wp-json\/wp\/v2\/users\/1"}],"replies":[{"embeddable":true,"href":"http:\/\/www.apucarana.pr.gov.br\/ame\/wp-json\/wp\/v2\/comments?post=5442"}],"version-history":[{"count":1,"href":"http:\/\/www.apucarana.pr.gov.br\/ame\/wp-json\/wp\/v2\/posts\/5442\/revisions"}],"predecessor-version":[{"id":5598,"href":"http:\/\/www.apucarana.pr.gov.br\/ame\/wp-json\/wp\/v2\/posts\/5442\/revisions\/5598"}],"wp:attachment":[{"href":"http:\/\/www.apucarana.pr.gov.br\/ame\/wp-json\/wp\/v2\/media?parent=5442"}],"wp:term":[{"taxonomy":"category","embeddable":true,"href":"http:\/\/www.apucarana.pr.gov.br\/ame\/wp-json\/wp\/v2\/categories?post=5442"},{"taxonomy":"post_tag","embeddable":true,"href":"http:\/\/www.apucarana.pr.gov.br\/ame\/wp-json\/wp\/v2\/tags?post=5442"}],"curies":[{"name":"wp","href":"https:\/\/api.w.org\/{rel}","templated":true}]}}