{"id":5434,"date":"2016-02-23T16:43:52","date_gmt":"2016-02-23T19:43:52","guid":{"rendered":"http:\/\/www.apucarana.pr.gov.br\/ame\/?p=5434"},"modified":"2024-10-08T09:10:29","modified_gmt":"2024-10-08T12:10:29","slug":"transporte-escolar-passa-por-vistoria","status":"publish","type":"post","link":"http:\/\/www.apucarana.pr.gov.br\/ame\/transporte-escolar-passa-por-vistoria\/","title":{"rendered":"Transporte Escolar passa por vistoria"},"content":{"rendered":"<p>A Autarquia Municipal de Educa\u00e7\u00e3o (AME) realizou, nesta segunda (22) e ter\u00e7a-feira (23\/02), no p\u00e1tio de m\u00e1quinas da prefeitura, uma rigorosa vistoria nos 69 ve\u00edculos de suas frotas pr\u00f3pria e terceirizada do transporte escolar.<\/p>\n<p>Ao todo, 36 \u00f4nibus e micro-\u00f4nibus e 33 vans e kombis foram inspecionados por agentes da Guarda Municipal.\u00a0 Os itens verificados foram: pintura da lataria, para-choques dianteiro e traseiro, pneus, estepes, emplacamento, faixas amarelas com 40 cent\u00edmetros, alvar\u00e1, licenciamento, exist\u00eancia de chave de roda, tri\u00e2ngulo e macaco hidr\u00e1ulico, extintores de inc\u00eandio, cinto de seguran\u00e7a, lanternas, luzes de freio e indicativa de r\u00e9, entre outros.<\/p>\n<p>A vistoria da Circunscri\u00e7\u00e3o Regional de Tr\u00e2nsito (CIRETRAN), por sua vez, foi realizada no m\u00eas de janeiro, enquanto que a inspe\u00e7\u00e3o do Instituto Nacional de Metrologia, Qualidade e Tecnologia (INMETRO) ainda encontra-se dentro do prazo de validade.<\/p>\n<p>\u201cAl\u00e9m de estarem previstas no C\u00f3digo Brasileiro de Tr\u00e2nsito, as vistorias peri\u00f3dicas s\u00e3o uma exig\u00eancia da secret\u00e1ria de educa\u00e7\u00e3o, professora Marli Fernandes, e do prefeito Beto Preto, que prezam pela oferta de um servi\u00e7o seguro, confort\u00e1vel e de qualidade,\u201d disse o diretor geral do Departamento de Transporte Escolar da AME, professor Ailton Rodrigues de Souza, que acompanhou os trabalhos.<\/p>\n<p>\u201cA fiscaliza\u00e7\u00e3o de hoje constatou que os ve\u00edculos est\u00e3o em \u00f3timas condi\u00e7\u00f5es de uso. O relat\u00f3rio que recebi aponta que tivemos apenas alguns problemas em rela\u00e7\u00e3o a lanternas queimadas, mas que j\u00e1 foram substitu\u00eddas,\u201d acrescentou professora Marli.<\/p>\n<p>A Autarquia Municipal de Educa\u00e7\u00e3o possui atualmente 51 linhas do transporte escolar que passam por todos os bairros da cidade. Cerca de 5 mil alunos, das redes municipal e estadual de ensino, utilizaram o servi\u00e7o em 2015, mas um amplo trabalho vem sendo feito para garantir a essas crian\u00e7as vagas mais pr\u00f3ximas \u00e0s suas casas a partir do ano letivo que se inicia.<\/p>\n<div class = 'socialMediaOnEveryPost'>Compartilhe<div id=\"sgmbShare1-1\" class=\"sgmbShare jssocials-theme-classic sgmbWidget1-1\"><\/div><div class=\"dropdownWrapper dropdownWrapper1 dropdownWrapper-for-widget \" id=\"dropdownWrapper-for-widget\">\r\n\t\t\t\t\t\t<div class=\"dropdownLabel\" id=\"dropdownLabel-share-list\"><span class=\"sgmbButtonListLabel1\">Share List<\/span><\/div>\r\n\t\t\t\t\t\t<div class=\"dropdownPanel dropdownPanel1-1\">\r\n\t\t\t\t\t\t<\/div>\r\n\t\t\t\t\t<\/div><script>  SGMB_URL = \"http:\/\/www.apucarana.pr.gov.br\/ame\/wp-content\/plugins\/social-media-builder\/\"; jQuery(\".dropdownWrapper\").hide(); SGMB_GOOGLE_ACOUNT = \"\"; <\/script><script type=\"text\/javascript\">\r\n\t\tjQuery(document).ready(function($){var widget = new SGMBWidget();widget.show({\"id\":\"1\",\"title\":\"Face\\\/Twitter\",\"options\":{\"currentUrl\":\"1\",\"url\":\"\",\"shareText\":\"\",\"fontSize\":\"14\",\"betweenButtons\":\"1px\",\"theme\":\"classic\",\"sgmbButtonsPosition\":\"bottomLeft\",\"socialTheme\":\"\",\"icon\":\"default\",\"buttonsPanelEffect\":\"No Effect\",\"buttonsEffect\":\"No Effect\",\"iconsEffect\":\"No Effect\",\"buttons\":\"{\\\"facebook\\\":{\\\"label\\\":\\\"Share\\\",\\\"icon\\\":\\\"default-facebook\\\"},\\\"twitter\\\":{\\\"label\\\":\\\"Tweet\\\",\\\"icon\\\":\\\"default-twitter\\\",\\\"via\\\":\\\"\\\",\\\"hashtags\\\":\\\"\\\"}}\",\"roundButton\":\"\",\"showLabels\":\"\",\"showCounts\":\"\",\"showCenter\":\"\",\"showButtonsAsList\":\"\",\"sgmbDropdownColor\":\"\",\"sgmbDropdownLabelFontSize\":\"14\",\"sgmbDropdownLabelColor\":\"\",\"showButtonsOnEveryPost\":\"on\",\"selectedOrExcluded\":\"\",\"showButtonsOnEveryPage\":\"\",\"textOnEveryPost\":\"Compartilhe\",\"showButtonsOnCustomPost\":\"\",\"textOnCustomPost\":\"\",\"showButtonsOnMobileDirect\":\"on\",\"showButtonsOnDesktopDirect\":\"on\",\"sgmbSelectedPages\":[\"\"],\"sgmbExcludedPosts\":[\"\"],\"sgmbSelectedCustomPosts\":[],\"showButtonsInPopup\":\"\",\"titleOfPopup\":\"\",\"descriptionOfPopup\":\"\",\"showPopupOnLoad\":\"\",\"showPopupOnScroll\":\"\",\"showPopupOnExit\":\"\",\"openSecondsOfPopup\":\"\",\"googleAnaliticsAccount\":\"\"},\"buttonOptions\":{\"facebook\":{\"label\":\"Share\",\"icon\":\"default-facebook\"},\"twitter\":{\"label\":\"Tweet\",\"icon\":\"default-twitter\",\"via\":\"\",\"hashtags\":\"\"}},\"button\":[\"facebook\",\"twitter\"]}, 1, '', 'http:\/\/www.apucarana.pr.gov.br\/ame\/wp-content\/plugins\/social-media-builder\/\/img\/no-image.png', '', 'http:\/\/www.apucarana.pr.gov.br\/ame\/transporte-escolar-passa-por-vistoria\/'); });<\/script><\/div><script> jQuery(\".socialMediaOnEveryPost\").addClass(\"sgmb-left\") <\/script>","protected":false},"excerpt":{"rendered":"<p>A Autarquia Municipal de Educa\u00e7\u00e3o (AME) realizou, nesta segunda (22) e ter\u00e7a-feira (23\/02), no p\u00e1tio de m\u00e1quinas da prefeitura, uma rigorosa vistoria nos 69 ve\u00edculos de suas frotas pr\u00f3pria e terceirizada do transporte escolar. Ao todo, 36 \u00f4nibus e micro-\u00f4nibus e 33 vans e kombis foram inspecionados por agentes da&hellip; <\/p>\n","protected":false},"author":1,"featured_media":0,"comment_status":"closed","ping_status":"open","sticky":false,"template":"","format":"standard","meta":[],"categories":[9],"tags":[],"_links":{"self":[{"href":"http:\/\/www.apucarana.pr.gov.br\/ame\/wp-json\/wp\/v2\/posts\/5434"}],"collection":[{"href":"http:\/\/www.apucarana.pr.gov.br\/ame\/wp-json\/wp\/v2\/posts"}],"about":[{"href":"http:\/\/www.apucarana.pr.gov.br\/ame\/wp-json\/wp\/v2\/types\/post"}],"author":[{"embeddable":true,"href":"http:\/\/www.apucarana.pr.gov.br\/ame\/wp-json\/wp\/v2\/users\/1"}],"replies":[{"embeddable":true,"href":"http:\/\/www.apucarana.pr.gov.br\/ame\/wp-json\/wp\/v2\/comments?post=5434"}],"version-history":[{"count":1,"href":"http:\/\/www.apucarana.pr.gov.br\/ame\/wp-json\/wp\/v2\/posts\/5434\/revisions"}],"predecessor-version":[{"id":5606,"href":"http:\/\/www.apucarana.pr.gov.br\/ame\/wp-json\/wp\/v2\/posts\/5434\/revisions\/5606"}],"wp:attachment":[{"href":"http:\/\/www.apucarana.pr.gov.br\/ame\/wp-json\/wp\/v2\/media?parent=5434"}],"wp:term":[{"taxonomy":"category","embeddable":true,"href":"http:\/\/www.apucarana.pr.gov.br\/ame\/wp-json\/wp\/v2\/categories?post=5434"},{"taxonomy":"post_tag","embeddable":true,"href":"http:\/\/www.apucarana.pr.gov.br\/ame\/wp-json\/wp\/v2\/tags?post=5434"}],"curies":[{"name":"wp","href":"https:\/\/api.w.org\/{rel}","templated":true}]}}