{"id":5433,"date":"2016-02-17T12:39:41","date_gmt":"2016-02-17T15:39:41","guid":{"rendered":"http:\/\/www.apucarana.pr.gov.br\/ame\/?p=5433"},"modified":"2024-10-08T09:10:29","modified_gmt":"2024-10-08T12:10:29","slug":"cmei-do-pirapo-vai-ampliar-atendimento","status":"publish","type":"post","link":"http:\/\/www.apucarana.pr.gov.br\/ame\/cmei-do-pirapo-vai-ampliar-atendimento\/","title":{"rendered":"CMEI do Pirap\u00f3 vai ampliar atendimento"},"content":{"rendered":"<p>O Prefeito Beto Preto entregou, na noite de ontem (16\/02), \u00e0 comunidade do Distrito de Pirap\u00f3, as obras conclu\u00eddas de reforma e amplia\u00e7\u00e3o do CMEI Ana Luiz\u00e3o Festi. Al\u00e9m do gestor, da secret\u00e1ria municipal de educa\u00e7\u00e3o, professora Marli Fernandes, e do presidente da C\u00e2mara, Jos\u00e9 Airton Ara\u00fajo \u201cDeco\u201d, vereadores, secret\u00e1rios e lideran\u00e7as comunit\u00e1rias participaram do ato.<\/p>\n<p>Para atender com mais conforto e seguran\u00e7a aos alunos e professores, o CMEI Ana Luiz\u00e3o Festi recebeu benfeitorias como adequa\u00e7\u00f5es no refeit\u00f3rio, cozinha e lavanderia seguindo as normas de vigil\u00e2ncia sanit\u00e1ria, adequa\u00e7\u00f5es para atender as normas de acessibilidade, adequa\u00e7\u00f5es do sistema de Preven\u00e7\u00e3o de Inc\u00eandio e da Central de G\u00e1s obedecendo \u00e0s normas do Corpo de Bombeiros, e a constru\u00e7\u00e3o de um portal de entrada.<\/p>\n<p>A \u00e1rea do pr\u00e9dio tamb\u00e9m foi ampliada, passando dos originais 202 m2 para 435 m2. Foram constru\u00eddos: um novo ber\u00e7\u00e1rio, um maternal, uma sala de amamenta\u00e7\u00e3o, quatro salas de aula, um lact\u00e1rio e uma sala de higieniza\u00e7\u00e3o, al\u00e9m do aumento do setor administrativo.<\/p>\n<p>Professora Marli Fernandes destaca que, a partir da reforma e da amplia\u00e7\u00e3o, o n\u00famero de alunos atendidos pelo CMEI Ana Luiz\u00e3o Festi subir\u00e1 de 60 para 100. \u201cEsse pr\u00e9dio foi constru\u00eddo h\u00e1 mais de vinte e cinco anos, por isso j\u00e1 estava com instala\u00e7\u00f5es prec\u00e1rias e pequeno para atender a demanda do distrito. As obras revitalizaram e modernizaram a estrutura e esperamos acabar com a fila de espera por vagas,\u201d disse.<\/p>\n<p>O CMEI Ana Luiz\u00e3o Festi tamb\u00e9m j\u00e1 recebeu o mobili\u00e1rio e os materiais pedag\u00f3gicos necess\u00e1rios para o in\u00edcio das suas atividades. \u201cOs alunos ser\u00e3o atendidos em um ambiente com tudo novo: carteiras, quadros de giz, livros did\u00e1ticos, brinquedos e cozinha industrial com a linha branca renovada. Eu desejo apenas que os professores e servidores que trabalharem neste pr\u00e9dio sejam felizes e que fa\u00e7am o melhor pelas crian\u00e7as da comunidade,\u201d pediu o prefeito Beto Preto.<\/p>\n<p>Os servi\u00e7os foram executados pela Construtora LFT Ltda., de Londrina &#8211; empresa vencedora da licita\u00e7\u00e3o. O investimento, com recursos pr\u00f3prios do munic\u00edpio, foi da ordem de R$ 529.945,01.<\/p>\n<p>O padre Luizinho participou do ato e, em nome da comunidade fez quest\u00e3o de agradecer pela obra. \u201cDurante um ano cedemos o espa\u00e7o do nosso centro pastoral para abrigar as crian\u00e7as que agora ter\u00e3o um espa\u00e7o mais amplo e confort\u00e1vel\u201d, lembrou. O comerciante Wilson Festi, mais conhecido como \u201cChina\u201d, neto de Ana Luiz\u00e3o Festi, que cede seu nome ao CMEI, discursou emocionado. \u201cMinha fam\u00edlia se sente honrada pela homenagem e a comunidade do Pirap\u00f3 s\u00f3 tem a agradecer pelo investimento\u201d, enalteceu China.<\/p>\n<p>O subprefeito de Pirap\u00f3, Francisley Poim, tamb\u00e9m agradeceu os investimentos. \u201cH\u00e1 dezesseis anos n\u00f3s reivindic\u00e1vamos o aumento desse pr\u00e9dio, pois muitas m\u00e3es precisavam trabalhar para ajudar na renda familiar, mas n\u00e3o encontravam vagas para deixarem seus filhos na creche. Nosso muito obrigado ao prefeito Beto Preto por cumprir todos os compromissos que assumiu com a comunidade, que est\u00e1 satisfeita com o trabalho realizado,\u201d disse.<\/p>\n<p>Desde 2013, 37 unidades da rede municipal de ensino j\u00e1 tiveram a reforma e\/ou amplia\u00e7\u00e3o autorizadas. Al\u00e9m do CMEI Ana Luiz\u00e3o Festi, o Distrito de Pirap\u00f3 tamb\u00e9m foi contemplado com melhorias na Escola Vereador Jos\u00e9 Ramos de Oliveira, cujas obras absorver\u00e3o R$ 862.092,39 e j\u00e1 est\u00e3o 85% conclu\u00eddas.<\/p>\n<p>Beto Preto ainda garantiu, na noite de ontem, que a prefeitura levar\u00e1 asfalto \u00e0s ruas de pedras irregulares do Conjunto Mutir\u00e3o, situado no distrito. \u201cEu j\u00e1 determinei aos secret\u00e1rios de obras, Herivelto Moreno, e da fazenda, Marcello Machado, que preparem a licita\u00e7\u00e3o para lan\u00e7armos nos pr\u00f3ximos dias. A reforma da pavimenta\u00e7\u00e3o levar\u00e1 mais conforto e benef\u00edcios sociais \u00e0s fam\u00edlias que moram neste local\u201d, assegurou.<\/p>\n<div class = 'socialMediaOnEveryPost'>Compartilhe<div id=\"sgmbShare1-1\" class=\"sgmbShare jssocials-theme-classic sgmbWidget1-1\"><\/div><div class=\"dropdownWrapper dropdownWrapper1 dropdownWrapper-for-widget \" id=\"dropdownWrapper-for-widget\">\r\n\t\t\t\t\t\t<div class=\"dropdownLabel\" id=\"dropdownLabel-share-list\"><span class=\"sgmbButtonListLabel1\">Share List<\/span><\/div>\r\n\t\t\t\t\t\t<div class=\"dropdownPanel dropdownPanel1-1\">\r\n\t\t\t\t\t\t<\/div>\r\n\t\t\t\t\t<\/div><script>  SGMB_URL = \"http:\/\/www.apucarana.pr.gov.br\/ame\/wp-content\/plugins\/social-media-builder\/\"; jQuery(\".dropdownWrapper\").hide(); SGMB_GOOGLE_ACOUNT = \"\"; <\/script><script type=\"text\/javascript\">\r\n\t\tjQuery(document).ready(function($){var widget = new SGMBWidget();widget.show({\"id\":\"1\",\"title\":\"Face\\\/Twitter\",\"options\":{\"currentUrl\":\"1\",\"url\":\"\",\"shareText\":\"\",\"fontSize\":\"14\",\"betweenButtons\":\"1px\",\"theme\":\"classic\",\"sgmbButtonsPosition\":\"bottomLeft\",\"socialTheme\":\"\",\"icon\":\"default\",\"buttonsPanelEffect\":\"No Effect\",\"buttonsEffect\":\"No Effect\",\"iconsEffect\":\"No Effect\",\"buttons\":\"{\\\"facebook\\\":{\\\"label\\\":\\\"Share\\\",\\\"icon\\\":\\\"default-facebook\\\"},\\\"twitter\\\":{\\\"label\\\":\\\"Tweet\\\",\\\"icon\\\":\\\"default-twitter\\\",\\\"via\\\":\\\"\\\",\\\"hashtags\\\":\\\"\\\"}}\",\"roundButton\":\"\",\"showLabels\":\"\",\"showCounts\":\"\",\"showCenter\":\"\",\"showButtonsAsList\":\"\",\"sgmbDropdownColor\":\"\",\"sgmbDropdownLabelFontSize\":\"14\",\"sgmbDropdownLabelColor\":\"\",\"showButtonsOnEveryPost\":\"on\",\"selectedOrExcluded\":\"\",\"showButtonsOnEveryPage\":\"\",\"textOnEveryPost\":\"Compartilhe\",\"showButtonsOnCustomPost\":\"\",\"textOnCustomPost\":\"\",\"showButtonsOnMobileDirect\":\"on\",\"showButtonsOnDesktopDirect\":\"on\",\"sgmbSelectedPages\":[\"\"],\"sgmbExcludedPosts\":[\"\"],\"sgmbSelectedCustomPosts\":[],\"showButtonsInPopup\":\"\",\"titleOfPopup\":\"\",\"descriptionOfPopup\":\"\",\"showPopupOnLoad\":\"\",\"showPopupOnScroll\":\"\",\"showPopupOnExit\":\"\",\"openSecondsOfPopup\":\"\",\"googleAnaliticsAccount\":\"\"},\"buttonOptions\":{\"facebook\":{\"label\":\"Share\",\"icon\":\"default-facebook\"},\"twitter\":{\"label\":\"Tweet\",\"icon\":\"default-twitter\",\"via\":\"\",\"hashtags\":\"\"}},\"button\":[\"facebook\",\"twitter\"]}, 1, '', 'http:\/\/www.apucarana.pr.gov.br\/ame\/wp-content\/plugins\/social-media-builder\/\/img\/no-image.png', '', 'http:\/\/www.apucarana.pr.gov.br\/ame\/cmei-do-pirapo-vai-ampliar-atendimento\/'); });<\/script><\/div><script> jQuery(\".socialMediaOnEveryPost\").addClass(\"sgmb-left\") <\/script>","protected":false},"excerpt":{"rendered":"<p>O Prefeito Beto Preto entregou, na noite de ontem (16\/02), \u00e0 comunidade do Distrito de Pirap\u00f3, as obras conclu\u00eddas de reforma e amplia\u00e7\u00e3o do CMEI Ana Luiz\u00e3o Festi. Al\u00e9m do gestor, da secret\u00e1ria municipal de educa\u00e7\u00e3o, professora Marli Fernandes, e do presidente da C\u00e2mara, Jos\u00e9 Airton Ara\u00fajo \u201cDeco\u201d, vereadores, secret\u00e1rios&hellip; <\/p>\n","protected":false},"author":1,"featured_media":0,"comment_status":"closed","ping_status":"open","sticky":false,"template":"","format":"standard","meta":[],"categories":[9],"tags":[],"_links":{"self":[{"href":"http:\/\/www.apucarana.pr.gov.br\/ame\/wp-json\/wp\/v2\/posts\/5433"}],"collection":[{"href":"http:\/\/www.apucarana.pr.gov.br\/ame\/wp-json\/wp\/v2\/posts"}],"about":[{"href":"http:\/\/www.apucarana.pr.gov.br\/ame\/wp-json\/wp\/v2\/types\/post"}],"author":[{"embeddable":true,"href":"http:\/\/www.apucarana.pr.gov.br\/ame\/wp-json\/wp\/v2\/users\/1"}],"replies":[{"embeddable":true,"href":"http:\/\/www.apucarana.pr.gov.br\/ame\/wp-json\/wp\/v2\/comments?post=5433"}],"version-history":[{"count":1,"href":"http:\/\/www.apucarana.pr.gov.br\/ame\/wp-json\/wp\/v2\/posts\/5433\/revisions"}],"predecessor-version":[{"id":5607,"href":"http:\/\/www.apucarana.pr.gov.br\/ame\/wp-json\/wp\/v2\/posts\/5433\/revisions\/5607"}],"wp:attachment":[{"href":"http:\/\/www.apucarana.pr.gov.br\/ame\/wp-json\/wp\/v2\/media?parent=5433"}],"wp:term":[{"taxonomy":"category","embeddable":true,"href":"http:\/\/www.apucarana.pr.gov.br\/ame\/wp-json\/wp\/v2\/categories?post=5433"},{"taxonomy":"post_tag","embeddable":true,"href":"http:\/\/www.apucarana.pr.gov.br\/ame\/wp-json\/wp\/v2\/tags?post=5433"}],"curies":[{"name":"wp","href":"https:\/\/api.w.org\/{rel}","templated":true}]}}