{"id":5431,"date":"2016-02-04T08:23:06","date_gmt":"2016-02-04T11:23:06","guid":{"rendered":"http:\/\/www.apucarana.pr.gov.br\/ame\/?p=5431"},"modified":"2024-10-08T09:10:29","modified_gmt":"2024-10-08T12:10:29","slug":"doutor-em-educacao-ministra-palestra-para-professores-da-rede-municipal","status":"publish","type":"post","link":"http:\/\/www.apucarana.pr.gov.br\/ame\/doutor-em-educacao-ministra-palestra-para-professores-da-rede-municipal\/","title":{"rendered":"Doutor em Educa\u00e7\u00e3o ministra palestra para professores da rede municipal"},"content":{"rendered":"<p>A Autarquia Municipal de Educa\u00e7\u00e3o est\u00e1 realizando a sua Semana Pegag\u00f3gica, evento que visa \u00e0 forma\u00e7\u00e3o continuada dos servidores da rede, bem como o planejamento do ano letivo de 2016. Desde ontem (01) at\u00e9 a sexta-feira (05), mais de mil profissionais participar\u00e3o das atividades organizadas, que contemplam desde confer\u00eancias, reuni\u00f5es e encontros at\u00e9 momentos de reflex\u00e3o sobre a qualidade do ensino ofertado.<\/p>\n<p>O ponto alto da programa\u00e7\u00e3o, entretanto, ocorreu na manh\u00e3 de hoje (02), quando cerca de 680 professores municipais assistiram a uma palestra com o Professor Celso dos Santos Vasconcellos, que \u00e9 Doutor em Educa\u00e7\u00e3o pela Universidade de S\u00e3o Paulo (USP) e Mestre em Hist\u00f3ria e Filosofia da Educa\u00e7\u00e3o pela Pontif\u00edcia Universidade Cat\u00f3lica (PUC) de S\u00e3o Paulo, al\u00e9m de autor de diversos livros na \u00e1rea.<\/p>\n<p>Segundo a secret\u00e1ria municipal de educa\u00e7\u00e3o, Marli Fernandes, o tema central da palestra foi a Constru\u00e7\u00e3o da Disciplina Consciente e Interativa em Sala de Aula e na Escola.<\/p>\n<p>\u201cDentro do conte\u00fado, professor Vasconcellos analisou a quest\u00e3o da disciplina e da indisciplina, procurando compreender o que est\u00e1 acontecendo hoje em termos de sociedade e de sistema de ensino, analisou tamb\u00e9m a import\u00e2ncia da sensibilidade e da afetividade como fundamento do curr\u00edculo escolar e apontou alternativas para a constru\u00e7\u00e3o de uma nova escola pautada numa postura de humaniza\u00e7\u00e3o\u201d, detalhou Marli.<\/p>\n<p>O prefeito Beto Preto participou da abertura do encontro e desejou um bom retorno das f\u00e9rias aos profissionais da educa\u00e7\u00e3o. \u201cEu agrade\u00e7o a voc\u00eas pela confian\u00e7a que depositaram em mim. Nestes tr\u00eas anos de gest\u00e3o, n\u00f3s j\u00e1 enfrentamos juntos muitos desafios e mudamos a realidade das escolas apucaranenses. Em 2016, tenho convic\u00e7\u00e3o que as vit\u00f3rias v\u00e3o continuar\u201d, disse.<\/p>\n<p>Buscando valorizar os professores da rede, Beto Preto ainda garantiu que discutir\u00e1 diretamente com a classe a sua revis\u00e3o salarial, cuja data base foi alterada para o dia 1\u00ba de fevereiro. \u201cEu pretendo me reunir com um grupo de cinco ou dez docentes, acompanhados do Sindicato dos Servidores P\u00fablicos de Apucarana, para fazermos uma ampla negocia\u00e7\u00e3o. Nosso objetivo \u00e9 cumprir o piso salarial previsto em lei para os profissionais da educa\u00e7\u00e3o, mas sempre pensando na realidade do munic\u00edpio. Afinal n\u00e3o existe segredo, precisamos ter recursos em caixa no final do m\u00eas para honrar a folha de pagamentos\u201d, anunciou.<\/p>\n<p>A Semana Pedag\u00f3gica de 2016 prossegue at\u00e9 a pr\u00f3xima sexta-feira, com atividades sendo realizadas em dez polos de estudo. J\u00e1 o in\u00edcio das aulas nas 37 escolas municipais apucaranenses est\u00e1 agendado para o dia 15 de fevereiro.<\/p>\n<div class = 'socialMediaOnEveryPost'>Compartilhe<div id=\"sgmbShare1-1\" class=\"sgmbShare jssocials-theme-classic sgmbWidget1-1\"><\/div><div class=\"dropdownWrapper dropdownWrapper1 dropdownWrapper-for-widget \" id=\"dropdownWrapper-for-widget\">\r\n\t\t\t\t\t\t<div class=\"dropdownLabel\" id=\"dropdownLabel-share-list\"><span class=\"sgmbButtonListLabel1\">Share List<\/span><\/div>\r\n\t\t\t\t\t\t<div class=\"dropdownPanel dropdownPanel1-1\">\r\n\t\t\t\t\t\t<\/div>\r\n\t\t\t\t\t<\/div><script>  SGMB_URL = \"http:\/\/www.apucarana.pr.gov.br\/ame\/wp-content\/plugins\/social-media-builder\/\"; jQuery(\".dropdownWrapper\").hide(); SGMB_GOOGLE_ACOUNT = \"\"; <\/script><script type=\"text\/javascript\">\r\n\t\tjQuery(document).ready(function($){var widget = new SGMBWidget();widget.show({\"id\":\"1\",\"title\":\"Face\\\/Twitter\",\"options\":{\"currentUrl\":\"1\",\"url\":\"\",\"shareText\":\"\",\"fontSize\":\"14\",\"betweenButtons\":\"1px\",\"theme\":\"classic\",\"sgmbButtonsPosition\":\"bottomLeft\",\"socialTheme\":\"\",\"icon\":\"default\",\"buttonsPanelEffect\":\"No Effect\",\"buttonsEffect\":\"No Effect\",\"iconsEffect\":\"No Effect\",\"buttons\":\"{\\\"facebook\\\":{\\\"label\\\":\\\"Share\\\",\\\"icon\\\":\\\"default-facebook\\\"},\\\"twitter\\\":{\\\"label\\\":\\\"Tweet\\\",\\\"icon\\\":\\\"default-twitter\\\",\\\"via\\\":\\\"\\\",\\\"hashtags\\\":\\\"\\\"}}\",\"roundButton\":\"\",\"showLabels\":\"\",\"showCounts\":\"\",\"showCenter\":\"\",\"showButtonsAsList\":\"\",\"sgmbDropdownColor\":\"\",\"sgmbDropdownLabelFontSize\":\"14\",\"sgmbDropdownLabelColor\":\"\",\"showButtonsOnEveryPost\":\"on\",\"selectedOrExcluded\":\"\",\"showButtonsOnEveryPage\":\"\",\"textOnEveryPost\":\"Compartilhe\",\"showButtonsOnCustomPost\":\"\",\"textOnCustomPost\":\"\",\"showButtonsOnMobileDirect\":\"on\",\"showButtonsOnDesktopDirect\":\"on\",\"sgmbSelectedPages\":[\"\"],\"sgmbExcludedPosts\":[\"\"],\"sgmbSelectedCustomPosts\":[],\"showButtonsInPopup\":\"\",\"titleOfPopup\":\"\",\"descriptionOfPopup\":\"\",\"showPopupOnLoad\":\"\",\"showPopupOnScroll\":\"\",\"showPopupOnExit\":\"\",\"openSecondsOfPopup\":\"\",\"googleAnaliticsAccount\":\"\"},\"buttonOptions\":{\"facebook\":{\"label\":\"Share\",\"icon\":\"default-facebook\"},\"twitter\":{\"label\":\"Tweet\",\"icon\":\"default-twitter\",\"via\":\"\",\"hashtags\":\"\"}},\"button\":[\"facebook\",\"twitter\"]}, 1, '', 'http:\/\/www.apucarana.pr.gov.br\/ame\/wp-content\/plugins\/social-media-builder\/\/img\/no-image.png', '', 'http:\/\/www.apucarana.pr.gov.br\/ame\/doutor-em-educacao-ministra-palestra-para-professores-da-rede-municipal\/'); });<\/script><\/div><script> jQuery(\".socialMediaOnEveryPost\").addClass(\"sgmb-left\") <\/script>","protected":false},"excerpt":{"rendered":"<p>A Autarquia Municipal de Educa\u00e7\u00e3o est\u00e1 realizando a sua Semana Pegag\u00f3gica, evento que visa \u00e0 forma\u00e7\u00e3o continuada dos servidores da rede, bem como o planejamento do ano letivo de 2016. Desde ontem (01) at\u00e9 a sexta-feira (05), mais de mil profissionais participar\u00e3o das atividades organizadas, que contemplam desde confer\u00eancias, reuni\u00f5es&hellip; <\/p>\n","protected":false},"author":1,"featured_media":0,"comment_status":"closed","ping_status":"open","sticky":false,"template":"","format":"standard","meta":[],"categories":[9],"tags":[],"_links":{"self":[{"href":"http:\/\/www.apucarana.pr.gov.br\/ame\/wp-json\/wp\/v2\/posts\/5431"}],"collection":[{"href":"http:\/\/www.apucarana.pr.gov.br\/ame\/wp-json\/wp\/v2\/posts"}],"about":[{"href":"http:\/\/www.apucarana.pr.gov.br\/ame\/wp-json\/wp\/v2\/types\/post"}],"author":[{"embeddable":true,"href":"http:\/\/www.apucarana.pr.gov.br\/ame\/wp-json\/wp\/v2\/users\/1"}],"replies":[{"embeddable":true,"href":"http:\/\/www.apucarana.pr.gov.br\/ame\/wp-json\/wp\/v2\/comments?post=5431"}],"version-history":[{"count":1,"href":"http:\/\/www.apucarana.pr.gov.br\/ame\/wp-json\/wp\/v2\/posts\/5431\/revisions"}],"predecessor-version":[{"id":5609,"href":"http:\/\/www.apucarana.pr.gov.br\/ame\/wp-json\/wp\/v2\/posts\/5431\/revisions\/5609"}],"wp:attachment":[{"href":"http:\/\/www.apucarana.pr.gov.br\/ame\/wp-json\/wp\/v2\/media?parent=5431"}],"wp:term":[{"taxonomy":"category","embeddable":true,"href":"http:\/\/www.apucarana.pr.gov.br\/ame\/wp-json\/wp\/v2\/categories?post=5431"},{"taxonomy":"post_tag","embeddable":true,"href":"http:\/\/www.apucarana.pr.gov.br\/ame\/wp-json\/wp\/v2\/tags?post=5431"}],"curies":[{"name":"wp","href":"https:\/\/api.w.org\/{rel}","templated":true}]}}