{"id":5427,"date":"2015-09-21T14:50:11","date_gmt":"2015-09-21T17:50:11","guid":{"rendered":"http:\/\/www.apucarana.pr.gov.br\/ame\/?p=5427"},"modified":"2024-10-08T09:10:31","modified_gmt":"2024-10-08T12:10:31","slug":"alunos-da-rede-municipal-sao-premiados-em-concurso-de-redacao","status":"publish","type":"post","link":"http:\/\/www.apucarana.pr.gov.br\/ame\/alunos-da-rede-municipal-sao-premiados-em-concurso-de-redacao\/","title":{"rendered":"Alunos da rede municipal s\u00e3o premiados em concurso de reda\u00e7\u00e3o"},"content":{"rendered":"<p><a href=\"http:\/\/ame.apucarana.pr.gov.br\/wp-content\/uploads\/2015\/09\/PREMIA\u00c7\u00c3OPROFETA-5-e1442857748354.jpg\"><img loading=\"lazy\" class=\"alignnone size-full wp-image-883\" src=\"http:\/\/ame.apucarana.pr.gov.br\/wp-content\/uploads\/2015\/09\/PREMIA\u00c7\u00c3OPROFETA-5-e1442857748354.jpg\" alt=\"PREMIA\u00c7\u00c3O(PROFETA) (5)\" width=\"960\" height=\"608\" \/><\/a><\/p>\n<p>Tr\u00eas alunos da rede municipal de ensino foram classificados em concurso de reda\u00e7\u00e3o promovido pela Associa\u00e7\u00e3o dos Cafeicultores de Apucarana, em parceria com a Secretaria Municipal da Promo\u00e7\u00e3o Art\u00edstica, Cultural e Tur\u00edstica e a Autarquia Municipal de Educa\u00e7\u00e3o (AME). A entrega dos pr\u00eamios aconteceu na tarde de ontem (20\/09) durante a 11\u00aa edi\u00e7\u00e3o da Festa do Caf\u00e9, no Distrito de Pirap\u00f3.<\/p>\n<p>Ao longo do 1\u00ba semestre letivo, a Secretaria de Promo\u00e7\u00e3o Art\u00edstica, Cultural e Tur\u00edstica contemplou \u00e0s crian\u00e7as matriculadas no 4\u00ba ano de 33 escolas com visitas ao Museu do Caf\u00e9. \u201cO objetivo era que elas aprendessem um pouco mais sobre a hist\u00f3ria da nossa cidade e a import\u00e2ncia da cultura cafeeira para o desenvolvimento da economia local entre a d\u00e9cada de 1930 e os dias atuais\u201d, explicou a secret\u00e1ria Maria Agar Borba Ferreira.<\/p>\n<p>Depois dos passeios, os mais de 1.300 alunos participantes do concurso foram convidados a escrever uma reda\u00e7\u00e3o de no m\u00e1ximo 25 linhas sobre o tema \u201cA hist\u00f3ria e a tradi\u00e7\u00e3o do caf\u00e9\u201d. As composi\u00e7\u00f5es foram primeiramente corrigidas pelos professores das pr\u00f3prias turmas e posteriormente as melhores de cada escola passaram ainda pela avalia\u00e7\u00e3o de uma comiss\u00e3o de profissionais da l\u00edngua portuguesa da Autarquia Municipal de Educa\u00e7\u00e3o.<\/p>\n<p>Sobressa\u00edram-se nas duas fases da sele\u00e7\u00e3o os textos \u201cLembran\u00e7as da Vov\u00f3\u201d, escrito pela aluna Isabela Karoline Munis Martins, da Escola Municipal Papa Jo\u00e3o XXIII (Vila Regina); \u201cO Museu do Caf\u00e9\u201d, redigido por Samuel Boaventura, da Escola Municipal Antonieta da Silva Lautenschlager (Jardim Presidente Kennedy); e \u201cA Hist\u00f3ria e a Tradi\u00e7\u00e3o do Caf\u00e9\u201d, de autoria do estudante Diogo Bettin Dutra dos Reis, da Escola Municipal Pl\u00e1cido de Castro (N\u00facleo Adriano Correia).<\/p>\n<p>As tr\u00eas crian\u00e7as receberam equipamentos eletr\u00f4nicos do tipo \u2018tablets\u2019 como pr\u00eamio por suas cria\u00e7\u00f5es. Os presentes foram ofertados pela Associa\u00e7\u00e3o dos Cafeicultores de Apucarana e pela Secretaria Municipal da Promo\u00e7\u00e3o Art\u00edstica, Cultural e Tur\u00edstica. A AME tamb\u00e9m os brindou com um kit escolar, contendo de l\u00e1pis de cor, canetas, canetinhas, doces e outros itens.<\/p>\n<p>\u201cEu gostei do tablet e acho que ele vai me ajudar muito nos meus estudos, principalmente a fazer pesquisas de matem\u00e1tica, portugu\u00eas e outras mat\u00e9rias. Eu agrade\u00e7o \u00e0 diretora e \u00e0 coordenadora da escola, \u00e0 professora M\u00e1rcia e tamb\u00e9m a minha fam\u00edlia que sempre me apoiaram\u201d, disse Diogo.<\/p>\n<p>A diretora-presidente da AME, professora Marli Fernandes, destacou que concursos como esse representam um incentivo extra para que as crian\u00e7as dediquem-se ao aprendizado. \u201cA atividade \u00e9 muito bem vinda \u00e0 rede municipal, uma vez que ela estimula os alunos a expressarem seus pensamentos, a escreverem textos respeitando as normas de ortografia e a conhecerem a hist\u00f3ria da cafeicultura que sempre foi muito forte em nosso munic\u00edpio. Essas tr\u00eas reda\u00e7\u00f5es foram escolhidas, mas houve muitos textos bons entre os participantes\u201d, afirmou.<\/p>\n<p>Al\u00e9m das secret\u00e1rias municipais Marli Fernandes e Maria Agar Borba Ferreira, o presidente da Associa\u00e7\u00e3o dos Cafeicultores de Apucarana, Nilton Fornaciari, e seu vice Shigueo Yamamoto tamb\u00e9m participaram da tarde de premia\u00e7\u00e3o, durante a 11\u00aa Feicaf\u00e9, no Distrito de Pirap\u00f3.<\/p>\n<p>&nbsp;<\/p>\n<div class = 'socialMediaOnEveryPost'>Compartilhe<div id=\"sgmbShare1-1\" class=\"sgmbShare jssocials-theme-classic sgmbWidget1-1\"><\/div><div class=\"dropdownWrapper dropdownWrapper1 dropdownWrapper-for-widget \" id=\"dropdownWrapper-for-widget\">\r\n\t\t\t\t\t\t<div class=\"dropdownLabel\" id=\"dropdownLabel-share-list\"><span class=\"sgmbButtonListLabel1\">Share List<\/span><\/div>\r\n\t\t\t\t\t\t<div class=\"dropdownPanel dropdownPanel1-1\">\r\n\t\t\t\t\t\t<\/div>\r\n\t\t\t\t\t<\/div><script>  SGMB_URL = \"http:\/\/www.apucarana.pr.gov.br\/ame\/wp-content\/plugins\/social-media-builder\/\"; jQuery(\".dropdownWrapper\").hide(); SGMB_GOOGLE_ACOUNT = \"\"; <\/script><script type=\"text\/javascript\">\r\n\t\tjQuery(document).ready(function($){var widget = new SGMBWidget();widget.show({\"id\":\"1\",\"title\":\"Face\\\/Twitter\",\"options\":{\"currentUrl\":\"1\",\"url\":\"\",\"shareText\":\"\",\"fontSize\":\"14\",\"betweenButtons\":\"1px\",\"theme\":\"classic\",\"sgmbButtonsPosition\":\"bottomLeft\",\"socialTheme\":\"\",\"icon\":\"default\",\"buttonsPanelEffect\":\"No Effect\",\"buttonsEffect\":\"No Effect\",\"iconsEffect\":\"No Effect\",\"buttons\":\"{\\\"facebook\\\":{\\\"label\\\":\\\"Share\\\",\\\"icon\\\":\\\"default-facebook\\\"},\\\"twitter\\\":{\\\"label\\\":\\\"Tweet\\\",\\\"icon\\\":\\\"default-twitter\\\",\\\"via\\\":\\\"\\\",\\\"hashtags\\\":\\\"\\\"}}\",\"roundButton\":\"\",\"showLabels\":\"\",\"showCounts\":\"\",\"showCenter\":\"\",\"showButtonsAsList\":\"\",\"sgmbDropdownColor\":\"\",\"sgmbDropdownLabelFontSize\":\"14\",\"sgmbDropdownLabelColor\":\"\",\"showButtonsOnEveryPost\":\"on\",\"selectedOrExcluded\":\"\",\"showButtonsOnEveryPage\":\"\",\"textOnEveryPost\":\"Compartilhe\",\"showButtonsOnCustomPost\":\"\",\"textOnCustomPost\":\"\",\"showButtonsOnMobileDirect\":\"on\",\"showButtonsOnDesktopDirect\":\"on\",\"sgmbSelectedPages\":[\"\"],\"sgmbExcludedPosts\":[\"\"],\"sgmbSelectedCustomPosts\":[],\"showButtonsInPopup\":\"\",\"titleOfPopup\":\"\",\"descriptionOfPopup\":\"\",\"showPopupOnLoad\":\"\",\"showPopupOnScroll\":\"\",\"showPopupOnExit\":\"\",\"openSecondsOfPopup\":\"\",\"googleAnaliticsAccount\":\"\"},\"buttonOptions\":{\"facebook\":{\"label\":\"Share\",\"icon\":\"default-facebook\"},\"twitter\":{\"label\":\"Tweet\",\"icon\":\"default-twitter\",\"via\":\"\",\"hashtags\":\"\"}},\"button\":[\"facebook\",\"twitter\"]}, 1, '', 'http:\/\/ame.apucarana.pr.gov.br\/wp-content\/uploads\/2015\/09\/PREMIA\u00c7\u00c3OPROFETA-5-e1442857748354.jpg', '', 'http:\/\/www.apucarana.pr.gov.br\/ame\/alunos-da-rede-municipal-sao-premiados-em-concurso-de-redacao\/'); });<\/script><\/div><script> jQuery(\".socialMediaOnEveryPost\").addClass(\"sgmb-left\") <\/script>","protected":false},"excerpt":{"rendered":"<p>Tr\u00eas alunos da rede municipal de ensino foram classificados em concurso de reda\u00e7\u00e3o promovido pela Associa\u00e7\u00e3o dos Cafeicultores de Apucarana, em parceria com a Secretaria Municipal da Promo\u00e7\u00e3o Art\u00edstica, Cultural e Tur\u00edstica e a Autarquia Municipal de Educa\u00e7\u00e3o (AME). A entrega dos pr\u00eamios aconteceu na tarde de ontem (20\/09) durante&hellip; <\/p>\n","protected":false},"author":1,"featured_media":0,"comment_status":"closed","ping_status":"open","sticky":false,"template":"","format":"standard","meta":[],"categories":[9],"tags":[],"_links":{"self":[{"href":"http:\/\/www.apucarana.pr.gov.br\/ame\/wp-json\/wp\/v2\/posts\/5427"}],"collection":[{"href":"http:\/\/www.apucarana.pr.gov.br\/ame\/wp-json\/wp\/v2\/posts"}],"about":[{"href":"http:\/\/www.apucarana.pr.gov.br\/ame\/wp-json\/wp\/v2\/types\/post"}],"author":[{"embeddable":true,"href":"http:\/\/www.apucarana.pr.gov.br\/ame\/wp-json\/wp\/v2\/users\/1"}],"replies":[{"embeddable":true,"href":"http:\/\/www.apucarana.pr.gov.br\/ame\/wp-json\/wp\/v2\/comments?post=5427"}],"version-history":[{"count":1,"href":"http:\/\/www.apucarana.pr.gov.br\/ame\/wp-json\/wp\/v2\/posts\/5427\/revisions"}],"predecessor-version":[{"id":5649,"href":"http:\/\/www.apucarana.pr.gov.br\/ame\/wp-json\/wp\/v2\/posts\/5427\/revisions\/5649"}],"wp:attachment":[{"href":"http:\/\/www.apucarana.pr.gov.br\/ame\/wp-json\/wp\/v2\/media?parent=5427"}],"wp:term":[{"taxonomy":"category","embeddable":true,"href":"http:\/\/www.apucarana.pr.gov.br\/ame\/wp-json\/wp\/v2\/categories?post=5427"},{"taxonomy":"post_tag","embeddable":true,"href":"http:\/\/www.apucarana.pr.gov.br\/ame\/wp-json\/wp\/v2\/tags?post=5427"}],"curies":[{"name":"wp","href":"https:\/\/api.w.org\/{rel}","templated":true}]}}