{"id":5421,"date":"2014-12-17T16:38:16","date_gmt":"2014-12-17T16:38:16","guid":{"rendered":"http:\/\/www.apucarana.pr.gov.br\/ame\/?p=5421"},"modified":"2024-10-08T09:10:31","modified_gmt":"2024-10-08T12:10:31","slug":"cantata-de-natal-encanta-e-atrai-grande-publico-a-praca-rui-barbosa","status":"publish","type":"post","link":"http:\/\/www.apucarana.pr.gov.br\/ame\/cantata-de-natal-encanta-e-atrai-grande-publico-a-praca-rui-barbosa\/","title":{"rendered":"Cantata de Natal encanta e atrai grande p\u00fablico \u00e0 Pra\u00e7a Rui Barbosa"},"content":{"rendered":"<p>&nbsp;<\/p>\n<p>A noite desta sexta-feira (12\/12) foi marcada por grandes emo\u00e7\u00f5es, pois quem passou pela Pra\u00e7a Rui Barbosa por volta das 20h30 foi surpreendido por uma bel\u00edssima Cantata de Natal.<\/p>\n<p>Das janelas do pr\u00e9dio do Polo UAB, que estava todo iluminado, de repente surgiram mais de 300 crian\u00e7as vestidas de papai noel e entoando can\u00e7\u00f5es como Noite Feliz, Bate o Sino, Sorte Grande e Any man of mine. O tema da apresenta\u00e7\u00e3o foi &#8220;O Natal Brasileiro&#8221;.<\/p>\n<p>Os cantores mirins eram todos alunos da rede municipal de ensino. Eles foram ensaiados durante as aulas de coral, flauta e cordas que s\u00e3o oferecidas na matriz curricular das escolas e centros de educa\u00e7\u00e3o infantil por meio de parceria entre a Autarquia Municipal de Educa\u00e7\u00e3o, o Centro da Juventude e a academia de m\u00fasica Johann Sebastian Bacch.<\/p>\n<p>A diretora-presidente da AME, professora Marli Fernandes, fez a abertura do evento. Em nome do prefeito Beto Preto, que n\u00e3o se encontrava na cidade, ela agradeceu a todos os envolvidos na realiza\u00e7\u00e3o do espet\u00e1culo. &#8220;Muito obrigada tamb\u00e9m aos professores, \u00e0s diretoras, coordenadoras, merendeiras, zeladoras e demais funcion\u00e1rios da rede municipal por seu empenho, dedica\u00e7\u00e3o e comprometimento durante o ano todo&#8221;, disse.<\/p>\n<p>Desde a \u00faltima semana, diversas apresenta\u00e7\u00f5es natalinas est\u00e3o sendo realizadas pela cidade. &#8220;Elas s\u00e3o para coroar o final do ano letivo e para mostrar \u00e0 popula\u00e7\u00e3o um pouco do trabalho que vem sendo executado nas escolas&#8221;, disse Marli, acrescentando ainda que a programa\u00e7\u00e3o continua at\u00e9 o pr\u00f3ximo dia 17. &#8220;Essa \u00e9 a melhor forma que encontramos de desejar aos apucaranenses votos de feliz natal e um pr\u00f3spero ano novo&#8221;.<\/p>\n<div class = 'socialMediaOnEveryPost'>Compartilhe<div id=\"sgmbShare1-1\" class=\"sgmbShare jssocials-theme-classic sgmbWidget1-1\"><\/div><div class=\"dropdownWrapper dropdownWrapper1 dropdownWrapper-for-widget \" id=\"dropdownWrapper-for-widget\">\r\n\t\t\t\t\t\t<div class=\"dropdownLabel\" id=\"dropdownLabel-share-list\"><span class=\"sgmbButtonListLabel1\">Share List<\/span><\/div>\r\n\t\t\t\t\t\t<div class=\"dropdownPanel dropdownPanel1-1\">\r\n\t\t\t\t\t\t<\/div>\r\n\t\t\t\t\t<\/div><script>  SGMB_URL = \"http:\/\/www.apucarana.pr.gov.br\/ame\/wp-content\/plugins\/social-media-builder\/\"; jQuery(\".dropdownWrapper\").hide(); SGMB_GOOGLE_ACOUNT = \"\"; <\/script><script type=\"text\/javascript\">\r\n\t\tjQuery(document).ready(function($){var widget = new SGMBWidget();widget.show({\"id\":\"1\",\"title\":\"Face\\\/Twitter\",\"options\":{\"currentUrl\":\"1\",\"url\":\"\",\"shareText\":\"\",\"fontSize\":\"14\",\"betweenButtons\":\"1px\",\"theme\":\"classic\",\"sgmbButtonsPosition\":\"bottomLeft\",\"socialTheme\":\"\",\"icon\":\"default\",\"buttonsPanelEffect\":\"No Effect\",\"buttonsEffect\":\"No Effect\",\"iconsEffect\":\"No Effect\",\"buttons\":\"{\\\"facebook\\\":{\\\"label\\\":\\\"Share\\\",\\\"icon\\\":\\\"default-facebook\\\"},\\\"twitter\\\":{\\\"label\\\":\\\"Tweet\\\",\\\"icon\\\":\\\"default-twitter\\\",\\\"via\\\":\\\"\\\",\\\"hashtags\\\":\\\"\\\"}}\",\"roundButton\":\"\",\"showLabels\":\"\",\"showCounts\":\"\",\"showCenter\":\"\",\"showButtonsAsList\":\"\",\"sgmbDropdownColor\":\"\",\"sgmbDropdownLabelFontSize\":\"14\",\"sgmbDropdownLabelColor\":\"\",\"showButtonsOnEveryPost\":\"on\",\"selectedOrExcluded\":\"\",\"showButtonsOnEveryPage\":\"\",\"textOnEveryPost\":\"Compartilhe\",\"showButtonsOnCustomPost\":\"\",\"textOnCustomPost\":\"\",\"showButtonsOnMobileDirect\":\"on\",\"showButtonsOnDesktopDirect\":\"on\",\"sgmbSelectedPages\":[\"\"],\"sgmbExcludedPosts\":[\"\"],\"sgmbSelectedCustomPosts\":[],\"showButtonsInPopup\":\"\",\"titleOfPopup\":\"\",\"descriptionOfPopup\":\"\",\"showPopupOnLoad\":\"\",\"showPopupOnScroll\":\"\",\"showPopupOnExit\":\"\",\"openSecondsOfPopup\":\"\",\"googleAnaliticsAccount\":\"\"},\"buttonOptions\":{\"facebook\":{\"label\":\"Share\",\"icon\":\"default-facebook\"},\"twitter\":{\"label\":\"Tweet\",\"icon\":\"default-twitter\",\"via\":\"\",\"hashtags\":\"\"}},\"button\":[\"facebook\",\"twitter\"]}, 1, '', 'http:\/\/www.apucarana.pr.gov.br\/ame\/wp-content\/plugins\/social-media-builder\/\/img\/no-image.png', '', 'http:\/\/www.apucarana.pr.gov.br\/ame\/cantata-de-natal-encanta-e-atrai-grande-publico-a-praca-rui-barbosa\/'); });<\/script><\/div><script> jQuery(\".socialMediaOnEveryPost\").addClass(\"sgmb-left\") <\/script>","protected":false},"excerpt":{"rendered":"<p>&nbsp; A noite desta sexta-feira (12\/12) foi marcada por grandes emo\u00e7\u00f5es, pois quem passou pela Pra\u00e7a Rui Barbosa por volta das 20h30 foi surpreendido por uma bel\u00edssima Cantata de Natal. Das janelas do pr\u00e9dio do Polo UAB, que estava todo iluminado, de repente surgiram mais de 300 crian\u00e7as vestidas de&hellip; <\/p>\n","protected":false},"author":1,"featured_media":0,"comment_status":"closed","ping_status":"open","sticky":false,"template":"","format":"standard","meta":[],"categories":[9],"tags":[],"_links":{"self":[{"href":"http:\/\/www.apucarana.pr.gov.br\/ame\/wp-json\/wp\/v2\/posts\/5421"}],"collection":[{"href":"http:\/\/www.apucarana.pr.gov.br\/ame\/wp-json\/wp\/v2\/posts"}],"about":[{"href":"http:\/\/www.apucarana.pr.gov.br\/ame\/wp-json\/wp\/v2\/types\/post"}],"author":[{"embeddable":true,"href":"http:\/\/www.apucarana.pr.gov.br\/ame\/wp-json\/wp\/v2\/users\/1"}],"replies":[{"embeddable":true,"href":"http:\/\/www.apucarana.pr.gov.br\/ame\/wp-json\/wp\/v2\/comments?post=5421"}],"version-history":[{"count":1,"href":"http:\/\/www.apucarana.pr.gov.br\/ame\/wp-json\/wp\/v2\/posts\/5421\/revisions"}],"predecessor-version":[{"id":5653,"href":"http:\/\/www.apucarana.pr.gov.br\/ame\/wp-json\/wp\/v2\/posts\/5421\/revisions\/5653"}],"wp:attachment":[{"href":"http:\/\/www.apucarana.pr.gov.br\/ame\/wp-json\/wp\/v2\/media?parent=5421"}],"wp:term":[{"taxonomy":"category","embeddable":true,"href":"http:\/\/www.apucarana.pr.gov.br\/ame\/wp-json\/wp\/v2\/categories?post=5421"},{"taxonomy":"post_tag","embeddable":true,"href":"http:\/\/www.apucarana.pr.gov.br\/ame\/wp-json\/wp\/v2\/tags?post=5421"}],"curies":[{"name":"wp","href":"https:\/\/api.w.org\/{rel}","templated":true}]}}