{"id":13875,"date":"2024-10-11T16:38:33","date_gmt":"2024-10-11T19:38:33","guid":{"rendered":"http:\/\/www.apucarana.pr.gov.br\/ame\/?p=13875"},"modified":"2024-10-11T16:38:33","modified_gmt":"2024-10-11T19:38:33","slug":"prefeitura-de-apucarana-distribui-guloseimas-aos-125-mil-alunos-da-rede-municipal-de-educacao","status":"publish","type":"post","link":"http:\/\/www.apucarana.pr.gov.br\/ame\/prefeitura-de-apucarana-distribui-guloseimas-aos-125-mil-alunos-da-rede-municipal-de-educacao\/","title":{"rendered":"Prefeitura de Apucarana distribui guloseimas aos 12,5 mil alunos da rede municipal de educa\u00e7\u00e3o"},"content":{"rendered":"<p>Hoje (11\/10) foi dia de festa nos 24 CMEIs e 36 Escolas Municipais de Apucarana. Em comemora\u00e7\u00e3o ao Dia das Crian\u00e7as, a Autarquia de Educa\u00e7\u00e3o distribuiu guloseimas aos 12,5 mil estudantes matriculados na sua rede. Os meninos e meninas receberam os mimos com entusiasmo e alegria. O prefeito Junior da Femac acompanhou a entrega das iguarias no CMEI Izabel Holak e na Escola Juiz Luiz Fernando de Ara\u00fajo Pereira, situados no N\u00facleo Dom Romeu Alberti.<\/p>\n<p>\u201cCada crian\u00e7a dos nossos CMEIs e Escolas recebeu um kit contendo sete deliciosos itens: brownies de chocolate, cocadas, cookies, snacks de queijo, biscoitos de batata-doce, doce de leite e suco de laranja. Como nos anos anteriores, nossa equipe de nutricionistas preparou op\u00e7\u00f5es especiais para os estudantes com restri\u00e7\u00f5es alimentares. Queremos que nossas crian\u00e7as se sintam amadas e acolhidas com este gesto,\u201d afirmou o prefeito.<\/p>\n<p>A secret\u00e1ria de Educa\u00e7\u00e3o, Professora Marli Fernandes, destacou que, ao longo da semana, os alunos participaram de uma programa\u00e7\u00e3o especial nos CMEIs e Escolas. \u201cAs comemora\u00e7\u00f5es do Dia das Crian\u00e7as come\u00e7aram na \u00faltima segunda-feira, com diversas brincadeiras, jogos e atividades l\u00fadicas. Agrade\u00e7o aos diretores, coordenadores e professores pelo empenho di\u00e1rio em garantir uma forma\u00e7\u00e3o de qualidade aos nossos estudantes. A alegria no rosto das crian\u00e7as \u00e9 a prova de que estamos no caminho certo,\u201d declarou.<\/p>\n<p>O aluno Andrew Fagundes, da turma do 1\u00ba Ano A, da Escola Municipal Juiz Luiz Fernando de Ara\u00fajo Pereira, expressou sua satisfa\u00e7\u00e3o. \u201cEu gosto muito do parquinho, da quadra, da sala, da escola inteira. Obrigado pelos doces! Um feliz Dia das Crian\u00e7as aos meus amigos. Que Deus aben\u00e7oe todas as crian\u00e7as,\u201d desejou.<\/p>\n<p>Os vereadores eleitos Eliana Rocha, Adan Lenharo, Danilo Acyoli, Jos\u00e9 Airton Deco e Tiago Cordeiro de Lima (reeleito) tamb\u00e9m estiveram presentes na entrega das guloseimas no CMEI Izabel Holak e na Escola Municipal Juiz Luiz Fernando de Ara\u00fajo Pereira.<\/p>\n<div class = 'socialMediaOnEveryPost'>Compartilhe<div id=\"sgmbShare1-1\" class=\"sgmbShare jssocials-theme-classic sgmbWidget1-1\"><\/div><div class=\"dropdownWrapper dropdownWrapper1 dropdownWrapper-for-widget \" id=\"dropdownWrapper-for-widget\">\r\n\t\t\t\t\t\t<div class=\"dropdownLabel\" id=\"dropdownLabel-share-list\"><span class=\"sgmbButtonListLabel1\">Share List<\/span><\/div>\r\n\t\t\t\t\t\t<div class=\"dropdownPanel dropdownPanel1-1\">\r\n\t\t\t\t\t\t<\/div>\r\n\t\t\t\t\t<\/div><script>  SGMB_URL = \"http:\/\/www.apucarana.pr.gov.br\/ame\/wp-content\/plugins\/social-media-builder\/\"; jQuery(\".dropdownWrapper\").hide(); SGMB_GOOGLE_ACOUNT = \"\"; <\/script><script type=\"text\/javascript\">\r\n\t\tjQuery(document).ready(function($){var widget = new SGMBWidget();widget.show({\"id\":\"1\",\"title\":\"Face\\\/Twitter\",\"options\":{\"currentUrl\":\"1\",\"url\":\"\",\"shareText\":\"\",\"fontSize\":\"14\",\"betweenButtons\":\"1px\",\"theme\":\"classic\",\"sgmbButtonsPosition\":\"bottomLeft\",\"socialTheme\":\"\",\"icon\":\"default\",\"buttonsPanelEffect\":\"No Effect\",\"buttonsEffect\":\"No Effect\",\"iconsEffect\":\"No Effect\",\"buttons\":\"{\\\"facebook\\\":{\\\"label\\\":\\\"Share\\\",\\\"icon\\\":\\\"default-facebook\\\"},\\\"twitter\\\":{\\\"label\\\":\\\"Tweet\\\",\\\"icon\\\":\\\"default-twitter\\\",\\\"via\\\":\\\"\\\",\\\"hashtags\\\":\\\"\\\"}}\",\"roundButton\":\"\",\"showLabels\":\"\",\"showCounts\":\"\",\"showCenter\":\"\",\"showButtonsAsList\":\"\",\"sgmbDropdownColor\":\"\",\"sgmbDropdownLabelFontSize\":\"14\",\"sgmbDropdownLabelColor\":\"\",\"showButtonsOnEveryPost\":\"on\",\"selectedOrExcluded\":\"\",\"showButtonsOnEveryPage\":\"\",\"textOnEveryPost\":\"Compartilhe\",\"showButtonsOnCustomPost\":\"\",\"textOnCustomPost\":\"\",\"showButtonsOnMobileDirect\":\"on\",\"showButtonsOnDesktopDirect\":\"on\",\"sgmbSelectedPages\":[\"\"],\"sgmbExcludedPosts\":[\"\"],\"sgmbSelectedCustomPosts\":[],\"showButtonsInPopup\":\"\",\"titleOfPopup\":\"\",\"descriptionOfPopup\":\"\",\"showPopupOnLoad\":\"\",\"showPopupOnScroll\":\"\",\"showPopupOnExit\":\"\",\"openSecondsOfPopup\":\"\",\"googleAnaliticsAccount\":\"\"},\"buttonOptions\":{\"facebook\":{\"label\":\"Share\",\"icon\":\"default-facebook\"},\"twitter\":{\"label\":\"Tweet\",\"icon\":\"default-twitter\",\"via\":\"\",\"hashtags\":\"\"}},\"button\":[\"facebook\",\"twitter\"]}, 1, '', 'http:\/\/www.apucarana.pr.gov.br\/ame\/wp-content\/uploads\/2024\/10\/Dia-das-criancas-com-distribuicao-de-doces-073-scaled.jpg', '', 'http:\/\/www.apucarana.pr.gov.br\/ame\/prefeitura-de-apucarana-distribui-guloseimas-aos-125-mil-alunos-da-rede-municipal-de-educacao\/'); });<\/script><\/div><script> jQuery(\".socialMediaOnEveryPost\").addClass(\"sgmb-left\") <\/script>","protected":false},"excerpt":{"rendered":"<p>O prefeito Junior da Femac acompanhou a entrega das iguarias no CMEI Izabel Holak e na Escola Juiz Luiz Fernando de Ara\u00fajo Pereira, situados no N\u00facleo Dom Romeu Alberti<\/p>\n","protected":false},"author":10,"featured_media":13883,"comment_status":"closed","ping_status":"open","sticky":false,"template":"","format":"standard","meta":[],"categories":[9],"tags":[],"_links":{"self":[{"href":"http:\/\/www.apucarana.pr.gov.br\/ame\/wp-json\/wp\/v2\/posts\/13875"}],"collection":[{"href":"http:\/\/www.apucarana.pr.gov.br\/ame\/wp-json\/wp\/v2\/posts"}],"about":[{"href":"http:\/\/www.apucarana.pr.gov.br\/ame\/wp-json\/wp\/v2\/types\/post"}],"author":[{"embeddable":true,"href":"http:\/\/www.apucarana.pr.gov.br\/ame\/wp-json\/wp\/v2\/users\/10"}],"replies":[{"embeddable":true,"href":"http:\/\/www.apucarana.pr.gov.br\/ame\/wp-json\/wp\/v2\/comments?post=13875"}],"version-history":[{"count":1,"href":"http:\/\/www.apucarana.pr.gov.br\/ame\/wp-json\/wp\/v2\/posts\/13875\/revisions"}],"predecessor-version":[{"id":13886,"href":"http:\/\/www.apucarana.pr.gov.br\/ame\/wp-json\/wp\/v2\/posts\/13875\/revisions\/13886"}],"wp:featuredmedia":[{"embeddable":true,"href":"http:\/\/www.apucarana.pr.gov.br\/ame\/wp-json\/wp\/v2\/media\/13883"}],"wp:attachment":[{"href":"http:\/\/www.apucarana.pr.gov.br\/ame\/wp-json\/wp\/v2\/media?parent=13875"}],"wp:term":[{"taxonomy":"category","embeddable":true,"href":"http:\/\/www.apucarana.pr.gov.br\/ame\/wp-json\/wp\/v2\/categories?post=13875"},{"taxonomy":"post_tag","embeddable":true,"href":"http:\/\/www.apucarana.pr.gov.br\/ame\/wp-json\/wp\/v2\/tags?post=13875"}],"curies":[{"name":"wp","href":"https:\/\/api.w.org\/{rel}","templated":true}]}}