{"id":13867,"date":"2024-10-09T14:02:41","date_gmt":"2024-10-09T17:02:41","guid":{"rendered":"http:\/\/www.apucarana.pr.gov.br\/ame\/?p=13867"},"modified":"2024-10-09T14:37:07","modified_gmt":"2024-10-09T17:37:07","slug":"projeto-olhar-amigo-ja-garantiu-oculos-a-429-estudantes-da-rede-municipal-de-apucarana","status":"publish","type":"post","link":"http:\/\/www.apucarana.pr.gov.br\/ame\/projeto-olhar-amigo-ja-garantiu-oculos-a-429-estudantes-da-rede-municipal-de-apucarana\/","title":{"rendered":"Projeto Olhar Amigo j\u00e1 garantiu \u00f3culos a 429 estudantes da rede municipal de Apucarana"},"content":{"rendered":"<p>O projeto Olhar Amigo, desenvolvido em parceria pela Autarquia de Educa\u00e7\u00e3o e o Rotary Apucarana, est\u00e1 a todo o vapor. Nos \u00faltimos quatro anos, 429 estudantes da rede municipal j\u00e1 foram beneficiados com \u00f3culos de grau. Somente em 2024, 40 crian\u00e7as receberam o acess\u00f3rio, essencial para corrigir a vis\u00e3o e facilitar o aprendizado. A entrega mais recente, realizada na tarde de ontem (8\/10), contemplou tr\u00eas estudantes das escolas municipais Karel Kober, Professor Idalice Moreira Prates e Professor Alcides Ramos.<\/p>\n<p>Durante a cerim\u00f4nia de entrega, o prefeito Junior da Femac expressou sua gratid\u00e3o ao Rotary Apucarana pela colabora\u00e7\u00e3o com a Autarquia de Educa\u00e7\u00e3o. \u201cA vis\u00e3o \u00e9 fundamental para o aprendizado. Crian\u00e7as com problemas de vis\u00e3o enfrentam dificuldades para ler e entender o conte\u00fado escolar. A fadiga ocular e a falta de foco tamb\u00e9m podem prejudicar a concentra\u00e7\u00e3o durante longos per\u00edodos de estudo. Portanto, projetos como o Olhar Amigo s\u00e3o essenciais e muito bem-vindos em nossas escolas,\u201d destacou.<\/p>\n<p>A secret\u00e1ria de educa\u00e7\u00e3o, Professora Marli Fernandes, explicou como o projeto \u00e9 implementado nas escolas municipais. \u201cOs alunos passam inicialmente por uma avalia\u00e7\u00e3o de acuidade visual realizada pelos pr\u00f3prios professores em sala de aula. Ao identificar uma poss\u00edvel altera\u00e7\u00e3o na vis\u00e3o, o docente comunica a equipe pedag\u00f3gica da Autarquia Municipal de Educa\u00e7\u00e3o, que encaminha o estudante para uma consulta oftalmol\u00f3gica. Dependendo do diagn\u00f3stico, o Rotary se encarrega de fornecer os \u00f3culos gratuitamente,\u201d detalhou.<\/p>\n<p>Em 2024, 6.956 alunos j\u00e1 foram avaliados em rela\u00e7\u00e3o \u00e0 acuidade visual. Destes, 87 foram encaminhados para consulta oftalmol\u00f3gica e 40 receberam os \u00f3culos.<\/p>\n<p>A cerim\u00f4nia de entrega contou tamb\u00e9m com a presen\u00e7a do governador do distrito D4710 do Rotary Internacional, Renato Rezende Egea, e do presidente do Rotary Apucarana, Rog\u00e9rio Luiz Fran\u00e7olin da Silva.<\/p>\n<div class = 'socialMediaOnEveryPost'>Compartilhe<div id=\"sgmbShare1-1\" class=\"sgmbShare jssocials-theme-classic sgmbWidget1-1\"><\/div><div class=\"dropdownWrapper dropdownWrapper1 dropdownWrapper-for-widget \" id=\"dropdownWrapper-for-widget\">\r\n\t\t\t\t\t\t<div class=\"dropdownLabel\" id=\"dropdownLabel-share-list\"><span class=\"sgmbButtonListLabel1\">Share List<\/span><\/div>\r\n\t\t\t\t\t\t<div class=\"dropdownPanel dropdownPanel1-1\">\r\n\t\t\t\t\t\t<\/div>\r\n\t\t\t\t\t<\/div><script>  SGMB_URL = \"http:\/\/www.apucarana.pr.gov.br\/ame\/wp-content\/plugins\/social-media-builder\/\"; jQuery(\".dropdownWrapper\").hide(); SGMB_GOOGLE_ACOUNT = \"\"; <\/script><script type=\"text\/javascript\">\r\n\t\tjQuery(document).ready(function($){var widget = new SGMBWidget();widget.show({\"id\":\"1\",\"title\":\"Face\\\/Twitter\",\"options\":{\"currentUrl\":\"1\",\"url\":\"\",\"shareText\":\"\",\"fontSize\":\"14\",\"betweenButtons\":\"1px\",\"theme\":\"classic\",\"sgmbButtonsPosition\":\"bottomLeft\",\"socialTheme\":\"\",\"icon\":\"default\",\"buttonsPanelEffect\":\"No Effect\",\"buttonsEffect\":\"No Effect\",\"iconsEffect\":\"No Effect\",\"buttons\":\"{\\\"facebook\\\":{\\\"label\\\":\\\"Share\\\",\\\"icon\\\":\\\"default-facebook\\\"},\\\"twitter\\\":{\\\"label\\\":\\\"Tweet\\\",\\\"icon\\\":\\\"default-twitter\\\",\\\"via\\\":\\\"\\\",\\\"hashtags\\\":\\\"\\\"}}\",\"roundButton\":\"\",\"showLabels\":\"\",\"showCounts\":\"\",\"showCenter\":\"\",\"showButtonsAsList\":\"\",\"sgmbDropdownColor\":\"\",\"sgmbDropdownLabelFontSize\":\"14\",\"sgmbDropdownLabelColor\":\"\",\"showButtonsOnEveryPost\":\"on\",\"selectedOrExcluded\":\"\",\"showButtonsOnEveryPage\":\"\",\"textOnEveryPost\":\"Compartilhe\",\"showButtonsOnCustomPost\":\"\",\"textOnCustomPost\":\"\",\"showButtonsOnMobileDirect\":\"on\",\"showButtonsOnDesktopDirect\":\"on\",\"sgmbSelectedPages\":[\"\"],\"sgmbExcludedPosts\":[\"\"],\"sgmbSelectedCustomPosts\":[],\"showButtonsInPopup\":\"\",\"titleOfPopup\":\"\",\"descriptionOfPopup\":\"\",\"showPopupOnLoad\":\"\",\"showPopupOnScroll\":\"\",\"showPopupOnExit\":\"\",\"openSecondsOfPopup\":\"\",\"googleAnaliticsAccount\":\"\"},\"buttonOptions\":{\"facebook\":{\"label\":\"Share\",\"icon\":\"default-facebook\"},\"twitter\":{\"label\":\"Tweet\",\"icon\":\"default-twitter\",\"via\":\"\",\"hashtags\":\"\"}},\"button\":[\"facebook\",\"twitter\"]}, 1, '', 'http:\/\/www.apucarana.pr.gov.br\/ame\/wp-content\/uploads\/2024\/10\/ENTREGA-DE-OCULOS-19.jpg', '', 'http:\/\/www.apucarana.pr.gov.br\/ame\/projeto-olhar-amigo-ja-garantiu-oculos-a-429-estudantes-da-rede-municipal-de-apucarana\/'); });<\/script><\/div><script> jQuery(\".socialMediaOnEveryPost\").addClass(\"sgmb-left\") <\/script>","protected":false},"excerpt":{"rendered":"<p>Iniciativa visa melhorar a vis\u00e3o de crian\u00e7as da rede municipal, contribuindo para um aprendizado mais eficaz<\/p>\n","protected":false},"author":10,"featured_media":13870,"comment_status":"closed","ping_status":"open","sticky":false,"template":"","format":"standard","meta":[],"categories":[9],"tags":[],"_links":{"self":[{"href":"http:\/\/www.apucarana.pr.gov.br\/ame\/wp-json\/wp\/v2\/posts\/13867"}],"collection":[{"href":"http:\/\/www.apucarana.pr.gov.br\/ame\/wp-json\/wp\/v2\/posts"}],"about":[{"href":"http:\/\/www.apucarana.pr.gov.br\/ame\/wp-json\/wp\/v2\/types\/post"}],"author":[{"embeddable":true,"href":"http:\/\/www.apucarana.pr.gov.br\/ame\/wp-json\/wp\/v2\/users\/10"}],"replies":[{"embeddable":true,"href":"http:\/\/www.apucarana.pr.gov.br\/ame\/wp-json\/wp\/v2\/comments?post=13867"}],"version-history":[{"count":2,"href":"http:\/\/www.apucarana.pr.gov.br\/ame\/wp-json\/wp\/v2\/posts\/13867\/revisions"}],"predecessor-version":[{"id":13874,"href":"http:\/\/www.apucarana.pr.gov.br\/ame\/wp-json\/wp\/v2\/posts\/13867\/revisions\/13874"}],"wp:featuredmedia":[{"embeddable":true,"href":"http:\/\/www.apucarana.pr.gov.br\/ame\/wp-json\/wp\/v2\/media\/13870"}],"wp:attachment":[{"href":"http:\/\/www.apucarana.pr.gov.br\/ame\/wp-json\/wp\/v2\/media?parent=13867"}],"wp:term":[{"taxonomy":"category","embeddable":true,"href":"http:\/\/www.apucarana.pr.gov.br\/ame\/wp-json\/wp\/v2\/categories?post=13867"},{"taxonomy":"post_tag","embeddable":true,"href":"http:\/\/www.apucarana.pr.gov.br\/ame\/wp-json\/wp\/v2\/tags?post=13867"}],"curies":[{"name":"wp","href":"https:\/\/api.w.org\/{rel}","templated":true}]}}