{"id":13865,"date":"2024-10-08T16:47:00","date_gmt":"2024-10-08T19:47:00","guid":{"rendered":"http:\/\/www.apucarana.pr.gov.br\/ame\/?p=13865"},"modified":"2024-10-08T16:47:00","modified_gmt":"2024-10-08T19:47:00","slug":"polo-uab-apucarana-divulga-processo-seletivo-para-preenchimento-de-vagas-remanescentes-em-tres-cursos-de-graduacao","status":"publish","type":"post","link":"http:\/\/www.apucarana.pr.gov.br\/ame\/polo-uab-apucarana-divulga-processo-seletivo-para-preenchimento-de-vagas-remanescentes-em-tres-cursos-de-graduacao\/","title":{"rendered":"Polo UAB-Apucarana divulga processo seletivo para preenchimento de vagas remanescentes em tr\u00eas cursos de gradua\u00e7\u00e3o"},"content":{"rendered":"<p>O Polo da Universidade Aberta do Brasil em Apucarana (UAB-Apucarana) divulgou, nesta ter\u00e7a-feira (8\/10), a abertura de um processo seletivo para o preenchimento de vagas remanescentes em tr\u00eas cursos de gradua\u00e7\u00e3o oferecidos pela Universidade Estadual do Oeste do Paran\u00e1 (Unioeste). As oportunidades s\u00e3o para os cursos de Bacharelado em Letras &#8211; L\u00edngua Portuguesa e L\u00edngua Brasileira de Sinais (Tradu\u00e7\u00e3o e Interpreta\u00e7\u00e3o), Licenciatura em L\u00edngua Portuguesa e Libras, e Tecn\u00f3logo em Tradu\u00e7\u00e3o e Interpreta\u00e7\u00e3o em Libras.<\/p>\n<p>As inscri\u00e7\u00f5es est\u00e3o abertas at\u00e9 o dia 27 de outubro e s\u00e3o destinadas a candidatos portadores de diploma de curso superior. As inscri\u00e7\u00f5es s\u00e3o gratuitas e devem ser realizadas exclusivamente pelo e-mail: cascavel.eadcad@unioeste.br. Cada candidato pode se inscrever para apenas um dos cursos dispon\u00edveis.<\/p>\n<p>Para efetivar a inscri\u00e7\u00e3o, \u00e9 necess\u00e1rio enviar os seguintes documentos em c\u00f3pia leg\u00edvel: ficha de inscri\u00e7\u00e3o; diploma de gradua\u00e7\u00e3o; hist\u00f3rico escolar da gradua\u00e7\u00e3o; certid\u00e3o de nascimento ou casamento; e carteira de identidade.<\/p>\n<p>A classifica\u00e7\u00e3o dos candidatos ser\u00e1 feita com base em quatro crit\u00e9rios: forma\u00e7\u00e3o em institui\u00e7\u00e3o p\u00fablica nacional, forma\u00e7\u00e3o em institui\u00e7\u00e3o privada nacional, forma\u00e7\u00e3o em institui\u00e7\u00e3o estrangeira, e idade (priorizando os mais velhos).<\/p>\n<p>O edital completo (n\u00ba 035\/2024) pode ser consultado no site do N\u00facleo de Educa\u00e7\u00e3o a Dist\u00e2ncia (NEaDUNI) da Unioeste, acess\u00edvel por meio deste link: <a href=\"https:\/\/www.unioeste.br\/portal\/arq\/files\/NEADUNI\/Edital_035-2024_-_ingresso_Por_de_Diploma_2024_-POSTADO.pdf\">https:\/\/www.unioeste.br\/portal\/arq\/files\/NEADUNI\/Edital_035-2024_-_ingresso_Por_de_Diploma_2024_-POSTADO.pdf<\/a>.<\/p>\n<p>Para mais informa\u00e7\u00f5es, os interessados podem entrar em contato com a coordena\u00e7\u00e3o do Polo UAB-Apucarana pelo telefone\/WhatsApp (43) 3425-1603 ou visitando a unidade na Pra\u00e7a Rui Barbosa, n\u00ba 12.<\/p>\n<p>&nbsp;<\/p>\n<div class = 'socialMediaOnEveryPost'>Compartilhe<div id=\"sgmbShare1-1\" class=\"sgmbShare jssocials-theme-classic sgmbWidget1-1\"><\/div><div class=\"dropdownWrapper dropdownWrapper1 dropdownWrapper-for-widget \" id=\"dropdownWrapper-for-widget\">\r\n\t\t\t\t\t\t<div class=\"dropdownLabel\" id=\"dropdownLabel-share-list\"><span class=\"sgmbButtonListLabel1\">Share List<\/span><\/div>\r\n\t\t\t\t\t\t<div class=\"dropdownPanel dropdownPanel1-1\">\r\n\t\t\t\t\t\t<\/div>\r\n\t\t\t\t\t<\/div><script>  SGMB_URL = \"http:\/\/www.apucarana.pr.gov.br\/ame\/wp-content\/plugins\/social-media-builder\/\"; jQuery(\".dropdownWrapper\").hide(); SGMB_GOOGLE_ACOUNT = \"\"; <\/script><script type=\"text\/javascript\">\r\n\t\tjQuery(document).ready(function($){var widget = new SGMBWidget();widget.show({\"id\":\"1\",\"title\":\"Face\\\/Twitter\",\"options\":{\"currentUrl\":\"1\",\"url\":\"\",\"shareText\":\"\",\"fontSize\":\"14\",\"betweenButtons\":\"1px\",\"theme\":\"classic\",\"sgmbButtonsPosition\":\"bottomLeft\",\"socialTheme\":\"\",\"icon\":\"default\",\"buttonsPanelEffect\":\"No Effect\",\"buttonsEffect\":\"No Effect\",\"iconsEffect\":\"No Effect\",\"buttons\":\"{\\\"facebook\\\":{\\\"label\\\":\\\"Share\\\",\\\"icon\\\":\\\"default-facebook\\\"},\\\"twitter\\\":{\\\"label\\\":\\\"Tweet\\\",\\\"icon\\\":\\\"default-twitter\\\",\\\"via\\\":\\\"\\\",\\\"hashtags\\\":\\\"\\\"}}\",\"roundButton\":\"\",\"showLabels\":\"\",\"showCounts\":\"\",\"showCenter\":\"\",\"showButtonsAsList\":\"\",\"sgmbDropdownColor\":\"\",\"sgmbDropdownLabelFontSize\":\"14\",\"sgmbDropdownLabelColor\":\"\",\"showButtonsOnEveryPost\":\"on\",\"selectedOrExcluded\":\"\",\"showButtonsOnEveryPage\":\"\",\"textOnEveryPost\":\"Compartilhe\",\"showButtonsOnCustomPost\":\"\",\"textOnCustomPost\":\"\",\"showButtonsOnMobileDirect\":\"on\",\"showButtonsOnDesktopDirect\":\"on\",\"sgmbSelectedPages\":[\"\"],\"sgmbExcludedPosts\":[\"\"],\"sgmbSelectedCustomPosts\":[],\"showButtonsInPopup\":\"\",\"titleOfPopup\":\"\",\"descriptionOfPopup\":\"\",\"showPopupOnLoad\":\"\",\"showPopupOnScroll\":\"\",\"showPopupOnExit\":\"\",\"openSecondsOfPopup\":\"\",\"googleAnaliticsAccount\":\"\"},\"buttonOptions\":{\"facebook\":{\"label\":\"Share\",\"icon\":\"default-facebook\"},\"twitter\":{\"label\":\"Tweet\",\"icon\":\"default-twitter\",\"via\":\"\",\"hashtags\":\"\"}},\"button\":[\"facebook\",\"twitter\"]}, 1, '', 'http:\/\/www.apucarana.pr.gov.br\/ame\/wp-content\/uploads\/2017\/07\/POLOEDSON-DENOBI06.jpg', '', 'http:\/\/www.apucarana.pr.gov.br\/ame\/polo-uab-apucarana-divulga-processo-seletivo-para-preenchimento-de-vagas-remanescentes-em-tres-cursos-de-graduacao\/'); });<\/script><\/div><script> jQuery(\".socialMediaOnEveryPost\").addClass(\"sgmb-left\") <\/script>","protected":false},"excerpt":{"rendered":"<p>As oportunidades s\u00e3o para os cursos de Bacharelado em Letras &#8211; L\u00edngua Portuguesa e L\u00edngua Brasileira de Sinais (Tradu\u00e7\u00e3o e Interpreta\u00e7\u00e3o), Licenciatura em L\u00edngua Portuguesa e Libras, e Tecn\u00f3logo em Tradu\u00e7\u00e3o e Interpreta\u00e7\u00e3o em Libras<\/p>\n","protected":false},"author":10,"featured_media":6216,"comment_status":"closed","ping_status":"open","sticky":false,"template":"","format":"standard","meta":[],"categories":[9],"tags":[],"_links":{"self":[{"href":"http:\/\/www.apucarana.pr.gov.br\/ame\/wp-json\/wp\/v2\/posts\/13865"}],"collection":[{"href":"http:\/\/www.apucarana.pr.gov.br\/ame\/wp-json\/wp\/v2\/posts"}],"about":[{"href":"http:\/\/www.apucarana.pr.gov.br\/ame\/wp-json\/wp\/v2\/types\/post"}],"author":[{"embeddable":true,"href":"http:\/\/www.apucarana.pr.gov.br\/ame\/wp-json\/wp\/v2\/users\/10"}],"replies":[{"embeddable":true,"href":"http:\/\/www.apucarana.pr.gov.br\/ame\/wp-json\/wp\/v2\/comments?post=13865"}],"version-history":[{"count":1,"href":"http:\/\/www.apucarana.pr.gov.br\/ame\/wp-json\/wp\/v2\/posts\/13865\/revisions"}],"predecessor-version":[{"id":13866,"href":"http:\/\/www.apucarana.pr.gov.br\/ame\/wp-json\/wp\/v2\/posts\/13865\/revisions\/13866"}],"wp:featuredmedia":[{"embeddable":true,"href":"http:\/\/www.apucarana.pr.gov.br\/ame\/wp-json\/wp\/v2\/media\/6216"}],"wp:attachment":[{"href":"http:\/\/www.apucarana.pr.gov.br\/ame\/wp-json\/wp\/v2\/media?parent=13865"}],"wp:term":[{"taxonomy":"category","embeddable":true,"href":"http:\/\/www.apucarana.pr.gov.br\/ame\/wp-json\/wp\/v2\/categories?post=13865"},{"taxonomy":"post_tag","embeddable":true,"href":"http:\/\/www.apucarana.pr.gov.br\/ame\/wp-json\/wp\/v2\/tags?post=13865"}],"curies":[{"name":"wp","href":"https:\/\/api.w.org\/{rel}","templated":true}]}}