{"id":13780,"date":"2024-07-03T16:41:21","date_gmt":"2024-07-03T19:41:21","guid":{"rendered":"http:\/\/www.apucarana.pr.gov.br\/ame\/?p=13780"},"modified":"2024-10-08T09:07:06","modified_gmt":"2024-10-08T12:07:06","slug":"polo-da-uab-apucarana-conquista-20-novos-cursos-de-graduacao-e-especializacao","status":"publish","type":"post","link":"http:\/\/www.apucarana.pr.gov.br\/ame\/polo-da-uab-apucarana-conquista-20-novos-cursos-de-graduacao-e-especializacao\/","title":{"rendered":"Polo da UAB-Apucarana conquista 20 novos cursos de gradua\u00e7\u00e3o e especializa\u00e7\u00e3o"},"content":{"rendered":"<p>A Coordena\u00e7\u00e3o de Aperfei\u00e7oamento de Pessoal do N\u00edvel Superior (CAPES), do Minist\u00e9rio da Educa\u00e7\u00e3o, divulgou o resultado do edital n\u00ba 25\/2023, com vagas autorizadas para cursos no \u00e2mbito da Universidade Aberta do Brasil. O Polo da UAB-Apucarana foi contemplado com 413 vagas, distribu\u00eddas em 20 cursos de tecnologia, bacharelado, licenciatura e especializa\u00e7\u00e3o.<\/p>\n<p>A Universidade Aberta do Brasil \u00e9 um programa do Minist\u00e9rio da Educa\u00e7\u00e3o que busca ampliar e interiorizar a oferta do ensino superior no pa\u00eds. \u201cO Polo da UAB-Apucarana mant\u00e9m parceria com as melhores universidades p\u00fablicas do Paran\u00e1, por meio da qual oferta dezenas de cursos de gradua\u00e7\u00e3o e p\u00f3s-gradua\u00e7\u00e3o \u00e0 nossa popula\u00e7\u00e3o, todos gratuitos e da mais alta qualidade, na modalidade de Educa\u00e7\u00e3o a Dist\u00e2ncia. \u00c9 uma excelente oportunidade para quem deseja dar sequ\u00eancia aos seus estudos no Ensino Superior,\u201d disse o prefeito Junior da Femac.<\/p>\n<p>A secret\u00e1ria municipal de Educa\u00e7\u00e3o, professora Marli Fernandes, destacou que a prioridade da Universidade Aberta do Brasil \u00e9 investir na forma\u00e7\u00e3o inicial e continuada dos professores da educa\u00e7\u00e3o b\u00e1sica. \u201cAs licenciaturas somam a maioria dos cursos ofertados, mas tamb\u00e9m h\u00e1 oportunidades para quem deseja se profissionalizar em outras \u00e1reas. Vale muito a pena conferir o cat\u00e1logo de cursos do Polo da UAB-Apucarana,\u201d incentivou.<\/p>\n<p>Conforme o resultado do edital n\u00ba 25\/2023, o Polo da UAB-Apucarana foi contemplado com os seguintes cursos:<\/p>\n<p><img loading=\"lazy\" class=\"wp-image-13785 alignnone\" src=\"http:\/\/www.apucarana.pr.gov.br\/ame\/wp-content\/uploads\/2024\/07\/4-1024x1024.jpg\" alt=\"\" width=\"500\" height=\"500\" srcset=\"http:\/\/www.apucarana.pr.gov.br\/ame\/wp-content\/uploads\/2024\/07\/4-1024x1024.jpg 1024w, http:\/\/www.apucarana.pr.gov.br\/ame\/wp-content\/uploads\/2024\/07\/4-300x300.jpg 300w, http:\/\/www.apucarana.pr.gov.br\/ame\/wp-content\/uploads\/2024\/07\/4-150x150.jpg 150w, http:\/\/www.apucarana.pr.gov.br\/ame\/wp-content\/uploads\/2024\/07\/4-768x768.jpg 768w, http:\/\/www.apucarana.pr.gov.br\/ame\/wp-content\/uploads\/2024\/07\/4-100x100.jpg 100w, http:\/\/www.apucarana.pr.gov.br\/ame\/wp-content\/uploads\/2024\/07\/4.jpg 1080w\" sizes=\"(max-width: 500px) 100vw, 500px\" \/> <img loading=\"lazy\" class=\"wp-image-13784 alignnone\" src=\"http:\/\/www.apucarana.pr.gov.br\/ame\/wp-content\/uploads\/2024\/07\/3-1024x1024.jpg\" alt=\"\" width=\"500\" height=\"500\" srcset=\"http:\/\/www.apucarana.pr.gov.br\/ame\/wp-content\/uploads\/2024\/07\/3-1024x1024.jpg 1024w, http:\/\/www.apucarana.pr.gov.br\/ame\/wp-content\/uploads\/2024\/07\/3-300x300.jpg 300w, http:\/\/www.apucarana.pr.gov.br\/ame\/wp-content\/uploads\/2024\/07\/3-150x150.jpg 150w, http:\/\/www.apucarana.pr.gov.br\/ame\/wp-content\/uploads\/2024\/07\/3-768x768.jpg 768w, http:\/\/www.apucarana.pr.gov.br\/ame\/wp-content\/uploads\/2024\/07\/3-100x100.jpg 100w, http:\/\/www.apucarana.pr.gov.br\/ame\/wp-content\/uploads\/2024\/07\/3.jpg 1080w\" sizes=\"(max-width: 500px) 100vw, 500px\" \/> <img loading=\"lazy\" class=\"wp-image-13783 alignnone\" src=\"http:\/\/www.apucarana.pr.gov.br\/ame\/wp-content\/uploads\/2024\/07\/2-1024x1024.jpg\" alt=\"\" width=\"500\" height=\"500\" srcset=\"http:\/\/www.apucarana.pr.gov.br\/ame\/wp-content\/uploads\/2024\/07\/2-1024x1024.jpg 1024w, http:\/\/www.apucarana.pr.gov.br\/ame\/wp-content\/uploads\/2024\/07\/2-300x300.jpg 300w, http:\/\/www.apucarana.pr.gov.br\/ame\/wp-content\/uploads\/2024\/07\/2-150x150.jpg 150w, http:\/\/www.apucarana.pr.gov.br\/ame\/wp-content\/uploads\/2024\/07\/2-768x768.jpg 768w, http:\/\/www.apucarana.pr.gov.br\/ame\/wp-content\/uploads\/2024\/07\/2-100x100.jpg 100w, http:\/\/www.apucarana.pr.gov.br\/ame\/wp-content\/uploads\/2024\/07\/2.jpg 1080w\" sizes=\"(max-width: 500px) 100vw, 500px\" \/><img loading=\"lazy\" class=\"wp-image-13782 alignnone\" src=\"http:\/\/www.apucarana.pr.gov.br\/ame\/wp-content\/uploads\/2024\/07\/1-1024x1024.jpg\" alt=\"\" width=\"500\" height=\"500\" srcset=\"http:\/\/www.apucarana.pr.gov.br\/ame\/wp-content\/uploads\/2024\/07\/1-1024x1024.jpg 1024w, http:\/\/www.apucarana.pr.gov.br\/ame\/wp-content\/uploads\/2024\/07\/1-300x300.jpg 300w, http:\/\/www.apucarana.pr.gov.br\/ame\/wp-content\/uploads\/2024\/07\/1-150x150.jpg 150w, http:\/\/www.apucarana.pr.gov.br\/ame\/wp-content\/uploads\/2024\/07\/1-768x768.jpg 768w, http:\/\/www.apucarana.pr.gov.br\/ame\/wp-content\/uploads\/2024\/07\/1-100x100.jpg 100w, http:\/\/www.apucarana.pr.gov.br\/ame\/wp-content\/uploads\/2024\/07\/1.jpg 1080w\" sizes=\"(max-width: 500px) 100vw, 500px\" \/><\/p>\n<p>Todos os cursos autorizados pelo edital n\u00ba 25\/2023 ter\u00e3o in\u00edcio entre o segundo semestre de 2024 e o primeiro semestre de 2026.<\/p>\n<div class = 'socialMediaOnEveryPost'>Compartilhe<div id=\"sgmbShare1-1\" class=\"sgmbShare jssocials-theme-classic sgmbWidget1-1\"><\/div><div class=\"dropdownWrapper dropdownWrapper1 dropdownWrapper-for-widget \" id=\"dropdownWrapper-for-widget\">\r\n\t\t\t\t\t\t<div class=\"dropdownLabel\" id=\"dropdownLabel-share-list\"><span class=\"sgmbButtonListLabel1\">Share List<\/span><\/div>\r\n\t\t\t\t\t\t<div class=\"dropdownPanel dropdownPanel1-1\">\r\n\t\t\t\t\t\t<\/div>\r\n\t\t\t\t\t<\/div><script>  SGMB_URL = \"http:\/\/www.apucarana.pr.gov.br\/ame\/wp-content\/plugins\/social-media-builder\/\"; jQuery(\".dropdownWrapper\").hide(); SGMB_GOOGLE_ACOUNT = \"\"; <\/script><script type=\"text\/javascript\">\r\n\t\tjQuery(document).ready(function($){var widget = new SGMBWidget();widget.show({\"id\":\"1\",\"title\":\"Face\\\/Twitter\",\"options\":{\"currentUrl\":\"1\",\"url\":\"\",\"shareText\":\"\",\"fontSize\":\"14\",\"betweenButtons\":\"1px\",\"theme\":\"classic\",\"sgmbButtonsPosition\":\"bottomLeft\",\"socialTheme\":\"\",\"icon\":\"default\",\"buttonsPanelEffect\":\"No Effect\",\"buttonsEffect\":\"No Effect\",\"iconsEffect\":\"No Effect\",\"buttons\":\"{\\\"facebook\\\":{\\\"label\\\":\\\"Share\\\",\\\"icon\\\":\\\"default-facebook\\\"},\\\"twitter\\\":{\\\"label\\\":\\\"Tweet\\\",\\\"icon\\\":\\\"default-twitter\\\",\\\"via\\\":\\\"\\\",\\\"hashtags\\\":\\\"\\\"}}\",\"roundButton\":\"\",\"showLabels\":\"\",\"showCounts\":\"\",\"showCenter\":\"\",\"showButtonsAsList\":\"\",\"sgmbDropdownColor\":\"\",\"sgmbDropdownLabelFontSize\":\"14\",\"sgmbDropdownLabelColor\":\"\",\"showButtonsOnEveryPost\":\"on\",\"selectedOrExcluded\":\"\",\"showButtonsOnEveryPage\":\"\",\"textOnEveryPost\":\"Compartilhe\",\"showButtonsOnCustomPost\":\"\",\"textOnCustomPost\":\"\",\"showButtonsOnMobileDirect\":\"on\",\"showButtonsOnDesktopDirect\":\"on\",\"sgmbSelectedPages\":[\"\"],\"sgmbExcludedPosts\":[\"\"],\"sgmbSelectedCustomPosts\":[],\"showButtonsInPopup\":\"\",\"titleOfPopup\":\"\",\"descriptionOfPopup\":\"\",\"showPopupOnLoad\":\"\",\"showPopupOnScroll\":\"\",\"showPopupOnExit\":\"\",\"openSecondsOfPopup\":\"\",\"googleAnaliticsAccount\":\"\"},\"buttonOptions\":{\"facebook\":{\"label\":\"Share\",\"icon\":\"default-facebook\"},\"twitter\":{\"label\":\"Tweet\",\"icon\":\"default-twitter\",\"via\":\"\",\"hashtags\":\"\"}},\"button\":[\"facebook\",\"twitter\"]}, 1, '', 'http:\/\/www.apucarana.pr.gov.br\/ame\/wp-content\/uploads\/2022\/03\/POLOEDSON-DENOBI06.jpg', '', 'http:\/\/www.apucarana.pr.gov.br\/ame\/polo-da-uab-apucarana-conquista-20-novos-cursos-de-graduacao-e-especializacao\/'); });<\/script><\/div><script> jQuery(\".socialMediaOnEveryPost\").addClass(\"sgmb-left\") <\/script>","protected":false},"excerpt":{"rendered":"<p>A Coordena\u00e7\u00e3o de Aperfei\u00e7oamento de Pessoal do N\u00edvel Superior (CAPES), do Minist\u00e9rio da Educa\u00e7\u00e3o, divulgou o resultado do edital n\u00ba 25\/2023, com vagas autorizadas para cursos no \u00e2mbito da Universidade Aberta do Brasil.<\/p>\n","protected":false},"author":10,"featured_media":10356,"comment_status":"closed","ping_status":"open","sticky":false,"template":"","format":"standard","meta":[],"categories":[9],"tags":[],"_links":{"self":[{"href":"http:\/\/www.apucarana.pr.gov.br\/ame\/wp-json\/wp\/v2\/posts\/13780"}],"collection":[{"href":"http:\/\/www.apucarana.pr.gov.br\/ame\/wp-json\/wp\/v2\/posts"}],"about":[{"href":"http:\/\/www.apucarana.pr.gov.br\/ame\/wp-json\/wp\/v2\/types\/post"}],"author":[{"embeddable":true,"href":"http:\/\/www.apucarana.pr.gov.br\/ame\/wp-json\/wp\/v2\/users\/10"}],"replies":[{"embeddable":true,"href":"http:\/\/www.apucarana.pr.gov.br\/ame\/wp-json\/wp\/v2\/comments?post=13780"}],"version-history":[{"count":4,"href":"http:\/\/www.apucarana.pr.gov.br\/ame\/wp-json\/wp\/v2\/posts\/13780\/revisions"}],"predecessor-version":[{"id":13788,"href":"http:\/\/www.apucarana.pr.gov.br\/ame\/wp-json\/wp\/v2\/posts\/13780\/revisions\/13788"}],"wp:featuredmedia":[{"embeddable":true,"href":"http:\/\/www.apucarana.pr.gov.br\/ame\/wp-json\/wp\/v2\/media\/10356"}],"wp:attachment":[{"href":"http:\/\/www.apucarana.pr.gov.br\/ame\/wp-json\/wp\/v2\/media?parent=13780"}],"wp:term":[{"taxonomy":"category","embeddable":true,"href":"http:\/\/www.apucarana.pr.gov.br\/ame\/wp-json\/wp\/v2\/categories?post=13780"},{"taxonomy":"post_tag","embeddable":true,"href":"http:\/\/www.apucarana.pr.gov.br\/ame\/wp-json\/wp\/v2\/tags?post=13780"}],"curies":[{"name":"wp","href":"https:\/\/api.w.org\/{rel}","templated":true}]}}