{"id":13767,"date":"2024-06-26T14:07:59","date_gmt":"2024-06-26T17:07:59","guid":{"rendered":"http:\/\/www.apucarana.pr.gov.br\/ame\/?p=13767"},"modified":"2024-10-08T09:07:06","modified_gmt":"2024-10-08T12:07:06","slug":"apucarana-participa-de-encontro-sul-brasileiro-de-conselheiros-da-alimentacao-escolar","status":"publish","type":"post","link":"http:\/\/www.apucarana.pr.gov.br\/ame\/apucarana-participa-de-encontro-sul-brasileiro-de-conselheiros-da-alimentacao-escolar\/","title":{"rendered":"Apucarana participa de Encontro Sul Brasileiro de Conselheiros da Alimenta\u00e7\u00e3o Escolar"},"content":{"rendered":"<p>Apucarana participou do Encontro Sul Brasileiro de Conselheiros da Alimenta\u00e7\u00e3o Escolar. O evento foi realizado ontem (25\/6) na Assembleia Legislativa do Estado de Santa Catarina (ALESC), em Florian\u00f3polis.<\/p>\n<p>O Conselho Municipal de Alimenta\u00e7\u00e3o Escolar \u00e9 um \u00f3rg\u00e3o colegiado, formado por membros do executivo, representantes da sociedade civil, trabalhadores da educa\u00e7\u00e3o e pais de alunos, que tem a fun\u00e7\u00e3o de acompanhar e fiscalizar a aplica\u00e7\u00e3o dos recursos destinados \u00e0 merenda escolar, zelando pela qualidade das refei\u00e7\u00f5es oferecidas aos estudantes da rede p\u00fablica de educa\u00e7\u00e3o.<\/p>\n<p>Participaram do encontro em Santa Catarina, o presidente e o membro titular do Conselho Municipal de Alimenta\u00e7\u00e3o Escolar de Apucarana, Thairo Telles dos Santos e Claudemir Ockner. Durante a programa\u00e7\u00e3o, eles puderam ampliar seus conhecimentos e compartilhar experi\u00eancias sobre o Programa Nacional de Alimenta\u00e7\u00e3o Escolar (PNAE).<\/p>\n<p>Em 2024, comemora-se trinta anos da cria\u00e7\u00e3o dos Conselhos de Alimenta\u00e7\u00e3o Escolar e quinze anos da Lei n\u00ba 11.947\/2009, que disp\u00f5e sobre o Atendimento da Alimenta\u00e7\u00e3o Escolar aos Alunos da Educa\u00e7\u00e3o B\u00e1sica o Programa Dinheiro Direto na Escola.<\/p>\n<div class = 'socialMediaOnEveryPost'>Compartilhe<div id=\"sgmbShare1-1\" class=\"sgmbShare jssocials-theme-classic sgmbWidget1-1\"><\/div><div class=\"dropdownWrapper dropdownWrapper1 dropdownWrapper-for-widget \" id=\"dropdownWrapper-for-widget\">\r\n\t\t\t\t\t\t<div class=\"dropdownLabel\" id=\"dropdownLabel-share-list\"><span class=\"sgmbButtonListLabel1\">Share List<\/span><\/div>\r\n\t\t\t\t\t\t<div class=\"dropdownPanel dropdownPanel1-1\">\r\n\t\t\t\t\t\t<\/div>\r\n\t\t\t\t\t<\/div><script>  SGMB_URL = \"http:\/\/www.apucarana.pr.gov.br\/ame\/wp-content\/plugins\/social-media-builder\/\"; jQuery(\".dropdownWrapper\").hide(); SGMB_GOOGLE_ACOUNT = \"\"; <\/script><script type=\"text\/javascript\">\r\n\t\tjQuery(document).ready(function($){var widget = new SGMBWidget();widget.show({\"id\":\"1\",\"title\":\"Face\\\/Twitter\",\"options\":{\"currentUrl\":\"1\",\"url\":\"\",\"shareText\":\"\",\"fontSize\":\"14\",\"betweenButtons\":\"1px\",\"theme\":\"classic\",\"sgmbButtonsPosition\":\"bottomLeft\",\"socialTheme\":\"\",\"icon\":\"default\",\"buttonsPanelEffect\":\"No Effect\",\"buttonsEffect\":\"No Effect\",\"iconsEffect\":\"No Effect\",\"buttons\":\"{\\\"facebook\\\":{\\\"label\\\":\\\"Share\\\",\\\"icon\\\":\\\"default-facebook\\\"},\\\"twitter\\\":{\\\"label\\\":\\\"Tweet\\\",\\\"icon\\\":\\\"default-twitter\\\",\\\"via\\\":\\\"\\\",\\\"hashtags\\\":\\\"\\\"}}\",\"roundButton\":\"\",\"showLabels\":\"\",\"showCounts\":\"\",\"showCenter\":\"\",\"showButtonsAsList\":\"\",\"sgmbDropdownColor\":\"\",\"sgmbDropdownLabelFontSize\":\"14\",\"sgmbDropdownLabelColor\":\"\",\"showButtonsOnEveryPost\":\"on\",\"selectedOrExcluded\":\"\",\"showButtonsOnEveryPage\":\"\",\"textOnEveryPost\":\"Compartilhe\",\"showButtonsOnCustomPost\":\"\",\"textOnCustomPost\":\"\",\"showButtonsOnMobileDirect\":\"on\",\"showButtonsOnDesktopDirect\":\"on\",\"sgmbSelectedPages\":[\"\"],\"sgmbExcludedPosts\":[\"\"],\"sgmbSelectedCustomPosts\":[],\"showButtonsInPopup\":\"\",\"titleOfPopup\":\"\",\"descriptionOfPopup\":\"\",\"showPopupOnLoad\":\"\",\"showPopupOnScroll\":\"\",\"showPopupOnExit\":\"\",\"openSecondsOfPopup\":\"\",\"googleAnaliticsAccount\":\"\"},\"buttonOptions\":{\"facebook\":{\"label\":\"Share\",\"icon\":\"default-facebook\"},\"twitter\":{\"label\":\"Tweet\",\"icon\":\"default-twitter\",\"via\":\"\",\"hashtags\":\"\"}},\"button\":[\"facebook\",\"twitter\"]}, 1, '', 'http:\/\/www.apucarana.pr.gov.br\/ame\/wp-content\/uploads\/2024\/06\/WhatsApp-Image-2024-06-25-at-08.53.11.jpeg', '', 'http:\/\/www.apucarana.pr.gov.br\/ame\/apucarana-participa-de-encontro-sul-brasileiro-de-conselheiros-da-alimentacao-escolar\/'); });<\/script><\/div><script> jQuery(\".socialMediaOnEveryPost\").addClass(\"sgmb-left\") <\/script>","protected":false},"excerpt":{"rendered":"<p>O evento foi realizado ontem (25\/6) na Assembleia Legislativa do Estado de Santa Catarina (ALESC), em Florian\u00f3polis<\/p>\n","protected":false},"author":10,"featured_media":13768,"comment_status":"closed","ping_status":"open","sticky":false,"template":"","format":"standard","meta":[],"categories":[9],"tags":[],"_links":{"self":[{"href":"http:\/\/www.apucarana.pr.gov.br\/ame\/wp-json\/wp\/v2\/posts\/13767"}],"collection":[{"href":"http:\/\/www.apucarana.pr.gov.br\/ame\/wp-json\/wp\/v2\/posts"}],"about":[{"href":"http:\/\/www.apucarana.pr.gov.br\/ame\/wp-json\/wp\/v2\/types\/post"}],"author":[{"embeddable":true,"href":"http:\/\/www.apucarana.pr.gov.br\/ame\/wp-json\/wp\/v2\/users\/10"}],"replies":[{"embeddable":true,"href":"http:\/\/www.apucarana.pr.gov.br\/ame\/wp-json\/wp\/v2\/comments?post=13767"}],"version-history":[{"count":1,"href":"http:\/\/www.apucarana.pr.gov.br\/ame\/wp-json\/wp\/v2\/posts\/13767\/revisions"}],"predecessor-version":[{"id":13769,"href":"http:\/\/www.apucarana.pr.gov.br\/ame\/wp-json\/wp\/v2\/posts\/13767\/revisions\/13769"}],"wp:featuredmedia":[{"embeddable":true,"href":"http:\/\/www.apucarana.pr.gov.br\/ame\/wp-json\/wp\/v2\/media\/13768"}],"wp:attachment":[{"href":"http:\/\/www.apucarana.pr.gov.br\/ame\/wp-json\/wp\/v2\/media?parent=13767"}],"wp:term":[{"taxonomy":"category","embeddable":true,"href":"http:\/\/www.apucarana.pr.gov.br\/ame\/wp-json\/wp\/v2\/categories?post=13767"},{"taxonomy":"post_tag","embeddable":true,"href":"http:\/\/www.apucarana.pr.gov.br\/ame\/wp-json\/wp\/v2\/tags?post=13767"}],"curies":[{"name":"wp","href":"https:\/\/api.w.org\/{rel}","templated":true}]}}