{"id":13764,"date":"2024-06-26T10:46:22","date_gmt":"2024-06-26T13:46:22","guid":{"rendered":"http:\/\/www.apucarana.pr.gov.br\/ame\/?p=13764"},"modified":"2024-10-08T09:07:06","modified_gmt":"2024-10-08T12:07:06","slug":"professora-apucaranense-vence-concurso-e-ganha-viagem-de-estudos-aos-estados-unidos","status":"publish","type":"post","link":"http:\/\/www.apucarana.pr.gov.br\/ame\/professora-apucaranense-vence-concurso-e-ganha-viagem-de-estudos-aos-estados-unidos\/","title":{"rendered":"Professora apucaranense vence concurso e ganha viagem de estudos aos Estados Unidos"},"content":{"rendered":"<p>A professora Viviane Vargas da Costa, que d\u00e1 aulas de l\u00edngua inglesa nas escolas municipais Antonieta da Silva Lautenschlager, Professora Marta Pereira da Silva e Professor Alcides Ramos, foi classificada em um programa de desenvolvimento profissional organizado pelo Minist\u00e9rio da Educa\u00e7\u00e3o, por meio da Funda\u00e7\u00e3o Capes e da Comiss\u00e3o Fullbright, e vai participar de um curso de seis semanas de aperfei\u00e7oamento docente nos Estados Unidos. Ela embarcou hoje (26\/6) na viagem rumo \u00e0 Am\u00e9rica do Norte.<\/p>\n<p>O edital n\u00ba 32\/2023 disponibilizou apenas cinco vagas para cada estado brasileiro. Para participar da seletiva, os professores inscritos precisaram submeter-se ao teste de profici\u00eancia em l\u00edngua inglesa TOEFL ITP (Test of English as Foreign Language \u2013 Institucional Testing Program). Os eleitos para o interc\u00e2mbio obtiveram de 450 a 550 pontos na prova.<\/p>\n<p>A secret\u00e1ria de educa\u00e7\u00e3o, Marli Fernandes, felicitou a docente pelo resultado alcan\u00e7ado. \u201cA forma\u00e7\u00e3o continuada nos Estados Unidos vai enriquecer ainda mais a sua pr\u00e1tica docente e os alunos sair\u00e3o ganhando com isso. Muito obrigada pela dedica\u00e7\u00e3o e comprometimento com a educa\u00e7\u00e3o p\u00fablica municipal,\u201d agradeceu.<\/p>\n<p>O ensino da l\u00edngua inglesa faz parte do curr\u00edculo da rede municipal de Apucarana. S\u00e3o duas aulas semanais ministradas aos alunos da pr\u00e9-escola ao 5\u00ba ano. \u201cAproveite bastante a experi\u00eancia do interc\u00e2mbio e aprofunde os conhecimentos para, depois, compartilh\u00e1-los com os demais professores da rede municipal de ensino,\u201d pediu o prefeito Junior da Femac.<\/p>\n<div class = 'socialMediaOnEveryPost'>Compartilhe<div id=\"sgmbShare1-1\" class=\"sgmbShare jssocials-theme-classic sgmbWidget1-1\"><\/div><div class=\"dropdownWrapper dropdownWrapper1 dropdownWrapper-for-widget \" id=\"dropdownWrapper-for-widget\">\r\n\t\t\t\t\t\t<div class=\"dropdownLabel\" id=\"dropdownLabel-share-list\"><span class=\"sgmbButtonListLabel1\">Share List<\/span><\/div>\r\n\t\t\t\t\t\t<div class=\"dropdownPanel dropdownPanel1-1\">\r\n\t\t\t\t\t\t<\/div>\r\n\t\t\t\t\t<\/div><script>  SGMB_URL = \"http:\/\/www.apucarana.pr.gov.br\/ame\/wp-content\/plugins\/social-media-builder\/\"; jQuery(\".dropdownWrapper\").hide(); SGMB_GOOGLE_ACOUNT = \"\"; <\/script><script type=\"text\/javascript\">\r\n\t\tjQuery(document).ready(function($){var widget = new SGMBWidget();widget.show({\"id\":\"1\",\"title\":\"Face\\\/Twitter\",\"options\":{\"currentUrl\":\"1\",\"url\":\"\",\"shareText\":\"\",\"fontSize\":\"14\",\"betweenButtons\":\"1px\",\"theme\":\"classic\",\"sgmbButtonsPosition\":\"bottomLeft\",\"socialTheme\":\"\",\"icon\":\"default\",\"buttonsPanelEffect\":\"No Effect\",\"buttonsEffect\":\"No Effect\",\"iconsEffect\":\"No Effect\",\"buttons\":\"{\\\"facebook\\\":{\\\"label\\\":\\\"Share\\\",\\\"icon\\\":\\\"default-facebook\\\"},\\\"twitter\\\":{\\\"label\\\":\\\"Tweet\\\",\\\"icon\\\":\\\"default-twitter\\\",\\\"via\\\":\\\"\\\",\\\"hashtags\\\":\\\"\\\"}}\",\"roundButton\":\"\",\"showLabels\":\"\",\"showCounts\":\"\",\"showCenter\":\"\",\"showButtonsAsList\":\"\",\"sgmbDropdownColor\":\"\",\"sgmbDropdownLabelFontSize\":\"14\",\"sgmbDropdownLabelColor\":\"\",\"showButtonsOnEveryPost\":\"on\",\"selectedOrExcluded\":\"\",\"showButtonsOnEveryPage\":\"\",\"textOnEveryPost\":\"Compartilhe\",\"showButtonsOnCustomPost\":\"\",\"textOnCustomPost\":\"\",\"showButtonsOnMobileDirect\":\"on\",\"showButtonsOnDesktopDirect\":\"on\",\"sgmbSelectedPages\":[\"\"],\"sgmbExcludedPosts\":[\"\"],\"sgmbSelectedCustomPosts\":[],\"showButtonsInPopup\":\"\",\"titleOfPopup\":\"\",\"descriptionOfPopup\":\"\",\"showPopupOnLoad\":\"\",\"showPopupOnScroll\":\"\",\"showPopupOnExit\":\"\",\"openSecondsOfPopup\":\"\",\"googleAnaliticsAccount\":\"\"},\"buttonOptions\":{\"facebook\":{\"label\":\"Share\",\"icon\":\"default-facebook\"},\"twitter\":{\"label\":\"Tweet\",\"icon\":\"default-twitter\",\"via\":\"\",\"hashtags\":\"\"}},\"button\":[\"facebook\",\"twitter\"]}, 1, '', 'http:\/\/www.apucarana.pr.gov.br\/ame\/wp-content\/uploads\/2024\/06\/c794121a-7efa-4ecd-961c-d29f43046759.jpg', '', 'http:\/\/www.apucarana.pr.gov.br\/ame\/professora-apucaranense-vence-concurso-e-ganha-viagem-de-estudos-aos-estados-unidos\/'); });<\/script><\/div><script> jQuery(\".socialMediaOnEveryPost\").addClass(\"sgmb-left\") <\/script>","protected":false},"excerpt":{"rendered":"<p>A professora Viviane Vargas da Costa foi classificada em um programa de desenvolvimento profissional da Funda\u00e7\u00e3o Capes e da Comiss\u00e3o Fullbright e vai participar de curso de aperfei\u00e7oamento no exterior<\/p>\n","protected":false},"author":10,"featured_media":13765,"comment_status":"closed","ping_status":"open","sticky":false,"template":"","format":"standard","meta":[],"categories":[9],"tags":[],"_links":{"self":[{"href":"http:\/\/www.apucarana.pr.gov.br\/ame\/wp-json\/wp\/v2\/posts\/13764"}],"collection":[{"href":"http:\/\/www.apucarana.pr.gov.br\/ame\/wp-json\/wp\/v2\/posts"}],"about":[{"href":"http:\/\/www.apucarana.pr.gov.br\/ame\/wp-json\/wp\/v2\/types\/post"}],"author":[{"embeddable":true,"href":"http:\/\/www.apucarana.pr.gov.br\/ame\/wp-json\/wp\/v2\/users\/10"}],"replies":[{"embeddable":true,"href":"http:\/\/www.apucarana.pr.gov.br\/ame\/wp-json\/wp\/v2\/comments?post=13764"}],"version-history":[{"count":1,"href":"http:\/\/www.apucarana.pr.gov.br\/ame\/wp-json\/wp\/v2\/posts\/13764\/revisions"}],"predecessor-version":[{"id":13766,"href":"http:\/\/www.apucarana.pr.gov.br\/ame\/wp-json\/wp\/v2\/posts\/13764\/revisions\/13766"}],"wp:featuredmedia":[{"embeddable":true,"href":"http:\/\/www.apucarana.pr.gov.br\/ame\/wp-json\/wp\/v2\/media\/13765"}],"wp:attachment":[{"href":"http:\/\/www.apucarana.pr.gov.br\/ame\/wp-json\/wp\/v2\/media?parent=13764"}],"wp:term":[{"taxonomy":"category","embeddable":true,"href":"http:\/\/www.apucarana.pr.gov.br\/ame\/wp-json\/wp\/v2\/categories?post=13764"},{"taxonomy":"post_tag","embeddable":true,"href":"http:\/\/www.apucarana.pr.gov.br\/ame\/wp-json\/wp\/v2\/tags?post=13764"}],"curies":[{"name":"wp","href":"https:\/\/api.w.org\/{rel}","templated":true}]}}