{"id":13757,"date":"2024-06-25T11:22:51","date_gmt":"2024-06-25T14:22:51","guid":{"rendered":"http:\/\/www.apucarana.pr.gov.br\/ame\/?p=13757"},"modified":"2024-10-08T09:07:06","modified_gmt":"2024-10-08T12:07:06","slug":"polo-da-uab-reune-alunos-e-comunidade-em-evento-de-extensao-universitaria","status":"publish","type":"post","link":"http:\/\/www.apucarana.pr.gov.br\/ame\/polo-da-uab-reune-alunos-e-comunidade-em-evento-de-extensao-universitaria\/","title":{"rendered":"Polo da UAB re\u00fane alunos e comunidade em evento de extens\u00e3o universit\u00e1ria"},"content":{"rendered":"<p>O polo apucaranense da Universidade Aberta do Brasil (Polo da UAB) foi palco, no \u00faltimo s\u00e1bado (22\/6), de um evento de extens\u00e3o universit\u00e1ria promovido pelos acad\u00eamicos do curso de Tecnologia em Gest\u00e3o P\u00fablica (TGP) da Universidade Estadual de Londrina (UEL). A atividade contou com a participa\u00e7\u00e3o de servidores p\u00fablicos de Apucarana, Londrina e Vale do Iva\u00ed, destacando a integra\u00e7\u00e3o da comunidade regional com a educa\u00e7\u00e3o superior.<\/p>\n<p>O evento iniciou com as boas-vindas da coordenadora do curso de TGP, professora Dra. Elaine Maria dos Santos, e da coordenadora do Polo da UAB-Apucarana, Sueli Gomes Reis Gon\u00e7alves. O secret\u00e1rio municipal de Gest\u00e3o P\u00fablica, Alexandre Possebom, ministrou a palestra de abertura, abordando temas relevantes para os estudantes.<\/p>\n<p>O prefeito Junior da Femac destacou que o Polo da UAB &#8211; Apucarana \u00e9 um dos mais movimentados do Paran\u00e1. \u201cO nosso polo mant\u00e9m parceria com as melhores institui\u00e7\u00f5es de ensino superior do estado e do pa\u00eds, com a Funda\u00e7\u00e3o Oswaldo Cruz (Fiocruz), o Instituto Federal do Paran\u00e1 (IFPR), a Universidade Estadual de Ponta Grossa (UEPG), a Universidade Estadual do Centro-Oeste (Unicentro), a Universidade Estadual de Londrina (UEL) e a Universidade Estadual de Maring\u00e1 (UEM), entre outras. Por meio dessas parcerias, n\u00f3s ofertamos in\u00fameros cursos tecnol\u00f3gicos, de gradua\u00e7\u00e3o e de especializa\u00e7\u00e3o, totalmente gratuitos, \u00e0 comunidade. \u00c9 uma excelente oportunidade para quem deseja dar sequ\u00eancia aos seus estudos e capacitar-se para o mercado de trabalho,\u201d afirmou.<\/p>\n<p>\u201cEnsino, pesquisa e extens\u00e3o s\u00e3o os tr\u00eas pilares fundamentais de uma universidade. O objetivo da extens\u00e3o \u00e9 propiciar aos acad\u00eamicos a oportunidade de refletirem sobre os problemas sociais e prestarem servi\u00e7os que beneficiem a popula\u00e7\u00e3o. Parab\u00e9ns aos coordenadores, professores e acad\u00eamicos do curso de Tecnologia em Gest\u00e3o P\u00fablica pela realiza\u00e7\u00e3o desse importante evento, que reafirma o compromisso da UEL e do Polo da UAB-Apucarana com a forma\u00e7\u00e3o de profissionais qualificados e engajados com a comunidade,\u201d acrescentou a secret\u00e1ria municipal de educa\u00e7\u00e3o, Marli Fernandes.<\/p>\n<p>Acompanharam tamb\u00e9m o evento de extens\u00e3o universit\u00e1ria os tutores do curso de TGP, Andrea da Costa Estev\u00e3o dos Santos e Luiz Gustavo Tiroli, e a coordenadora do N\u00facleo de Educa\u00e7\u00e3o a Dist\u00e2ncia (NEAD) da UEL, Maristela Cristina Martins. O evento contou ainda com a participa\u00e7\u00e3o de alunos de outros cursos oferecidos no Polo UAB-Apucarana.<\/p>\n<p>No per\u00edodo vespertino, como parte das Atividades de Extens\u00e3o Universit\u00e1ria (AEx), quatro turmas apresentaram projetos voltados para a comunidade, cumprindo um requisito curricular do curso. Essas atividades promovem a troca de conhecimentos cient\u00edficos e populares, beneficiando tanto os alunos quanto a comunidade local.<\/p>\n<div class = 'socialMediaOnEveryPost'>Compartilhe<div id=\"sgmbShare1-1\" class=\"sgmbShare jssocials-theme-classic sgmbWidget1-1\"><\/div><div class=\"dropdownWrapper dropdownWrapper1 dropdownWrapper-for-widget \" id=\"dropdownWrapper-for-widget\">\r\n\t\t\t\t\t\t<div class=\"dropdownLabel\" id=\"dropdownLabel-share-list\"><span class=\"sgmbButtonListLabel1\">Share List<\/span><\/div>\r\n\t\t\t\t\t\t<div class=\"dropdownPanel dropdownPanel1-1\">\r\n\t\t\t\t\t\t<\/div>\r\n\t\t\t\t\t<\/div><script>  SGMB_URL = \"http:\/\/www.apucarana.pr.gov.br\/ame\/wp-content\/plugins\/social-media-builder\/\"; jQuery(\".dropdownWrapper\").hide(); SGMB_GOOGLE_ACOUNT = \"\"; <\/script><script type=\"text\/javascript\">\r\n\t\tjQuery(document).ready(function($){var widget = new SGMBWidget();widget.show({\"id\":\"1\",\"title\":\"Face\\\/Twitter\",\"options\":{\"currentUrl\":\"1\",\"url\":\"\",\"shareText\":\"\",\"fontSize\":\"14\",\"betweenButtons\":\"1px\",\"theme\":\"classic\",\"sgmbButtonsPosition\":\"bottomLeft\",\"socialTheme\":\"\",\"icon\":\"default\",\"buttonsPanelEffect\":\"No Effect\",\"buttonsEffect\":\"No Effect\",\"iconsEffect\":\"No Effect\",\"buttons\":\"{\\\"facebook\\\":{\\\"label\\\":\\\"Share\\\",\\\"icon\\\":\\\"default-facebook\\\"},\\\"twitter\\\":{\\\"label\\\":\\\"Tweet\\\",\\\"icon\\\":\\\"default-twitter\\\",\\\"via\\\":\\\"\\\",\\\"hashtags\\\":\\\"\\\"}}\",\"roundButton\":\"\",\"showLabels\":\"\",\"showCounts\":\"\",\"showCenter\":\"\",\"showButtonsAsList\":\"\",\"sgmbDropdownColor\":\"\",\"sgmbDropdownLabelFontSize\":\"14\",\"sgmbDropdownLabelColor\":\"\",\"showButtonsOnEveryPost\":\"on\",\"selectedOrExcluded\":\"\",\"showButtonsOnEveryPage\":\"\",\"textOnEveryPost\":\"Compartilhe\",\"showButtonsOnCustomPost\":\"\",\"textOnCustomPost\":\"\",\"showButtonsOnMobileDirect\":\"on\",\"showButtonsOnDesktopDirect\":\"on\",\"sgmbSelectedPages\":[\"\"],\"sgmbExcludedPosts\":[\"\"],\"sgmbSelectedCustomPosts\":[],\"showButtonsInPopup\":\"\",\"titleOfPopup\":\"\",\"descriptionOfPopup\":\"\",\"showPopupOnLoad\":\"\",\"showPopupOnScroll\":\"\",\"showPopupOnExit\":\"\",\"openSecondsOfPopup\":\"\",\"googleAnaliticsAccount\":\"\"},\"buttonOptions\":{\"facebook\":{\"label\":\"Share\",\"icon\":\"default-facebook\"},\"twitter\":{\"label\":\"Tweet\",\"icon\":\"default-twitter\",\"via\":\"\",\"hashtags\":\"\"}},\"button\":[\"facebook\",\"twitter\"]}, 1, '', 'http:\/\/www.apucarana.pr.gov.br\/ame\/wp-content\/uploads\/2024\/06\/EXTENSAO-UNIVERSITARIA-1.jpg', '', 'http:\/\/www.apucarana.pr.gov.br\/ame\/polo-da-uab-reune-alunos-e-comunidade-em-evento-de-extensao-universitaria\/'); });<\/script><\/div><script> jQuery(\".socialMediaOnEveryPost\").addClass(\"sgmb-left\") <\/script>","protected":false},"excerpt":{"rendered":"<p>A atividade, promovida pelos acad\u00eamicos do curso de Tecnologia em Gest\u00e3o P\u00fablica, contou com a participa\u00e7\u00e3o de servidores de Apucarana, Londrina e Vale do Iva\u00ed, destacando a integra\u00e7\u00e3o da comunidade regional com a educa\u00e7\u00e3o superior<\/p>\n","protected":false},"author":10,"featured_media":13758,"comment_status":"closed","ping_status":"open","sticky":false,"template":"","format":"standard","meta":[],"categories":[9],"tags":[],"_links":{"self":[{"href":"http:\/\/www.apucarana.pr.gov.br\/ame\/wp-json\/wp\/v2\/posts\/13757"}],"collection":[{"href":"http:\/\/www.apucarana.pr.gov.br\/ame\/wp-json\/wp\/v2\/posts"}],"about":[{"href":"http:\/\/www.apucarana.pr.gov.br\/ame\/wp-json\/wp\/v2\/types\/post"}],"author":[{"embeddable":true,"href":"http:\/\/www.apucarana.pr.gov.br\/ame\/wp-json\/wp\/v2\/users\/10"}],"replies":[{"embeddable":true,"href":"http:\/\/www.apucarana.pr.gov.br\/ame\/wp-json\/wp\/v2\/comments?post=13757"}],"version-history":[{"count":1,"href":"http:\/\/www.apucarana.pr.gov.br\/ame\/wp-json\/wp\/v2\/posts\/13757\/revisions"}],"predecessor-version":[{"id":13763,"href":"http:\/\/www.apucarana.pr.gov.br\/ame\/wp-json\/wp\/v2\/posts\/13757\/revisions\/13763"}],"wp:featuredmedia":[{"embeddable":true,"href":"http:\/\/www.apucarana.pr.gov.br\/ame\/wp-json\/wp\/v2\/media\/13758"}],"wp:attachment":[{"href":"http:\/\/www.apucarana.pr.gov.br\/ame\/wp-json\/wp\/v2\/media?parent=13757"}],"wp:term":[{"taxonomy":"category","embeddable":true,"href":"http:\/\/www.apucarana.pr.gov.br\/ame\/wp-json\/wp\/v2\/categories?post=13757"},{"taxonomy":"post_tag","embeddable":true,"href":"http:\/\/www.apucarana.pr.gov.br\/ame\/wp-json\/wp\/v2\/tags?post=13757"}],"curies":[{"name":"wp","href":"https:\/\/api.w.org\/{rel}","templated":true}]}}