{"id":13752,"date":"2024-06-24T16:41:29","date_gmt":"2024-06-24T19:41:29","guid":{"rendered":"http:\/\/www.apucarana.pr.gov.br\/ame\/?p=13752"},"modified":"2024-10-08T09:07:06","modified_gmt":"2024-10-08T12:07:06","slug":"estudantes-visitam-forum-e-conhecem-a-dinamica-do-judiciario-em-apucarana","status":"publish","type":"post","link":"http:\/\/www.apucarana.pr.gov.br\/ame\/estudantes-visitam-forum-e-conhecem-a-dinamica-do-judiciario-em-apucarana\/","title":{"rendered":"Estudantes visitam f\u00f3rum e conhecem a din\u00e2mica do judici\u00e1rio em Apucarana"},"content":{"rendered":"<p>O F\u00f3rum Desembargador Clot\u00e1rio Portugal recebeu, entre os dias 3 e 12 de junho, a visita de 1423 estudantes, das turmas de 5\u00ba Ano, das 36 escolas municipais de Apucarana. Durante os passeios, as crian\u00e7as tiveram a oportunidade de conhecer de perto a estrutura e a din\u00e2mica do poder judici\u00e1rio. A iniciativa faz parte do projeto <em>Justi\u00e7a e cidadania tamb\u00e9m se aprendem na escola<\/em>, promovido pelo Tribunal de Justi\u00e7a do Paran\u00e1 (TJPR).<\/p>\n<p>A secret\u00e1ria de educa\u00e7\u00e3o, Professora Marli Fernandes, destaca que o projeto <em>Justi\u00e7a e cidadania tamb\u00e9m se aprendem na escola<\/em> \u00e9 desenvolvido, com sucesso, h\u00e1 v\u00e1rios anos na rede municipal de Apucarana. \u201cS\u00e3o quatro etapas de atividades. Primeiramente, os professores trabalham a cartilha enviada pelo Tribunal de Justi\u00e7a do Paran\u00e1 em sala de aula. Depois, membros do judici\u00e1rio v\u00e3o at\u00e9 as unidades de ensino a fim de ministrar palestras e tirar as d\u00favidas dos estudantes. Em um terceiro momento, as crian\u00e7as participam de visitas ao f\u00f3rum da cidade. Por fim, os alunos ainda s\u00e3o convidados a elaborar um relat\u00f3rio para sistematizar os aprendizados,\u201d explicou.<\/p>\n<p>\u201cA principal fun\u00e7\u00e3o da educa\u00e7\u00e3o \u00e9 preparar os indiv\u00edduos para a vida, tornando-os conscientes, aut\u00f4nomos e cr\u00edticos. Neste sentido, as escolas, juntamente com as fam\u00edlias, t\u00eam o dever de ensinar \u00e0s crian\u00e7as os direitos e os deveres que elas possuem no conv\u00edvio em sociedade. Parab\u00e9ns \u00e0 Autarquia de Educa\u00e7\u00e3o e ao Tribunal de Justi\u00e7a do Estado do Paran\u00e1 pelo desenvolvimento deste brilhante projeto na rede municipal de Apucarana,\u201d disse o prefeito Junior da Femac.<\/p>\n<p>A ju\u00edza da Vara da Fam\u00edlia, Inf\u00e2ncia e Juventude, Carolline de Castro Carrijo, e a advogada Juliana da Silva Frias acompanharam os estudantes da rede municipal de educa\u00e7\u00e3o durante as visitas ao F\u00f3rum Desembargador Clot\u00e1rio Portugal.<\/p>\n<div class = 'socialMediaOnEveryPost'>Compartilhe<div id=\"sgmbShare1-1\" class=\"sgmbShare jssocials-theme-classic sgmbWidget1-1\"><\/div><div class=\"dropdownWrapper dropdownWrapper1 dropdownWrapper-for-widget \" id=\"dropdownWrapper-for-widget\">\r\n\t\t\t\t\t\t<div class=\"dropdownLabel\" id=\"dropdownLabel-share-list\"><span class=\"sgmbButtonListLabel1\">Share List<\/span><\/div>\r\n\t\t\t\t\t\t<div class=\"dropdownPanel dropdownPanel1-1\">\r\n\t\t\t\t\t\t<\/div>\r\n\t\t\t\t\t<\/div><script>  SGMB_URL = \"http:\/\/www.apucarana.pr.gov.br\/ame\/wp-content\/plugins\/social-media-builder\/\"; jQuery(\".dropdownWrapper\").hide(); SGMB_GOOGLE_ACOUNT = \"\"; <\/script><script type=\"text\/javascript\">\r\n\t\tjQuery(document).ready(function($){var widget = new SGMBWidget();widget.show({\"id\":\"1\",\"title\":\"Face\\\/Twitter\",\"options\":{\"currentUrl\":\"1\",\"url\":\"\",\"shareText\":\"\",\"fontSize\":\"14\",\"betweenButtons\":\"1px\",\"theme\":\"classic\",\"sgmbButtonsPosition\":\"bottomLeft\",\"socialTheme\":\"\",\"icon\":\"default\",\"buttonsPanelEffect\":\"No Effect\",\"buttonsEffect\":\"No Effect\",\"iconsEffect\":\"No Effect\",\"buttons\":\"{\\\"facebook\\\":{\\\"label\\\":\\\"Share\\\",\\\"icon\\\":\\\"default-facebook\\\"},\\\"twitter\\\":{\\\"label\\\":\\\"Tweet\\\",\\\"icon\\\":\\\"default-twitter\\\",\\\"via\\\":\\\"\\\",\\\"hashtags\\\":\\\"\\\"}}\",\"roundButton\":\"\",\"showLabels\":\"\",\"showCounts\":\"\",\"showCenter\":\"\",\"showButtonsAsList\":\"\",\"sgmbDropdownColor\":\"\",\"sgmbDropdownLabelFontSize\":\"14\",\"sgmbDropdownLabelColor\":\"\",\"showButtonsOnEveryPost\":\"on\",\"selectedOrExcluded\":\"\",\"showButtonsOnEveryPage\":\"\",\"textOnEveryPost\":\"Compartilhe\",\"showButtonsOnCustomPost\":\"\",\"textOnCustomPost\":\"\",\"showButtonsOnMobileDirect\":\"on\",\"showButtonsOnDesktopDirect\":\"on\",\"sgmbSelectedPages\":[\"\"],\"sgmbExcludedPosts\":[\"\"],\"sgmbSelectedCustomPosts\":[],\"showButtonsInPopup\":\"\",\"titleOfPopup\":\"\",\"descriptionOfPopup\":\"\",\"showPopupOnLoad\":\"\",\"showPopupOnScroll\":\"\",\"showPopupOnExit\":\"\",\"openSecondsOfPopup\":\"\",\"googleAnaliticsAccount\":\"\"},\"buttonOptions\":{\"facebook\":{\"label\":\"Share\",\"icon\":\"default-facebook\"},\"twitter\":{\"label\":\"Tweet\",\"icon\":\"default-twitter\",\"via\":\"\",\"hashtags\":\"\"}},\"button\":[\"facebook\",\"twitter\"]}, 1, '', 'http:\/\/www.apucarana.pr.gov.br\/ame\/wp-content\/uploads\/2024\/06\/JUSTICA-E-CIDADANIA-2-scaled.jpg', '', 'http:\/\/www.apucarana.pr.gov.br\/ame\/estudantes-visitam-forum-e-conhecem-a-dinamica-do-judiciario-em-apucarana\/'); });<\/script><\/div><script> jQuery(\".socialMediaOnEveryPost\").addClass(\"sgmb-left\") <\/script>","protected":false},"excerpt":{"rendered":"<p>A iniciativa faz parte do projeto Justi\u00e7a e cidadania tamb\u00e9m se aprendem na escola, promovido pelo Tribunal de Justi\u00e7a do Paran\u00e1 (TJPR)<\/p>\n","protected":false},"author":10,"featured_media":13753,"comment_status":"closed","ping_status":"open","sticky":false,"template":"","format":"standard","meta":[],"categories":[9],"tags":[],"_links":{"self":[{"href":"http:\/\/www.apucarana.pr.gov.br\/ame\/wp-json\/wp\/v2\/posts\/13752"}],"collection":[{"href":"http:\/\/www.apucarana.pr.gov.br\/ame\/wp-json\/wp\/v2\/posts"}],"about":[{"href":"http:\/\/www.apucarana.pr.gov.br\/ame\/wp-json\/wp\/v2\/types\/post"}],"author":[{"embeddable":true,"href":"http:\/\/www.apucarana.pr.gov.br\/ame\/wp-json\/wp\/v2\/users\/10"}],"replies":[{"embeddable":true,"href":"http:\/\/www.apucarana.pr.gov.br\/ame\/wp-json\/wp\/v2\/comments?post=13752"}],"version-history":[{"count":1,"href":"http:\/\/www.apucarana.pr.gov.br\/ame\/wp-json\/wp\/v2\/posts\/13752\/revisions"}],"predecessor-version":[{"id":13756,"href":"http:\/\/www.apucarana.pr.gov.br\/ame\/wp-json\/wp\/v2\/posts\/13752\/revisions\/13756"}],"wp:featuredmedia":[{"embeddable":true,"href":"http:\/\/www.apucarana.pr.gov.br\/ame\/wp-json\/wp\/v2\/media\/13753"}],"wp:attachment":[{"href":"http:\/\/www.apucarana.pr.gov.br\/ame\/wp-json\/wp\/v2\/media?parent=13752"}],"wp:term":[{"taxonomy":"category","embeddable":true,"href":"http:\/\/www.apucarana.pr.gov.br\/ame\/wp-json\/wp\/v2\/categories?post=13752"},{"taxonomy":"post_tag","embeddable":true,"href":"http:\/\/www.apucarana.pr.gov.br\/ame\/wp-json\/wp\/v2\/tags?post=13752"}],"curies":[{"name":"wp","href":"https:\/\/api.w.org\/{rel}","templated":true}]}}