{"id":13740,"date":"2024-06-21T17:45:18","date_gmt":"2024-06-21T20:45:18","guid":{"rendered":"http:\/\/www.apucarana.pr.gov.br\/ame\/?p=13740"},"modified":"2024-10-08T09:07:06","modified_gmt":"2024-10-08T12:07:06","slug":"apucarana-investe-r-795-mil-na-reforma-e-ampliacao-de-escola-no-parque-biguacu","status":"publish","type":"post","link":"http:\/\/www.apucarana.pr.gov.br\/ame\/apucarana-investe-r-795-mil-na-reforma-e-ampliacao-de-escola-no-parque-biguacu\/","title":{"rendered":"Apucarana investe R$ 795 mil na reforma e amplia\u00e7\u00e3o de escola no Parque Bigua\u00e7u"},"content":{"rendered":"<p>A Prefeitura de Apucarana, por meio da Autarquia de Educa\u00e7\u00e3o, entregou oficialmente hoje (21\/6) as obras da Escola Municipal Dinarte Pereira de Ara\u00fajo \u00e0 comunidade do Parque Bigua\u00e7u. A unidade de ensino passou recentemente por reforma de 113,10 m2 e amplia\u00e7\u00e3o de 532,90 m2. O valor investido no pr\u00e9dio, com recursos pr\u00f3prios do munic\u00edpio, somou R$ 795.343,68.<\/p>\n<p>Entre os servi\u00e7os executados na Escola Municipal Dinarte Pereira de Ara\u00fajo, destacam-se a amplia\u00e7\u00e3o de seis salas de aula, dos sanit\u00e1rios, do refeit\u00f3rio e das coberturas de liga\u00e7\u00e3o entre os blocos, al\u00e9m da adequa\u00e7\u00e3o dos pisos em concreto. A realiza\u00e7\u00e3o da obra possibilitou que a capacidade de atendimento da institui\u00e7\u00e3o passasse de 272 para 452 estudantes.<\/p>\n<p>O prefeito Junior da Femac destacou que a meta da administra\u00e7\u00e3o \u00e9 abrir mil novas vagas na rede municipal de educa\u00e7\u00e3o de Apucarana. \u201cOs nossos CMEIs e Escolas t\u00eam recebido muitos estudantes que est\u00e3o migrando dos col\u00e9gios particulares para a rede municipal e tamb\u00e9m oriundos de outros munic\u00edpios, em virtude da qualidade da educa\u00e7\u00e3o. Por isso, n\u00f3s estamos investindo na amplia\u00e7\u00e3o das unidades de ensino. Atualmente, temos de dez a doze obras em andamento. A amplia\u00e7\u00e3o da Escola Dinarte Pereira j\u00e1 possibilitou a abertura de 180 vagas para atender a demanda. A meta \u00e9 chegar a mil at\u00e9 o final do ano,\u201d afirmou.<\/p>\n<p>\u201cPara oferecermos educa\u00e7\u00e3o verdadeiramente integral \u00e0s crian\u00e7as, n\u00e3o basta ampliar o tempo que elas permanecem diariamente nas salas de aula. \u00c9 preciso tamb\u00e9m pensar no curr\u00edculo, no espa\u00e7o, na merenda e na forma\u00e7\u00e3o dos professores. As reformas e amplia\u00e7\u00f5es que temos feito nos CMEIS e Escolas visam garantir aos nossos estudantes um ambiente confort\u00e1vel e apropriado ao processo de ensino e aprendizagem,\u201d acrescentou a secret\u00e1ria de educa\u00e7\u00e3o, professora Marli Fernandes.<\/p>\n<p>A diretora da Escola Municipal Dinarte Pereira de Ara\u00fajo, professora Lucinete Bertasso, comentou como era o pr\u00e9dio antes e como ficou ap\u00f3s a reforma. \u201cEssa escola costumava encher de \u00e1gua sempre que chovia um pouco mais forte. Em 2019, o pr\u00e9dio passou por uma primeira obra que resolveu os problemas emergenciais, como os alagamentos. A obra atual, por sua vez, foi mais abrangente e possibilitar\u00e1 um melhor atendimento aos nossos estudantes,\u201d disse.<\/p>\n<p>No mesmo ato, o prefeito Junior da Femac tamb\u00e9m realizou a entrega das obras de recape asf\u00e1ltico da Rua Paulo Set\u00fabal, que passa defronte \u00e0 Escola Municipal Dinarte Pereira de Ara\u00fajo. O munic\u00edpio investiu, com recursos pr\u00f3prios, R$ 230 mil no revestimento de 700 metros lineares com Concreto Betuminoso Usinado a Quente (CBQU).<\/p>\n<p>\u201cQuando eu assumi a gest\u00e3o da prefeitura, a regi\u00e3o do Parque Bigua\u00e7u estava abandonada. N\u00f3s j\u00e1 realizamos a revitaliza\u00e7\u00e3o dos monumentos de S\u00e3o Francisco de Assis e da B\u00edblia, reformamos a bocha, fizemos a pista de caminhada e colocamos nova ilumina\u00e7\u00e3o no entorno do parque. Agora, completamos os servi\u00e7os com a reforma e amplia\u00e7\u00e3o da unidade de ensino e o recape asf\u00e1ltico,\u201d concluiu o prefeito.<\/p>\n<p>O investimento total feito pelo munic\u00edpio no pr\u00e9dio da Escola Municipal Dinarte Pereira de Ara\u00fajo e no recape da Rua Paulo Set\u00fabal ultrapassou R$ 1 milh\u00e3o.<\/p>\n<div class = 'socialMediaOnEveryPost'>Compartilhe<div id=\"sgmbShare1-1\" class=\"sgmbShare jssocials-theme-classic sgmbWidget1-1\"><\/div><div class=\"dropdownWrapper dropdownWrapper1 dropdownWrapper-for-widget \" id=\"dropdownWrapper-for-widget\">\r\n\t\t\t\t\t\t<div class=\"dropdownLabel\" id=\"dropdownLabel-share-list\"><span class=\"sgmbButtonListLabel1\">Share List<\/span><\/div>\r\n\t\t\t\t\t\t<div class=\"dropdownPanel dropdownPanel1-1\">\r\n\t\t\t\t\t\t<\/div>\r\n\t\t\t\t\t<\/div><script>  SGMB_URL = \"http:\/\/www.apucarana.pr.gov.br\/ame\/wp-content\/plugins\/social-media-builder\/\"; jQuery(\".dropdownWrapper\").hide(); SGMB_GOOGLE_ACOUNT = \"\"; <\/script><script type=\"text\/javascript\">\r\n\t\tjQuery(document).ready(function($){var widget = new SGMBWidget();widget.show({\"id\":\"1\",\"title\":\"Face\\\/Twitter\",\"options\":{\"currentUrl\":\"1\",\"url\":\"\",\"shareText\":\"\",\"fontSize\":\"14\",\"betweenButtons\":\"1px\",\"theme\":\"classic\",\"sgmbButtonsPosition\":\"bottomLeft\",\"socialTheme\":\"\",\"icon\":\"default\",\"buttonsPanelEffect\":\"No Effect\",\"buttonsEffect\":\"No Effect\",\"iconsEffect\":\"No Effect\",\"buttons\":\"{\\\"facebook\\\":{\\\"label\\\":\\\"Share\\\",\\\"icon\\\":\\\"default-facebook\\\"},\\\"twitter\\\":{\\\"label\\\":\\\"Tweet\\\",\\\"icon\\\":\\\"default-twitter\\\",\\\"via\\\":\\\"\\\",\\\"hashtags\\\":\\\"\\\"}}\",\"roundButton\":\"\",\"showLabels\":\"\",\"showCounts\":\"\",\"showCenter\":\"\",\"showButtonsAsList\":\"\",\"sgmbDropdownColor\":\"\",\"sgmbDropdownLabelFontSize\":\"14\",\"sgmbDropdownLabelColor\":\"\",\"showButtonsOnEveryPost\":\"on\",\"selectedOrExcluded\":\"\",\"showButtonsOnEveryPage\":\"\",\"textOnEveryPost\":\"Compartilhe\",\"showButtonsOnCustomPost\":\"\",\"textOnCustomPost\":\"\",\"showButtonsOnMobileDirect\":\"on\",\"showButtonsOnDesktopDirect\":\"on\",\"sgmbSelectedPages\":[\"\"],\"sgmbExcludedPosts\":[\"\"],\"sgmbSelectedCustomPosts\":[],\"showButtonsInPopup\":\"\",\"titleOfPopup\":\"\",\"descriptionOfPopup\":\"\",\"showPopupOnLoad\":\"\",\"showPopupOnScroll\":\"\",\"showPopupOnExit\":\"\",\"openSecondsOfPopup\":\"\",\"googleAnaliticsAccount\":\"\"},\"buttonOptions\":{\"facebook\":{\"label\":\"Share\",\"icon\":\"default-facebook\"},\"twitter\":{\"label\":\"Tweet\",\"icon\":\"default-twitter\",\"via\":\"\",\"hashtags\":\"\"}},\"button\":[\"facebook\",\"twitter\"]}, 1, '', 'http:\/\/www.apucarana.pr.gov.br\/ame\/wp-content\/uploads\/2024\/06\/Escola-Dinarte-Pereira-001-scaled.jpg', '', 'http:\/\/www.apucarana.pr.gov.br\/ame\/apucarana-investe-r-795-mil-na-reforma-e-ampliacao-de-escola-no-parque-biguacu\/'); });<\/script><\/div><script> jQuery(\".socialMediaOnEveryPost\").addClass(\"sgmb-left\") <\/script>","protected":false},"excerpt":{"rendered":"<p>No mesmo ato, o prefeito Junior da Femac tamb\u00e9m realizou a entrega das obras de recape asf\u00e1ltico da Rua Paulo Set\u00fabal, que demandaram investimento de mais R$ 230 mil<\/p>\n","protected":false},"author":10,"featured_media":13747,"comment_status":"closed","ping_status":"open","sticky":false,"template":"","format":"standard","meta":[],"categories":[9],"tags":[],"_links":{"self":[{"href":"http:\/\/www.apucarana.pr.gov.br\/ame\/wp-json\/wp\/v2\/posts\/13740"}],"collection":[{"href":"http:\/\/www.apucarana.pr.gov.br\/ame\/wp-json\/wp\/v2\/posts"}],"about":[{"href":"http:\/\/www.apucarana.pr.gov.br\/ame\/wp-json\/wp\/v2\/types\/post"}],"author":[{"embeddable":true,"href":"http:\/\/www.apucarana.pr.gov.br\/ame\/wp-json\/wp\/v2\/users\/10"}],"replies":[{"embeddable":true,"href":"http:\/\/www.apucarana.pr.gov.br\/ame\/wp-json\/wp\/v2\/comments?post=13740"}],"version-history":[{"count":1,"href":"http:\/\/www.apucarana.pr.gov.br\/ame\/wp-json\/wp\/v2\/posts\/13740\/revisions"}],"predecessor-version":[{"id":13751,"href":"http:\/\/www.apucarana.pr.gov.br\/ame\/wp-json\/wp\/v2\/posts\/13740\/revisions\/13751"}],"wp:featuredmedia":[{"embeddable":true,"href":"http:\/\/www.apucarana.pr.gov.br\/ame\/wp-json\/wp\/v2\/media\/13747"}],"wp:attachment":[{"href":"http:\/\/www.apucarana.pr.gov.br\/ame\/wp-json\/wp\/v2\/media?parent=13740"}],"wp:term":[{"taxonomy":"category","embeddable":true,"href":"http:\/\/www.apucarana.pr.gov.br\/ame\/wp-json\/wp\/v2\/categories?post=13740"},{"taxonomy":"post_tag","embeddable":true,"href":"http:\/\/www.apucarana.pr.gov.br\/ame\/wp-json\/wp\/v2\/tags?post=13740"}],"curies":[{"name":"wp","href":"https:\/\/api.w.org\/{rel}","templated":true}]}}