{"id":13727,"date":"2024-06-19T11:11:18","date_gmt":"2024-06-19T14:11:18","guid":{"rendered":"http:\/\/www.apucarana.pr.gov.br\/ame\/?p=13727"},"modified":"2024-10-08T09:07:06","modified_gmt":"2024-10-08T12:07:06","slug":"apucarana-segue-lider-em-educacao-entre-as-grandes-cidades-do-parana","status":"publish","type":"post","link":"http:\/\/www.apucarana.pr.gov.br\/ame\/apucarana-segue-lider-em-educacao-entre-as-grandes-cidades-do-parana\/","title":{"rendered":"Apucarana segue l\u00edder em educa\u00e7\u00e3o entre as grandes cidades do Paran\u00e1"},"content":{"rendered":"<p>Com 75,74 Apucarana lidera \u00edndice de educa\u00e7\u00e3o entre as 15 maiores cidades do Paran\u00e1. O IGMA Educa\u00e7\u00e3o, \u00edndice de gest\u00e3o municipal da educa\u00e7\u00e3o, do Instituto \u00c1quila, indica Apucarana com 75,74, seguida por Curitiba com 75,44, Toledo com 75,09, Cascavel 71,34 e fechando o top 5 aparece Ponta Grossa com 68,82.<\/p>\n<p>Entre as maiores cidades da regi\u00e3o norte, Apucarana tamb\u00e9m lidera, seguida por Arapongas com 75,65, Londrina com 66,71, Maring\u00e1 com 62,04, Camb\u00e9 56,68 e Sarandi 50,21.<\/p>\n<p>No Pr\u00eamio Band Cidades Evolu\u00e7\u00e3o, que indicou as cidades que mais evolu\u00edram nos \u00faltimos tr\u00eas anos e meio, Apucarana est\u00e1 entre as tr\u00eas cidades que mais evolu\u00edram na educa\u00e7\u00e3o e entre as tr\u00eas que mais evolu\u00edram no \u00edndice de Sustentabilidade.<\/p>\n<p>O prefeito Junior da Femac esteve na premia\u00e7\u00e3o realizada na noite de ter\u00e7a-feira, junto com outras autoridades, como o secret\u00e1rio de Ind\u00fastria e Com\u00e9rcio do Paran\u00e1, deputado federal Ricardo Barros, o vice-prefeito de Curitiba, Eduardo Pimentel, e a prefeita de S\u00e3o Pedro do Iva\u00ed, Maria Regina Della Rosa Magri, entre outras lideran\u00e7as do Estado.<\/p>\n<p>Junior da Femac reitera que recentemente Apucarana foi escolhida pela Rede Mundial de Cidades Educadoras como uma das 10 melhores do mundo, atrav\u00e9s do Projeto de Ensino de Libras. \u201cTudo isso \u00e9 fruto da atua\u00e7\u00e3o da nossa equipe da educa\u00e7\u00e3o que todo dia trabalha firme e com amor para que nossas crian\u00e7as aprendam. Fico feliz pelo destaque que Apucarana tem na \u00e1rea da educa\u00e7\u00e3o. Nossas crian\u00e7as s\u00e3o prioridade. O destaque na Sustentabilidade mostra o nosso comprometido com a prote\u00e7\u00e3o ao meio ambiente\u201d, frisa Junior da Femac.<\/p>\n<div class = 'socialMediaOnEveryPost'>Compartilhe<div id=\"sgmbShare1-1\" class=\"sgmbShare jssocials-theme-classic sgmbWidget1-1\"><\/div><div class=\"dropdownWrapper dropdownWrapper1 dropdownWrapper-for-widget \" id=\"dropdownWrapper-for-widget\">\r\n\t\t\t\t\t\t<div class=\"dropdownLabel\" id=\"dropdownLabel-share-list\"><span class=\"sgmbButtonListLabel1\">Share List<\/span><\/div>\r\n\t\t\t\t\t\t<div class=\"dropdownPanel dropdownPanel1-1\">\r\n\t\t\t\t\t\t<\/div>\r\n\t\t\t\t\t<\/div><script>  SGMB_URL = \"http:\/\/www.apucarana.pr.gov.br\/ame\/wp-content\/plugins\/social-media-builder\/\"; jQuery(\".dropdownWrapper\").hide(); SGMB_GOOGLE_ACOUNT = \"\"; <\/script><script type=\"text\/javascript\">\r\n\t\tjQuery(document).ready(function($){var widget = new SGMBWidget();widget.show({\"id\":\"1\",\"title\":\"Face\\\/Twitter\",\"options\":{\"currentUrl\":\"1\",\"url\":\"\",\"shareText\":\"\",\"fontSize\":\"14\",\"betweenButtons\":\"1px\",\"theme\":\"classic\",\"sgmbButtonsPosition\":\"bottomLeft\",\"socialTheme\":\"\",\"icon\":\"default\",\"buttonsPanelEffect\":\"No Effect\",\"buttonsEffect\":\"No Effect\",\"iconsEffect\":\"No Effect\",\"buttons\":\"{\\\"facebook\\\":{\\\"label\\\":\\\"Share\\\",\\\"icon\\\":\\\"default-facebook\\\"},\\\"twitter\\\":{\\\"label\\\":\\\"Tweet\\\",\\\"icon\\\":\\\"default-twitter\\\",\\\"via\\\":\\\"\\\",\\\"hashtags\\\":\\\"\\\"}}\",\"roundButton\":\"\",\"showLabels\":\"\",\"showCounts\":\"\",\"showCenter\":\"\",\"showButtonsAsList\":\"\",\"sgmbDropdownColor\":\"\",\"sgmbDropdownLabelFontSize\":\"14\",\"sgmbDropdownLabelColor\":\"\",\"showButtonsOnEveryPost\":\"on\",\"selectedOrExcluded\":\"\",\"showButtonsOnEveryPage\":\"\",\"textOnEveryPost\":\"Compartilhe\",\"showButtonsOnCustomPost\":\"\",\"textOnCustomPost\":\"\",\"showButtonsOnMobileDirect\":\"on\",\"showButtonsOnDesktopDirect\":\"on\",\"sgmbSelectedPages\":[\"\"],\"sgmbExcludedPosts\":[\"\"],\"sgmbSelectedCustomPosts\":[],\"showButtonsInPopup\":\"\",\"titleOfPopup\":\"\",\"descriptionOfPopup\":\"\",\"showPopupOnLoad\":\"\",\"showPopupOnScroll\":\"\",\"showPopupOnExit\":\"\",\"openSecondsOfPopup\":\"\",\"googleAnaliticsAccount\":\"\"},\"buttonOptions\":{\"facebook\":{\"label\":\"Share\",\"icon\":\"default-facebook\"},\"twitter\":{\"label\":\"Tweet\",\"icon\":\"default-twitter\",\"via\":\"\",\"hashtags\":\"\"}},\"button\":[\"facebook\",\"twitter\"]}, 1, '', 'http:\/\/www.apucarana.pr.gov.br\/ame\/wp-content\/uploads\/2024\/06\/WhatsApp-Image-2024-06-19-at-09.00.45-1024x768-1.jpeg', '', 'http:\/\/www.apucarana.pr.gov.br\/ame\/apucarana-segue-lider-em-educacao-entre-as-grandes-cidades-do-parana\/'); });<\/script><\/div><script> jQuery(\".socialMediaOnEveryPost\").addClass(\"sgmb-left\") <\/script>","protected":false},"excerpt":{"rendered":"<p>O IGMA Educa\u00e7\u00e3o, \u00edndice de gest\u00e3o municipal da educa\u00e7\u00e3o, do Instituto \u00c1quila, indica Apucarana com 75,74, seguida por Curitiba com 75,44, Toledo com 75,09, Cascavel 71,34 e fechando o top 5 aparece Ponta Grossa com 68,82<\/p>\n","protected":false},"author":10,"featured_media":13728,"comment_status":"closed","ping_status":"open","sticky":false,"template":"","format":"standard","meta":[],"categories":[9],"tags":[],"_links":{"self":[{"href":"http:\/\/www.apucarana.pr.gov.br\/ame\/wp-json\/wp\/v2\/posts\/13727"}],"collection":[{"href":"http:\/\/www.apucarana.pr.gov.br\/ame\/wp-json\/wp\/v2\/posts"}],"about":[{"href":"http:\/\/www.apucarana.pr.gov.br\/ame\/wp-json\/wp\/v2\/types\/post"}],"author":[{"embeddable":true,"href":"http:\/\/www.apucarana.pr.gov.br\/ame\/wp-json\/wp\/v2\/users\/10"}],"replies":[{"embeddable":true,"href":"http:\/\/www.apucarana.pr.gov.br\/ame\/wp-json\/wp\/v2\/comments?post=13727"}],"version-history":[{"count":1,"href":"http:\/\/www.apucarana.pr.gov.br\/ame\/wp-json\/wp\/v2\/posts\/13727\/revisions"}],"predecessor-version":[{"id":13730,"href":"http:\/\/www.apucarana.pr.gov.br\/ame\/wp-json\/wp\/v2\/posts\/13727\/revisions\/13730"}],"wp:featuredmedia":[{"embeddable":true,"href":"http:\/\/www.apucarana.pr.gov.br\/ame\/wp-json\/wp\/v2\/media\/13728"}],"wp:attachment":[{"href":"http:\/\/www.apucarana.pr.gov.br\/ame\/wp-json\/wp\/v2\/media?parent=13727"}],"wp:term":[{"taxonomy":"category","embeddable":true,"href":"http:\/\/www.apucarana.pr.gov.br\/ame\/wp-json\/wp\/v2\/categories?post=13727"},{"taxonomy":"post_tag","embeddable":true,"href":"http:\/\/www.apucarana.pr.gov.br\/ame\/wp-json\/wp\/v2\/tags?post=13727"}],"curies":[{"name":"wp","href":"https:\/\/api.w.org\/{rel}","templated":true}]}}