{"id":12947,"date":"2024-07-05T11:19:05","date_gmt":"2024-07-05T14:19:05","guid":{"rendered":"http:\/\/www.apucarana.pr.gov.br\/ame\/?p=12947"},"modified":"2024-10-08T09:07:06","modified_gmt":"2024-10-08T12:07:06","slug":"apucarana-divulga-cardapios-da-rede-municipal-de-educacao-para-o-mes-de-novembro","status":"publish","type":"post","link":"http:\/\/www.apucarana.pr.gov.br\/ame\/apucarana-divulga-cardapios-da-rede-municipal-de-educacao-para-o-mes-de-novembro\/","title":{"rendered":"Apucarana divulga card\u00e1pios da rede municipal de educa\u00e7\u00e3o para o m\u00eas de novembro"},"content":{"rendered":"<p>A Prefeitura de Apucarana, por meio da Autarquia Municipal de Educa\u00e7\u00e3o (AME), trabalha diligentemente para oferecer uma alimenta\u00e7\u00e3o saud\u00e1vel e de qualidade aos mais de 12 mil estudantes matriculados nos centros infantis (CMEIs) e escolas da sua rede. Os pais e respons\u00e1veis pelas crian\u00e7as t\u00eam acesso aos card\u00e1pios da merenda por meio do site <a href=\"http:\/\/www.apucarana.pr.gov.br\/ame\/cardapios-da-merenda-escolar\/\">www.apucarana.pr.gov.br\/ame\/cardapios-da-merenda-escolar\/<\/a>. Os documentos referentes ao m\u00eas de novembro, inclusive, j\u00e1 est\u00e3o dispon\u00edveis.<\/p>\n<p>O Departamento de Alimenta\u00e7\u00e3o Escolar da AME cumpre rigorosamente as determina\u00e7\u00f5es da Resolu\u00e7\u00e3o n\u00ba 06\/2020 do Fundo Nacional de Desenvolvimento da Educa\u00e7\u00e3o (FNDE), que disp\u00f5e sobre o atendimento dos alunos da educa\u00e7\u00e3o b\u00e1sica no \u00e2mbito do Programa Nacional de Alimenta\u00e7\u00e3o Escolar (PNAE). \u201cN\u00f3s temos uma equipe de quatro nutricionistas que s\u00e3o respons\u00e1veis pela elabora\u00e7\u00e3o dos card\u00e1pios, pelo planejamento das compras, pela capacita\u00e7\u00e3o semestral das merendeiras, pelo acompanhamento da aceitabilidade das refei\u00e7\u00f5es ofertadas, pela verifica\u00e7\u00e3o do estado nutricional dos estudantes e por fazerem visitas t\u00e9cnicas peri\u00f3dicas \u00e0s unidades de ensino. Todo o processo recebe a fiscaliza\u00e7\u00e3o do Conselho Municipal de Alimenta\u00e7\u00e3o Escolar, que possui pais de alunos e representantes da sociedade civil organizada entre seus membros,\u201d afirmou o prefeito Junior da Femac.<\/p>\n<p>A secret\u00e1ria de educa\u00e7\u00e3o Marli Fernandes frisou que o Departamento de Alimenta\u00e7\u00e3o Escolar serve aproximadamente 880 mil refei\u00e7\u00f5es por m\u00eas aos seus estudantes. \u201cDiariamente, os alunos matriculados nas escolas s\u00e3o contemplados com tr\u00eas refei\u00e7\u00f5es. J\u00e1 as crian\u00e7as que frequentam os CMEIs recebem de quatro a cinco refei\u00e7\u00f5es. N\u00f3s tamb\u00e9m asseguramos a f\u00f3rmula infantil aos beb\u00eas de at\u00e9 um ano de idade, que \u00e9 o alimento que mais se assemelha ao leite materno. As m\u00e3es que preferem tamb\u00e9m podem ir ao centro infantil amamentar ou mandar o leite ordenhado para os seus filhos. Por fim, os matriculados na Educa\u00e7\u00e3o de Jovens e Adultos, que estudam no per\u00edodo noturno, recebem o jantar,\u201d detalhou.<\/p>\n<p>Em 2023, a rede municipal de educa\u00e7\u00e3o est\u00e1 atendendo a 266 estudantes que possuem alguma patologia relacionada \u00e0 alimenta\u00e7\u00e3o. \u201cN\u00f3s temos crian\u00e7as com alergia \u00e0 prote\u00edna do leite de vaca, alergia ao cacau, alergia a corante, alergia a ovo, doen\u00e7a cel\u00edaca, diabetes, fenilceton\u00faria e intoler\u00e2ncia \u00e0 lactose. Cada uma delas recebe alimentos espec\u00edficos para a sua condi\u00e7\u00e3o,\u201d explicou a nutricionista Jaqueline de Oliveira.<\/p>\n<p>A nutricionista Fernanda Carrero acrescentou que o Departamento de Alimenta\u00e7\u00e3o Escolar prioriza a compra direta de produtos da Agricultura Familiar. \u201cS\u00e3o produtos <em>in natura<\/em> dos mais variados g\u00eaneros, adquiridos localmente, valorizando o produtor rural e proporcionando verduras e legumes abundantes e sempre frescos,\u201d falou.<\/p>\n<p>\u201cA qualidade da merenda escolar contribui para o sucesso do ensino, garantindo \u00e0s crian\u00e7as um melhor rendimento escolar, crescimento adequado e desenvolvimento psicossocial saud\u00e1vel,\u201d completou a nutricionista Izabela Sampaio do Valle.<\/p>\n<p>\u201cOs pais que tiverem alguma d\u00favida em rela\u00e7\u00e3o aos card\u00e1pios da merenda escolar podem entrar em contato conosco pelo telefone 3033-1609. N\u00f3s nos colocamos \u00e0 disposi\u00e7\u00e3o para atend\u00ea-los\u201d, finalizou a nutricionista Suzana Tiemi Morais.<\/p>\n<div class = 'socialMediaOnEveryPost'>Compartilhe<div id=\"sgmbShare1-1\" class=\"sgmbShare jssocials-theme-classic sgmbWidget1-1\"><\/div><div class=\"dropdownWrapper dropdownWrapper1 dropdownWrapper-for-widget \" id=\"dropdownWrapper-for-widget\">\r\n\t\t\t\t\t\t<div class=\"dropdownLabel\" id=\"dropdownLabel-share-list\"><span class=\"sgmbButtonListLabel1\">Share List<\/span><\/div>\r\n\t\t\t\t\t\t<div class=\"dropdownPanel dropdownPanel1-1\">\r\n\t\t\t\t\t\t<\/div>\r\n\t\t\t\t\t<\/div><script>  SGMB_URL = \"http:\/\/www.apucarana.pr.gov.br\/ame\/wp-content\/plugins\/social-media-builder\/\"; jQuery(\".dropdownWrapper\").hide(); SGMB_GOOGLE_ACOUNT = \"\"; <\/script><script type=\"text\/javascript\">\r\n\t\tjQuery(document).ready(function($){var widget = new SGMBWidget();widget.show({\"id\":\"1\",\"title\":\"Face\\\/Twitter\",\"options\":{\"currentUrl\":\"1\",\"url\":\"\",\"shareText\":\"\",\"fontSize\":\"14\",\"betweenButtons\":\"1px\",\"theme\":\"classic\",\"sgmbButtonsPosition\":\"bottomLeft\",\"socialTheme\":\"\",\"icon\":\"default\",\"buttonsPanelEffect\":\"No Effect\",\"buttonsEffect\":\"No Effect\",\"iconsEffect\":\"No Effect\",\"buttons\":\"{\\\"facebook\\\":{\\\"label\\\":\\\"Share\\\",\\\"icon\\\":\\\"default-facebook\\\"},\\\"twitter\\\":{\\\"label\\\":\\\"Tweet\\\",\\\"icon\\\":\\\"default-twitter\\\",\\\"via\\\":\\\"\\\",\\\"hashtags\\\":\\\"\\\"}}\",\"roundButton\":\"\",\"showLabels\":\"\",\"showCounts\":\"\",\"showCenter\":\"\",\"showButtonsAsList\":\"\",\"sgmbDropdownColor\":\"\",\"sgmbDropdownLabelFontSize\":\"14\",\"sgmbDropdownLabelColor\":\"\",\"showButtonsOnEveryPost\":\"on\",\"selectedOrExcluded\":\"\",\"showButtonsOnEveryPage\":\"\",\"textOnEveryPost\":\"Compartilhe\",\"showButtonsOnCustomPost\":\"\",\"textOnCustomPost\":\"\",\"showButtonsOnMobileDirect\":\"on\",\"showButtonsOnDesktopDirect\":\"on\",\"sgmbSelectedPages\":[\"\"],\"sgmbExcludedPosts\":[\"\"],\"sgmbSelectedCustomPosts\":[],\"showButtonsInPopup\":\"\",\"titleOfPopup\":\"\",\"descriptionOfPopup\":\"\",\"showPopupOnLoad\":\"\",\"showPopupOnScroll\":\"\",\"showPopupOnExit\":\"\",\"openSecondsOfPopup\":\"\",\"googleAnaliticsAccount\":\"\"},\"buttonOptions\":{\"facebook\":{\"label\":\"Share\",\"icon\":\"default-facebook\"},\"twitter\":{\"label\":\"Tweet\",\"icon\":\"default-twitter\",\"via\":\"\",\"hashtags\":\"\"}},\"button\":[\"facebook\",\"twitter\"]}, 1, '', 'http:\/\/www.apucarana.pr.gov.br\/ame\/wp-content\/uploads\/2023\/11\/IMG_7030-scaled.jpg', '', 'http:\/\/www.apucarana.pr.gov.br\/ame\/apucarana-divulga-cardapios-da-rede-municipal-de-educacao-para-o-mes-de-novembro\/'); });<\/script><\/div><script> jQuery(\".socialMediaOnEveryPost\").addClass(\"sgmb-left\") <\/script>","protected":false},"excerpt":{"rendered":"<p>Os pais e respons\u00e1veis pelas crian\u00e7as t\u00eam acesso aos card\u00e1pios da merenda por meio do site da Autarquia Municipal de Educa\u00e7\u00e3o<\/p>\n","protected":false},"author":10,"featured_media":12948,"comment_status":"closed","ping_status":"open","sticky":false,"template":"","format":"standard","meta":[],"categories":[9],"tags":[],"_links":{"self":[{"href":"http:\/\/www.apucarana.pr.gov.br\/ame\/wp-json\/wp\/v2\/posts\/12947"}],"collection":[{"href":"http:\/\/www.apucarana.pr.gov.br\/ame\/wp-json\/wp\/v2\/posts"}],"about":[{"href":"http:\/\/www.apucarana.pr.gov.br\/ame\/wp-json\/wp\/v2\/types\/post"}],"author":[{"embeddable":true,"href":"http:\/\/www.apucarana.pr.gov.br\/ame\/wp-json\/wp\/v2\/users\/10"}],"replies":[{"embeddable":true,"href":"http:\/\/www.apucarana.pr.gov.br\/ame\/wp-json\/wp\/v2\/comments?post=12947"}],"version-history":[{"count":1,"href":"http:\/\/www.apucarana.pr.gov.br\/ame\/wp-json\/wp\/v2\/posts\/12947\/revisions"}],"predecessor-version":[{"id":12949,"href":"http:\/\/www.apucarana.pr.gov.br\/ame\/wp-json\/wp\/v2\/posts\/12947\/revisions\/12949"}],"wp:featuredmedia":[{"embeddable":true,"href":"http:\/\/www.apucarana.pr.gov.br\/ame\/wp-json\/wp\/v2\/media\/12948"}],"wp:attachment":[{"href":"http:\/\/www.apucarana.pr.gov.br\/ame\/wp-json\/wp\/v2\/media?parent=12947"}],"wp:term":[{"taxonomy":"category","embeddable":true,"href":"http:\/\/www.apucarana.pr.gov.br\/ame\/wp-json\/wp\/v2\/categories?post=12947"},{"taxonomy":"post_tag","embeddable":true,"href":"http:\/\/www.apucarana.pr.gov.br\/ame\/wp-json\/wp\/v2\/tags?post=12947"}],"curies":[{"name":"wp","href":"https:\/\/api.w.org\/{rel}","templated":true}]}}