{"id":12241,"date":"2023-06-06T13:48:25","date_gmt":"2023-06-06T16:48:25","guid":{"rendered":"http:\/\/www.apucarana.pr.gov.br\/ame\/?p=12241"},"modified":"2024-10-08T09:07:12","modified_gmt":"2024-10-08T12:07:12","slug":"polo-da-uab-forma-nova-turma-para-a-licenciatura-em-letras-portugues-2","status":"publish","type":"post","link":"http:\/\/www.apucarana.pr.gov.br\/ame\/polo-da-uab-forma-nova-turma-para-a-licenciatura-em-letras-portugues-2\/","title":{"rendered":"Polo da UAB forma nova turma para a licenciatura em Letras-Portugu\u00eas"},"content":{"rendered":"<p>Seguem abertas as inscri\u00e7\u00f5es para o Segundo Vestibular Unificado de Educa\u00e7\u00e3o a Dist\u00e2ncia da Universidade Virtual do Paran\u00e1 (UVPR). Nesta edi\u00e7\u00e3o, a Universidade Estadual do Centro-Oeste (Unicentro) ir\u00e1 ofertar o curso de Licenciatura em Letras Portugu\u00eas e suas Literaturas por meio do polo apucaranense da Universidade Aberta do Brasil (Polo da UAB-Apucarana). Os interessados em concorrer a uma das 36 vagas devem realizar a inscri\u00e7\u00e3o, at\u00e9 15 de junho, exclusivamente pela internet (<a href=\"http:\/\/cps.uepg.br\/ead\">cps.uepg.br\/ead<\/a>). A taxa exigida \u00e9 de R$ 50,00.<\/p>\n<p>\u201cA Unicentro \u00e9 uma parceira de longa data do nosso Polo da UAB. Esta \u00e9 a segunda vez que a universidade traz a Licenciatura em Letras Portugu\u00eas e suas Literaturas para o nosso munic\u00edpio. Os estudantes que participaram da turma anterior elogiam bastante os professores, os tutores e o curso. \u00c9 uma forma\u00e7\u00e3o de excelente qualidade\u201d, comentou o prefeito Junior da Femac.<\/p>\n<p>A secret\u00e1ria Marli Fernandes frisou que o p\u00fablico-alvo do curso s\u00e3o os docentes. \u201cDas 36 vagas destinadas ao nosso polo, dezoito s\u00e3o reservadas para professores da educa\u00e7\u00e3o b\u00e1sica que n\u00e3o possuem forma\u00e7\u00e3o na \u00e1rea em que atuam, sete para pessoas que cursaram a educa\u00e7\u00e3o b\u00e1sica em escola p\u00fablica, tr\u00eas para afrodescendentes, uma para pessoa com defici\u00eancia e sete para a ampla concorr\u00eancia,\u201d detalhou.<\/p>\n<p>\u201cA Licenciatura em Letras Portugu\u00eas e suas Literaturas \u00e9 ofertada na modalidade de Educa\u00e7\u00e3o a Dist\u00e2ncia. Os acad\u00eamicos t\u00eam acesso aos conte\u00fados e realizam as atividades propostas por meio do Ambiente Virtual de Aprendizagem da Unicentro. Os professores tamb\u00e9m costumam organizar regularmente rodas de conversa e aulas s\u00edncronas para sanar as d\u00favidas dos estudantes. Al\u00e9m disso, os acad\u00eamicos contam com o apoio de uma tutora presencial no munic\u00edpio,\u201d acrescentou a coordenadora do Polo da UAB-Apucarana, Sueli Gon\u00e7alves.<\/p>\n<p>As provas o vestibular est\u00e3o programadas para 2 de julho. O manual do candidato pode ser acessado no seguinte endere\u00e7o: <a href=\"https:\/\/cps.uepg.br\/vestibular\/documentos\/2023\/EAD_UNIFICADO_2\/MANUAL_CANDIDATO_2o_VESTIBULAR_UNIFICADO_EAD_2023.pdf\">https:\/\/cps.uepg.br\/vestibular\/documentos\/2023\/EAD_UNIFICADO_2\/MANUAL_CANDIDATO_2o_VESTIBULAR_UNIFICADO_EAD_2023.pdf<\/a><\/p>\n<div class = 'socialMediaOnEveryPost'>Compartilhe<div id=\"sgmbShare1-1\" class=\"sgmbShare jssocials-theme-classic sgmbWidget1-1\"><\/div><div class=\"dropdownWrapper dropdownWrapper1 dropdownWrapper-for-widget \" id=\"dropdownWrapper-for-widget\">\r\n\t\t\t\t\t\t<div class=\"dropdownLabel\" id=\"dropdownLabel-share-list\"><span class=\"sgmbButtonListLabel1\">Share List<\/span><\/div>\r\n\t\t\t\t\t\t<div class=\"dropdownPanel dropdownPanel1-1\">\r\n\t\t\t\t\t\t<\/div>\r\n\t\t\t\t\t<\/div><script>  SGMB_URL = \"http:\/\/www.apucarana.pr.gov.br\/ame\/wp-content\/plugins\/social-media-builder\/\"; jQuery(\".dropdownWrapper\").hide(); SGMB_GOOGLE_ACOUNT = \"\"; <\/script><script type=\"text\/javascript\">\r\n\t\tjQuery(document).ready(function($){var widget = new SGMBWidget();widget.show({\"id\":\"1\",\"title\":\"Face\\\/Twitter\",\"options\":{\"currentUrl\":\"1\",\"url\":\"\",\"shareText\":\"\",\"fontSize\":\"14\",\"betweenButtons\":\"1px\",\"theme\":\"classic\",\"sgmbButtonsPosition\":\"bottomLeft\",\"socialTheme\":\"\",\"icon\":\"default\",\"buttonsPanelEffect\":\"No Effect\",\"buttonsEffect\":\"No Effect\",\"iconsEffect\":\"No Effect\",\"buttons\":\"{\\\"facebook\\\":{\\\"label\\\":\\\"Share\\\",\\\"icon\\\":\\\"default-facebook\\\"},\\\"twitter\\\":{\\\"label\\\":\\\"Tweet\\\",\\\"icon\\\":\\\"default-twitter\\\",\\\"via\\\":\\\"\\\",\\\"hashtags\\\":\\\"\\\"}}\",\"roundButton\":\"\",\"showLabels\":\"\",\"showCounts\":\"\",\"showCenter\":\"\",\"showButtonsAsList\":\"\",\"sgmbDropdownColor\":\"\",\"sgmbDropdownLabelFontSize\":\"14\",\"sgmbDropdownLabelColor\":\"\",\"showButtonsOnEveryPost\":\"on\",\"selectedOrExcluded\":\"\",\"showButtonsOnEveryPage\":\"\",\"textOnEveryPost\":\"Compartilhe\",\"showButtonsOnCustomPost\":\"\",\"textOnCustomPost\":\"\",\"showButtonsOnMobileDirect\":\"on\",\"showButtonsOnDesktopDirect\":\"on\",\"sgmbSelectedPages\":[\"\"],\"sgmbExcludedPosts\":[\"\"],\"sgmbSelectedCustomPosts\":[],\"showButtonsInPopup\":\"\",\"titleOfPopup\":\"\",\"descriptionOfPopup\":\"\",\"showPopupOnLoad\":\"\",\"showPopupOnScroll\":\"\",\"showPopupOnExit\":\"\",\"openSecondsOfPopup\":\"\",\"googleAnaliticsAccount\":\"\"},\"buttonOptions\":{\"facebook\":{\"label\":\"Share\",\"icon\":\"default-facebook\"},\"twitter\":{\"label\":\"Tweet\",\"icon\":\"default-twitter\",\"via\":\"\",\"hashtags\":\"\"}},\"button\":[\"facebook\",\"twitter\"]}, 1, '', 'http:\/\/www.apucarana.pr.gov.br\/ame\/wp-content\/uploads\/2023\/05\/2o-Vestibular-UVPR-Arte-1.jpg', '', 'http:\/\/www.apucarana.pr.gov.br\/ame\/polo-da-uab-forma-nova-turma-para-a-licenciatura-em-letras-portugues-2\/'); });<\/script><\/div><script> jQuery(\".socialMediaOnEveryPost\").addClass(\"sgmb-left\") <\/script>","protected":false},"excerpt":{"rendered":"<p>Os interessados em cursar a gradua\u00e7\u00e3o devem realizar a inscri\u00e7\u00e3o no vestibular, at\u00e9 15 de junho, no endere\u00e7o cps.uepg.br\/ead<\/p>\n","protected":false},"author":10,"featured_media":12177,"comment_status":"closed","ping_status":"open","sticky":false,"template":"","format":"standard","meta":[],"categories":[9],"tags":[48,177,47,194,247,232,185,248,28,186,50],"_links":{"self":[{"href":"http:\/\/www.apucarana.pr.gov.br\/ame\/wp-json\/wp\/v2\/posts\/12241"}],"collection":[{"href":"http:\/\/www.apucarana.pr.gov.br\/ame\/wp-json\/wp\/v2\/posts"}],"about":[{"href":"http:\/\/www.apucarana.pr.gov.br\/ame\/wp-json\/wp\/v2\/types\/post"}],"author":[{"embeddable":true,"href":"http:\/\/www.apucarana.pr.gov.br\/ame\/wp-json\/wp\/v2\/users\/10"}],"replies":[{"embeddable":true,"href":"http:\/\/www.apucarana.pr.gov.br\/ame\/wp-json\/wp\/v2\/comments?post=12241"}],"version-history":[{"count":2,"href":"http:\/\/www.apucarana.pr.gov.br\/ame\/wp-json\/wp\/v2\/posts\/12241\/revisions"}],"predecessor-version":[{"id":12243,"href":"http:\/\/www.apucarana.pr.gov.br\/ame\/wp-json\/wp\/v2\/posts\/12241\/revisions\/12243"}],"wp:featuredmedia":[{"embeddable":true,"href":"http:\/\/www.apucarana.pr.gov.br\/ame\/wp-json\/wp\/v2\/media\/12177"}],"wp:attachment":[{"href":"http:\/\/www.apucarana.pr.gov.br\/ame\/wp-json\/wp\/v2\/media?parent=12241"}],"wp:term":[{"taxonomy":"category","embeddable":true,"href":"http:\/\/www.apucarana.pr.gov.br\/ame\/wp-json\/wp\/v2\/categories?post=12241"},{"taxonomy":"post_tag","embeddable":true,"href":"http:\/\/www.apucarana.pr.gov.br\/ame\/wp-json\/wp\/v2\/tags?post=12241"}],"curies":[{"name":"wp","href":"https:\/\/api.w.org\/{rel}","templated":true}]}}