{"id":12230,"date":"2023-06-05T17:04:32","date_gmt":"2023-06-05T20:04:32","guid":{"rendered":"http:\/\/www.apucarana.pr.gov.br\/ame\/?p=12230"},"modified":"2024-10-08T09:07:12","modified_gmt":"2024-10-08T12:07:12","slug":"dia-mundial-do-meio-ambiente-e-marcado-por-atividades-de-conscientizacao-nos-cmeis-e-escolas","status":"publish","type":"post","link":"http:\/\/www.apucarana.pr.gov.br\/ame\/dia-mundial-do-meio-ambiente-e-marcado-por-atividades-de-conscientizacao-nos-cmeis-e-escolas\/","title":{"rendered":"Dia Mundial do Meio Ambiente \u00e9 marcado por atividades de conscientiza\u00e7\u00e3o nos CMEIs e Escolas"},"content":{"rendered":"<p>O Dia Mundial do Meio Ambiente \u00e9 celebrado em 5 de junho. Institu\u00edda pela Organiza\u00e7\u00e3o das Na\u00e7\u00f5es Unidas (ONU) em 1972, a data visa conscientizar a popula\u00e7\u00e3o sobre a import\u00e2ncia da preserva\u00e7\u00e3o dos recursos naturais. Em Apucarana, os 24 centros infantis (CMEIs) e 36 escolas da rede municipal de educa\u00e7\u00e3o promoveram atividades alusivas ao tema nesta segunda-feira (5\/6). O prefeito Junior da Femac e a secret\u00e1ria Marli Fernandes acompanharam o plantio de girass\u00f3is na Escola Augusto Weyand e a distribui\u00e7\u00e3o de mudas de \u00e1rvores frut\u00edferas na Escola Professora Marta Pereira da Silva.<\/p>\n<p>\u201cN\u00f3s vivemos em um munic\u00edpio privilegiado por Deus com uma natureza muito rica. Para que voc\u00eas tenham ideia, Apucarana \u00e9 cortada por tr\u00eas bacias hidrogr\u00e1ficas \u2013 Pirap\u00f3, Iva\u00ed e Tibagi \u2013 e possui dois tipos de vegeta\u00e7\u00e3o nativa \u2013 a Mata Atl\u00e2ntica e a Mata das Arauc\u00e1rias. A altitude em que a cidade se encontra, h\u00e1 quase mil metros acima do n\u00edvel do mar, tamb\u00e9m confere ao nosso meio ambiente caracter\u00edsticas \u00fanicas,\u201d explicou o prefeito Junior da Femac aos estudantes.<\/p>\n<p>A secret\u00e1ria Marli Fernandes acrescentou que a Educa\u00e7\u00e3o Ambiental faz parte do curr\u00edculo da rede municipal de educa\u00e7\u00e3o. \u201cN\u00f3s desenvolvemos o projeto Sementes do Futuro com os mais de doze mil estudantes da nossa rede, matriculados tanto nos CMEIs como nas Escolas. Em cada s\u00e9rie, eles aprendem conte\u00fados diferentes, como a separar corretamente o lixo, a fazer compostagem, a plantar e cultivar hortas e jardins e a utilizar racionalmente os recursos h\u00eddricos. O objetivo \u00e9 que, ao chegarem ao 5\u00ba Ano do Ensino Fundamental, as crian\u00e7as tenham participado de todas as atividades e aprendido que a preserva\u00e7\u00e3o do meio ambiente depende das a\u00e7\u00f5es cotidianas de cada um de n\u00f3s,\u201d afirmou.<\/p>\n<p>Na manh\u00e3 de hoje, os estudantes do 5\u00ba Ano plantaram girass\u00f3is no terreno da Escola Municipal Augusto Weyand. O canteiro foi adubado com o h\u00famus da compostagem feita pela pr\u00f3pria turma.<\/p>\n<p>\u201cPrimeiramente, a gente buscou terra com minhocas l\u00e1 no Col\u00e9gio Agr\u00edcola. Depois, fomos separando o lixo e colocando restos de alimentos na composteira. Eu gostei bastante do projeto e vou levar essa experi\u00eancia para a minha vida,\u201d detalhou a estudante Maria Rita Bertasso da Fonseca.<\/p>\n<p>A Escola Municipal Professora Marta Pereira da Silva, por seu turno, distribuiu mudas de \u00e1rvores frut\u00edferas aos estudantes das turmas de 3\u00ba, 4\u00ba e 5\u00ba Ano. \u201cA professora combinou com as crian\u00e7as que elas devem levar as mudas para casa, plant\u00e1-las com o aux\u00edlio da fam\u00edlia e registrar a atividade por meio de fotos. Eu aproveito para agradecer \u00e0 Secretaria de Meio Ambiente que disponibilizou as plantas para a escola, por meio do Horto Municipal,\u201d acrescentou a secret\u00e1ria Marli Fernandes.<\/p>\n<p>O prefeito Junior da Femac ainda destacou que o munic\u00edpio mant\u00e9m diversos programas de cuidado com o meio ambiente. \u201cO programa Apucarana Mais Verde, da Secretaria Municipal de Meio Ambiente, por exemplo, congrega a\u00e7\u00f5es como a coleta de pneus inserv\u00edveis, o recebimento de res\u00edduos t\u00eaxteis, o plantio de \u00e1rvores e a soltura de alevinos nos lagos e rios. J\u00e1 a Secret\u00e1ria Municipal de Agricultura tem o programa Feira Verde, que possibilita que a popula\u00e7\u00e3o troque materiais recicl\u00e1veis, como papel, papel\u00e3o e pl\u00e1stico, por produtos hortifrutigranjeiros. E a Autarquia Municipal de Educa\u00e7\u00e3o desenvolve esse belo trabalho de conscientiza\u00e7\u00e3o ambiental com as nossas crian\u00e7as,\u201d concluiu.<\/p>\n<div class = 'socialMediaOnEveryPost'>Compartilhe<div id=\"sgmbShare1-1\" class=\"sgmbShare jssocials-theme-classic sgmbWidget1-1\"><\/div><div class=\"dropdownWrapper dropdownWrapper1 dropdownWrapper-for-widget \" id=\"dropdownWrapper-for-widget\">\r\n\t\t\t\t\t\t<div class=\"dropdownLabel\" id=\"dropdownLabel-share-list\"><span class=\"sgmbButtonListLabel1\">Share List<\/span><\/div>\r\n\t\t\t\t\t\t<div class=\"dropdownPanel dropdownPanel1-1\">\r\n\t\t\t\t\t\t<\/div>\r\n\t\t\t\t\t<\/div><script>  SGMB_URL = \"http:\/\/www.apucarana.pr.gov.br\/ame\/wp-content\/plugins\/social-media-builder\/\"; jQuery(\".dropdownWrapper\").hide(); SGMB_GOOGLE_ACOUNT = \"\"; <\/script><script type=\"text\/javascript\">\r\n\t\tjQuery(document).ready(function($){var widget = new SGMBWidget();widget.show({\"id\":\"1\",\"title\":\"Face\\\/Twitter\",\"options\":{\"currentUrl\":\"1\",\"url\":\"\",\"shareText\":\"\",\"fontSize\":\"14\",\"betweenButtons\":\"1px\",\"theme\":\"classic\",\"sgmbButtonsPosition\":\"bottomLeft\",\"socialTheme\":\"\",\"icon\":\"default\",\"buttonsPanelEffect\":\"No Effect\",\"buttonsEffect\":\"No Effect\",\"iconsEffect\":\"No Effect\",\"buttons\":\"{\\\"facebook\\\":{\\\"label\\\":\\\"Share\\\",\\\"icon\\\":\\\"default-facebook\\\"},\\\"twitter\\\":{\\\"label\\\":\\\"Tweet\\\",\\\"icon\\\":\\\"default-twitter\\\",\\\"via\\\":\\\"\\\",\\\"hashtags\\\":\\\"\\\"}}\",\"roundButton\":\"\",\"showLabels\":\"\",\"showCounts\":\"\",\"showCenter\":\"\",\"showButtonsAsList\":\"\",\"sgmbDropdownColor\":\"\",\"sgmbDropdownLabelFontSize\":\"14\",\"sgmbDropdownLabelColor\":\"\",\"showButtonsOnEveryPost\":\"on\",\"selectedOrExcluded\":\"\",\"showButtonsOnEveryPage\":\"\",\"textOnEveryPost\":\"Compartilhe\",\"showButtonsOnCustomPost\":\"\",\"textOnCustomPost\":\"\",\"showButtonsOnMobileDirect\":\"on\",\"showButtonsOnDesktopDirect\":\"on\",\"sgmbSelectedPages\":[\"\"],\"sgmbExcludedPosts\":[\"\"],\"sgmbSelectedCustomPosts\":[],\"showButtonsInPopup\":\"\",\"titleOfPopup\":\"\",\"descriptionOfPopup\":\"\",\"showPopupOnLoad\":\"\",\"showPopupOnScroll\":\"\",\"showPopupOnExit\":\"\",\"openSecondsOfPopup\":\"\",\"googleAnaliticsAccount\":\"\"},\"buttonOptions\":{\"facebook\":{\"label\":\"Share\",\"icon\":\"default-facebook\"},\"twitter\":{\"label\":\"Tweet\",\"icon\":\"default-twitter\",\"via\":\"\",\"hashtags\":\"\"}},\"button\":[\"facebook\",\"twitter\"]}, 1, '', 'http:\/\/www.apucarana.pr.gov.br\/ame\/wp-content\/uploads\/2023\/06\/IMG_5885-scaled.jpg', '', 'http:\/\/www.apucarana.pr.gov.br\/ame\/dia-mundial-do-meio-ambiente-e-marcado-por-atividades-de-conscientizacao-nos-cmeis-e-escolas\/'); });<\/script><\/div><script> jQuery(\".socialMediaOnEveryPost\").addClass(\"sgmb-left\") <\/script>","protected":false},"excerpt":{"rendered":"<p>O prefeito Junior da Femac e a secret\u00e1ria Marli Fernandes acompanharam o plantio de girass\u00f3is na Escola Augusto Weyand e a distribui\u00e7\u00e3o de mudas de \u00e1rvores frut\u00edferas na Escola Professora Marta Pereira da Silva<\/p>\n","protected":false},"author":10,"featured_media":12238,"comment_status":"closed","ping_status":"open","sticky":false,"template":"","format":"standard","meta":[],"categories":[9],"tags":[254,252,253,255,194,28,170],"_links":{"self":[{"href":"http:\/\/www.apucarana.pr.gov.br\/ame\/wp-json\/wp\/v2\/posts\/12230"}],"collection":[{"href":"http:\/\/www.apucarana.pr.gov.br\/ame\/wp-json\/wp\/v2\/posts"}],"about":[{"href":"http:\/\/www.apucarana.pr.gov.br\/ame\/wp-json\/wp\/v2\/types\/post"}],"author":[{"embeddable":true,"href":"http:\/\/www.apucarana.pr.gov.br\/ame\/wp-json\/wp\/v2\/users\/10"}],"replies":[{"embeddable":true,"href":"http:\/\/www.apucarana.pr.gov.br\/ame\/wp-json\/wp\/v2\/comments?post=12230"}],"version-history":[{"count":1,"href":"http:\/\/www.apucarana.pr.gov.br\/ame\/wp-json\/wp\/v2\/posts\/12230\/revisions"}],"predecessor-version":[{"id":12240,"href":"http:\/\/www.apucarana.pr.gov.br\/ame\/wp-json\/wp\/v2\/posts\/12230\/revisions\/12240"}],"wp:featuredmedia":[{"embeddable":true,"href":"http:\/\/www.apucarana.pr.gov.br\/ame\/wp-json\/wp\/v2\/media\/12238"}],"wp:attachment":[{"href":"http:\/\/www.apucarana.pr.gov.br\/ame\/wp-json\/wp\/v2\/media?parent=12230"}],"wp:term":[{"taxonomy":"category","embeddable":true,"href":"http:\/\/www.apucarana.pr.gov.br\/ame\/wp-json\/wp\/v2\/categories?post=12230"},{"taxonomy":"post_tag","embeddable":true,"href":"http:\/\/www.apucarana.pr.gov.br\/ame\/wp-json\/wp\/v2\/tags?post=12230"}],"curies":[{"name":"wp","href":"https:\/\/api.w.org\/{rel}","templated":true}]}}