{"id":12149,"date":"2023-05-19T17:33:30","date_gmt":"2023-05-19T20:33:30","guid":{"rendered":"http:\/\/www.apucarana.pr.gov.br\/ame\/?p=12149"},"modified":"2024-10-08T09:07:12","modified_gmt":"2024-10-08T12:07:12","slug":"autarquia-de-educacao-abre-processo-licitatorio-para-a-aquisicao-de-merenda-escolar","status":"publish","type":"post","link":"http:\/\/www.apucarana.pr.gov.br\/ame\/autarquia-de-educacao-abre-processo-licitatorio-para-a-aquisicao-de-merenda-escolar\/","title":{"rendered":"Autarquia de Educa\u00e7\u00e3o abre processo licitat\u00f3rio para a aquisi\u00e7\u00e3o de merenda escolar"},"content":{"rendered":"<p>Em reuni\u00e3o realizada na manh\u00e3 de hoje (19\/5) no gabinete, o prefeito Junior da Femac e a secret\u00e1ria de educa\u00e7\u00e3o Marli Fernandes anunciaram a abertura de processo licitat\u00f3rio visando \u00e0 aquisi\u00e7\u00e3o de alimentos para a merenda escolar. A previs\u00e3o \u00e9 que sejam investidos at\u00e9 R$ 7.252.404,60 na compra de mais de cem itens, entre carnes, latic\u00ednios, bolachas, gr\u00e3os, condimentos e hortifr\u00fatis. O certame \u00e9 exclusivo para microempresas.<\/p>\n<p>O prefeito Junior da Femac destacou que a merenda apucaranense \u00e9 uma das melhores do pa\u00eds. \u201cA qualidade da alimenta\u00e7\u00e3o ofertada nas nossas unidades de ensino, inclusive, j\u00e1 foi reconhecida pelo Pr\u00eamio Gestor P\u00fablico Paran\u00e1 e pelo Selo dos Objetivos do Desenvolvimento Sustent\u00e1vel (Selo SESI ODS). Um dos diferenciais do munic\u00edpio \u00e9 que empregamos boa parte dos recursos destinados \u00e0 merenda na compra de produtos provenientes da agricultura familiar. Com isso, n\u00f3s garantimos refei\u00e7\u00f5es mais saud\u00e1veis e repleta de frutas, verduras e legumes aos nossos alunos,\u201d afirmou.<\/p>\n<p>A rede municipal de educa\u00e7\u00e3o de Apucarana \u00e9 composta por 24 centros infantis (CMEIs) e 36 escolas municipais, que juntos atendem a mais de doze mil crian\u00e7as. \u201cDiariamente, n\u00f3s servimos 40 mil refei\u00e7\u00f5es nas nossas sessenta unidades. Tudo \u00e9 feito com muito planejamento e seriedade. O Departamento de Alimenta\u00e7\u00e3o Escolar disp\u00f5e de seis nutricionistas, respons\u00e1veis por fiscalizar a qualidade dos produtos recebidos dos fornecedores, elaborar os card\u00e1pios, promover a forma\u00e7\u00e3o continuada das merendeiras e auxiliares de cozinha e fazer o acompanhamento nutricional dos estudantes,\u201d detalhou a secret\u00e1ria de educa\u00e7\u00e3o, Marli Fernandes.<\/p>\n<p>O processo licitat\u00f3rio ainda prev\u00ea a compra de alimentos livres de a\u00e7\u00facar, albumina, gl\u00faten e lactose. \u201cN\u00f3s atendemos 263 estudantes diagnosticados com restri\u00e7\u00f5es alimentares na nossa rede. Por isso, o edital contempla a aquisi\u00e7\u00e3o de ado\u00e7antes, farinha de aveia, leite de aveia, bebida l\u00e1ctea de soja, achocolatado em p\u00f3 diet\u00e9tico, requeij\u00e3o de leite vegetal, entre outros produtos espec\u00edficos para a condi\u00e7\u00e3o de cada um,\u201d acrescentou a secret\u00e1ria de educa\u00e7\u00e3o.<\/p>\n<p>\u201cCrian\u00e7a bem nutrida tem mais disposi\u00e7\u00e3o para estudar, brincar e praticar esportes. Por isso, na minha gest\u00e3o, a merenda escolar \u00e9 tratada como prioridade,\u201d concluiu o prefeito.<\/p>\n<p>Participaram tamb\u00e9m da reuni\u00e3o no gabinete, o secret\u00e1rio municipal de Gest\u00e3o P\u00fablica, Nikolai Cernescu J\u00fanior, e o superintendente de Licita\u00e7\u00e3o, Alexandre Possebom.<\/p>\n<div class = 'socialMediaOnEveryPost'>Compartilhe<div id=\"sgmbShare1-1\" class=\"sgmbShare jssocials-theme-classic sgmbWidget1-1\"><\/div><div class=\"dropdownWrapper dropdownWrapper1 dropdownWrapper-for-widget \" id=\"dropdownWrapper-for-widget\">\r\n\t\t\t\t\t\t<div class=\"dropdownLabel\" id=\"dropdownLabel-share-list\"><span class=\"sgmbButtonListLabel1\">Share List<\/span><\/div>\r\n\t\t\t\t\t\t<div class=\"dropdownPanel dropdownPanel1-1\">\r\n\t\t\t\t\t\t<\/div>\r\n\t\t\t\t\t<\/div><script>  SGMB_URL = \"http:\/\/www.apucarana.pr.gov.br\/ame\/wp-content\/plugins\/social-media-builder\/\"; jQuery(\".dropdownWrapper\").hide(); SGMB_GOOGLE_ACOUNT = \"\"; <\/script><script type=\"text\/javascript\">\r\n\t\tjQuery(document).ready(function($){var widget = new SGMBWidget();widget.show({\"id\":\"1\",\"title\":\"Face\\\/Twitter\",\"options\":{\"currentUrl\":\"1\",\"url\":\"\",\"shareText\":\"\",\"fontSize\":\"14\",\"betweenButtons\":\"1px\",\"theme\":\"classic\",\"sgmbButtonsPosition\":\"bottomLeft\",\"socialTheme\":\"\",\"icon\":\"default\",\"buttonsPanelEffect\":\"No Effect\",\"buttonsEffect\":\"No Effect\",\"iconsEffect\":\"No Effect\",\"buttons\":\"{\\\"facebook\\\":{\\\"label\\\":\\\"Share\\\",\\\"icon\\\":\\\"default-facebook\\\"},\\\"twitter\\\":{\\\"label\\\":\\\"Tweet\\\",\\\"icon\\\":\\\"default-twitter\\\",\\\"via\\\":\\\"\\\",\\\"hashtags\\\":\\\"\\\"}}\",\"roundButton\":\"\",\"showLabels\":\"\",\"showCounts\":\"\",\"showCenter\":\"\",\"showButtonsAsList\":\"\",\"sgmbDropdownColor\":\"\",\"sgmbDropdownLabelFontSize\":\"14\",\"sgmbDropdownLabelColor\":\"\",\"showButtonsOnEveryPost\":\"on\",\"selectedOrExcluded\":\"\",\"showButtonsOnEveryPage\":\"\",\"textOnEveryPost\":\"Compartilhe\",\"showButtonsOnCustomPost\":\"\",\"textOnCustomPost\":\"\",\"showButtonsOnMobileDirect\":\"on\",\"showButtonsOnDesktopDirect\":\"on\",\"sgmbSelectedPages\":[\"\"],\"sgmbExcludedPosts\":[\"\"],\"sgmbSelectedCustomPosts\":[],\"showButtonsInPopup\":\"\",\"titleOfPopup\":\"\",\"descriptionOfPopup\":\"\",\"showPopupOnLoad\":\"\",\"showPopupOnScroll\":\"\",\"showPopupOnExit\":\"\",\"openSecondsOfPopup\":\"\",\"googleAnaliticsAccount\":\"\"},\"buttonOptions\":{\"facebook\":{\"label\":\"Share\",\"icon\":\"default-facebook\"},\"twitter\":{\"label\":\"Tweet\",\"icon\":\"default-twitter\",\"via\":\"\",\"hashtags\":\"\"}},\"button\":[\"facebook\",\"twitter\"]}, 1, '', 'http:\/\/www.apucarana.pr.gov.br\/ame\/wp-content\/uploads\/2023\/05\/IMG_4120-scaled.jpg', '', 'http:\/\/www.apucarana.pr.gov.br\/ame\/autarquia-de-educacao-abre-processo-licitatorio-para-a-aquisicao-de-merenda-escolar\/'); });<\/script><\/div><script> jQuery(\".socialMediaOnEveryPost\").addClass(\"sgmb-left\") <\/script>","protected":false},"excerpt":{"rendered":"<p>A previs\u00e3o \u00e9 que sejam investidos at\u00e9 R$ 7.252.404,60 na compra de mais de cem itens, entre carnes, latic\u00ednios, bolachas, gr\u00e3os, condimentos e hortifr\u00fatis<\/p>\n","protected":false},"author":10,"featured_media":12151,"comment_status":"closed","ping_status":"open","sticky":false,"template":"","format":"standard","meta":[],"categories":[9],"tags":[196,26,194,126,56,57,28],"_links":{"self":[{"href":"http:\/\/www.apucarana.pr.gov.br\/ame\/wp-json\/wp\/v2\/posts\/12149"}],"collection":[{"href":"http:\/\/www.apucarana.pr.gov.br\/ame\/wp-json\/wp\/v2\/posts"}],"about":[{"href":"http:\/\/www.apucarana.pr.gov.br\/ame\/wp-json\/wp\/v2\/types\/post"}],"author":[{"embeddable":true,"href":"http:\/\/www.apucarana.pr.gov.br\/ame\/wp-json\/wp\/v2\/users\/10"}],"replies":[{"embeddable":true,"href":"http:\/\/www.apucarana.pr.gov.br\/ame\/wp-json\/wp\/v2\/comments?post=12149"}],"version-history":[{"count":1,"href":"http:\/\/www.apucarana.pr.gov.br\/ame\/wp-json\/wp\/v2\/posts\/12149\/revisions"}],"predecessor-version":[{"id":12155,"href":"http:\/\/www.apucarana.pr.gov.br\/ame\/wp-json\/wp\/v2\/posts\/12149\/revisions\/12155"}],"wp:featuredmedia":[{"embeddable":true,"href":"http:\/\/www.apucarana.pr.gov.br\/ame\/wp-json\/wp\/v2\/media\/12151"}],"wp:attachment":[{"href":"http:\/\/www.apucarana.pr.gov.br\/ame\/wp-json\/wp\/v2\/media?parent=12149"}],"wp:term":[{"taxonomy":"category","embeddable":true,"href":"http:\/\/www.apucarana.pr.gov.br\/ame\/wp-json\/wp\/v2\/categories?post=12149"},{"taxonomy":"post_tag","embeddable":true,"href":"http:\/\/www.apucarana.pr.gov.br\/ame\/wp-json\/wp\/v2\/tags?post=12149"}],"curies":[{"name":"wp","href":"https:\/\/api.w.org\/{rel}","templated":true}]}}