{"id":12051,"date":"2023-04-28T11:12:57","date_gmt":"2023-04-28T14:12:57","guid":{"rendered":"http:\/\/www.apucarana.pr.gov.br\/ame\/?p=12051"},"modified":"2024-10-08T09:07:14","modified_gmt":"2024-10-08T12:07:14","slug":"ex-aluno-da-rede-municipal-de-educacao-e-convocado-para-defender-a-selecao-brasileira","status":"publish","type":"post","link":"http:\/\/www.apucarana.pr.gov.br\/ame\/ex-aluno-da-rede-municipal-de-educacao-e-convocado-para-defender-a-selecao-brasileira\/","title":{"rendered":"Ex-aluno da rede municipal de educa\u00e7\u00e3o \u00e9 convocado para defender a sele\u00e7\u00e3o brasileira"},"content":{"rendered":"<p>O prefeito Junior da Femac e a secret\u00e1ria de educa\u00e7\u00e3o Marli Fernandes receberam com alegria a not\u00edcia de que o apucaranense Nicolas Gabriel Pereira, de 11 anos, foi selecionado para defender a sele\u00e7\u00e3o brasileira no Campeonato Mundial de Kung Fu, que ser\u00e1 realizado no m\u00eas de agosto, na China. O adolescente estudou na Escola Municipal Professor Durval Pinto at\u00e9 o ano passado. Atualmente, ele est\u00e1 matriculado no Col\u00e9gio Estadual Professor Izidoro Luiz Cer\u00e1volo.<\/p>\n<p>\u201cAs aulas de artes marciais fazem parte do curr\u00edculo da educa\u00e7\u00e3o integral das escolas municipais de Apucarana. Por meio delas, os estudantes das turmas de 1\u00ba ao 5\u00ba Ano aprendem no\u00e7\u00f5es de Kung Fu, Karat\u00ea e Tai Chi Chuan. Aqueles que se destacam nas aulas ainda s\u00e3o convidados para aperfei\u00e7oar a t\u00e9cnica em oficinas desenvolvidas pela Secretaria Municipal de Esportes. Eu fico muito feliz de ver que o nosso trabalho tem contribu\u00eddo para a revela\u00e7\u00e3o de novos talentos,\u201d afirma o prefeito Junior da Femac.<\/p>\n<p>A secret\u00e1ria de educa\u00e7\u00e3o Marli Fernandes destaca os benef\u00edcios que as artes marciais proporcionam aos estudantes. \u201cMesmo que n\u00e3o sigam carreira no esporte, as aulas de artes marciais s\u00e3o importantes para que os estudantes desenvolvam habilidades como concentra\u00e7\u00e3o, autocontrole, autoestima, paci\u00eancia, disciplina, coordena\u00e7\u00e3o motora e o respeito ao pr\u00f3ximo,\u201d diz.<\/p>\n<p>O adolescente Nicolas Gabriel Pereira conheceu o Kung Fu nas aulas ministradas na Escola Municipal Professor Durval Pinto. Ao perceber o talento do estudante, o professor convidou-o a continuar a aprendizagem na Escola Chen Tai Chi Apucarana. Os treinos s\u00e3o realizados no Gin\u00e1sio Esta\u00e7\u00e3o Cidadania, da Secretaria Municipal de Esportes.<\/p>\n<p>\u201cA Escola Chen Tai Chi Apucarana, com o apoio da Secretaria Municipal de Esportes e do Conselho Municipal de Esportes e a supervis\u00e3o da Federa\u00e7\u00e3o Paranaense de Kung Fu Wushu, realiza anualmente o Festival do Drag\u00e3o de Kung Fu. O evento, com inscri\u00e7\u00f5es gratuitas, visa dar oportunidade aos novos atletas. Em 2022, quatrocentos alunos das escolas municipais participaram da quarta edi\u00e7\u00e3o. O estudante Nicolas foi o campe\u00e3o na categoria dele,\u201d detalhou o secret\u00e1rio de esportes, Jos\u00e9 Marcelino da Silva (Grilo).<\/p>\n<p>Al\u00e9m do 4\u00ba Festival do Drag\u00e3o de Kung Fu, Nicolas Gabriel Pereira consagrou-se vencedor nos campeonatos paranaense e brasileiro de Kung Fu no ano passado e no campeonato regional em 2023.<\/p>\n<p>\u201cN\u00f3s sentimos muito orgulho do nosso atleta e estamos na torcida para que ele tenha um \u00f3timo desempenho no Campeonato Mundial de Kung Fu, na China. Boa sorte, Nicolas!\u201d, desejou o prefeito Junior da Femac.<\/p>\n<div class = 'socialMediaOnEveryPost'>Compartilhe<div id=\"sgmbShare1-1\" class=\"sgmbShare jssocials-theme-classic sgmbWidget1-1\"><\/div><div class=\"dropdownWrapper dropdownWrapper1 dropdownWrapper-for-widget \" id=\"dropdownWrapper-for-widget\">\r\n\t\t\t\t\t\t<div class=\"dropdownLabel\" id=\"dropdownLabel-share-list\"><span class=\"sgmbButtonListLabel1\">Share List<\/span><\/div>\r\n\t\t\t\t\t\t<div class=\"dropdownPanel dropdownPanel1-1\">\r\n\t\t\t\t\t\t<\/div>\r\n\t\t\t\t\t<\/div><script>  SGMB_URL = \"http:\/\/www.apucarana.pr.gov.br\/ame\/wp-content\/plugins\/social-media-builder\/\"; jQuery(\".dropdownWrapper\").hide(); SGMB_GOOGLE_ACOUNT = \"\"; <\/script><script type=\"text\/javascript\">\r\n\t\tjQuery(document).ready(function($){var widget = new SGMBWidget();widget.show({\"id\":\"1\",\"title\":\"Face\\\/Twitter\",\"options\":{\"currentUrl\":\"1\",\"url\":\"\",\"shareText\":\"\",\"fontSize\":\"14\",\"betweenButtons\":\"1px\",\"theme\":\"classic\",\"sgmbButtonsPosition\":\"bottomLeft\",\"socialTheme\":\"\",\"icon\":\"default\",\"buttonsPanelEffect\":\"No Effect\",\"buttonsEffect\":\"No Effect\",\"iconsEffect\":\"No Effect\",\"buttons\":\"{\\\"facebook\\\":{\\\"label\\\":\\\"Share\\\",\\\"icon\\\":\\\"default-facebook\\\"},\\\"twitter\\\":{\\\"label\\\":\\\"Tweet\\\",\\\"icon\\\":\\\"default-twitter\\\",\\\"via\\\":\\\"\\\",\\\"hashtags\\\":\\\"\\\"}}\",\"roundButton\":\"\",\"showLabels\":\"\",\"showCounts\":\"\",\"showCenter\":\"\",\"showButtonsAsList\":\"\",\"sgmbDropdownColor\":\"\",\"sgmbDropdownLabelFontSize\":\"14\",\"sgmbDropdownLabelColor\":\"\",\"showButtonsOnEveryPost\":\"on\",\"selectedOrExcluded\":\"\",\"showButtonsOnEveryPage\":\"\",\"textOnEveryPost\":\"Compartilhe\",\"showButtonsOnCustomPost\":\"\",\"textOnCustomPost\":\"\",\"showButtonsOnMobileDirect\":\"on\",\"showButtonsOnDesktopDirect\":\"on\",\"sgmbSelectedPages\":[\"\"],\"sgmbExcludedPosts\":[\"\"],\"sgmbSelectedCustomPosts\":[],\"showButtonsInPopup\":\"\",\"titleOfPopup\":\"\",\"descriptionOfPopup\":\"\",\"showPopupOnLoad\":\"\",\"showPopupOnScroll\":\"\",\"showPopupOnExit\":\"\",\"openSecondsOfPopup\":\"\",\"googleAnaliticsAccount\":\"\"},\"buttonOptions\":{\"facebook\":{\"label\":\"Share\",\"icon\":\"default-facebook\"},\"twitter\":{\"label\":\"Tweet\",\"icon\":\"default-twitter\",\"via\":\"\",\"hashtags\":\"\"}},\"button\":[\"facebook\",\"twitter\"]}, 1, '', 'http:\/\/www.apucarana.pr.gov.br\/ame\/wp-content\/uploads\/2023\/04\/Atleta-Kung-Fu-3.jpg', '', 'http:\/\/www.apucarana.pr.gov.br\/ame\/ex-aluno-da-rede-municipal-de-educacao-e-convocado-para-defender-a-selecao-brasileira\/'); });<\/script><\/div><script> jQuery(\".socialMediaOnEveryPost\").addClass(\"sgmb-left\") <\/script>","protected":false},"excerpt":{"rendered":"<p>Nicolas Gabriel Pereira, ex-aluno da Escola Municipal Professor Durval Pinto, deve participar do Campeonato Mundial de Kung Fu, em agosto, na China<\/p>\n","protected":false},"author":10,"featured_media":12053,"comment_status":"closed","ping_status":"open","sticky":false,"template":"","format":"standard","meta":[],"categories":[9],"tags":[215,217,26,44,194,73,28,216],"_links":{"self":[{"href":"http:\/\/www.apucarana.pr.gov.br\/ame\/wp-json\/wp\/v2\/posts\/12051"}],"collection":[{"href":"http:\/\/www.apucarana.pr.gov.br\/ame\/wp-json\/wp\/v2\/posts"}],"about":[{"href":"http:\/\/www.apucarana.pr.gov.br\/ame\/wp-json\/wp\/v2\/types\/post"}],"author":[{"embeddable":true,"href":"http:\/\/www.apucarana.pr.gov.br\/ame\/wp-json\/wp\/v2\/users\/10"}],"replies":[{"embeddable":true,"href":"http:\/\/www.apucarana.pr.gov.br\/ame\/wp-json\/wp\/v2\/comments?post=12051"}],"version-history":[{"count":1,"href":"http:\/\/www.apucarana.pr.gov.br\/ame\/wp-json\/wp\/v2\/posts\/12051\/revisions"}],"predecessor-version":[{"id":12056,"href":"http:\/\/www.apucarana.pr.gov.br\/ame\/wp-json\/wp\/v2\/posts\/12051\/revisions\/12056"}],"wp:featuredmedia":[{"embeddable":true,"href":"http:\/\/www.apucarana.pr.gov.br\/ame\/wp-json\/wp\/v2\/media\/12053"}],"wp:attachment":[{"href":"http:\/\/www.apucarana.pr.gov.br\/ame\/wp-json\/wp\/v2\/media?parent=12051"}],"wp:term":[{"taxonomy":"category","embeddable":true,"href":"http:\/\/www.apucarana.pr.gov.br\/ame\/wp-json\/wp\/v2\/categories?post=12051"},{"taxonomy":"post_tag","embeddable":true,"href":"http:\/\/www.apucarana.pr.gov.br\/ame\/wp-json\/wp\/v2\/tags?post=12051"}],"curies":[{"name":"wp","href":"https:\/\/api.w.org\/{rel}","templated":true}]}}