{"id":10984,"date":"2022-08-04T16:47:35","date_gmt":"2022-08-04T19:47:35","guid":{"rendered":"http:\/\/www.apucarana.pr.gov.br\/ame\/?p=10984"},"modified":"2024-10-08T09:09:44","modified_gmt":"2024-10-08T12:09:44","slug":"polo-da-uab-comunica-que-foram-prorrogadas-as-inscricoes-para-a-especializacao-em-educacao","status":"publish","type":"post","link":"http:\/\/www.apucarana.pr.gov.br\/ame\/polo-da-uab-comunica-que-foram-prorrogadas-as-inscricoes-para-a-especializacao-em-educacao\/","title":{"rendered":"Polo da UAB comunica que foram prorrogadas as inscri\u00e7\u00f5es para a especializa\u00e7\u00e3o em Educa\u00e7\u00e3o"},"content":{"rendered":"<p>O Polo da UAB (Universidade Aberta do Brasil) comunica que foram prorrogadas at\u00e9 14 de agosto as inscri\u00e7\u00f5es para a Especializa\u00e7\u00e3o em Educa\u00e7\u00e3o: M\u00e9todos e T\u00e9cnicas de Ensino. O curso ser\u00e1 ofertado, no modelo semipresencial, em parceria com a Universidade Tecnol\u00f3gica Federal do Paran\u00e1 (UTFPR).<\/p>\n<p>De acordo com a secret\u00e1ria de educa\u00e7\u00e3o Marli Fernandes, 28 vagas j\u00e1 foram preenchidas na primeira chamada. \u201cMas ainda temos 14 vagas dispon\u00edveis para completarmos uma turma de 42 estudantes no Polo da UAB de Apucarana. A p\u00f3s-gradua\u00e7\u00e3o tem como p\u00fablico-alvo os professores, prioritariamente aqueles que atuam na etapa da Educa\u00e7\u00e3o B\u00e1sica,\u201d disse.<\/p>\n<p>A Especializa\u00e7\u00e3o em Educa\u00e7\u00e3o: M\u00e9todos e T\u00e9cnicas de Ensino ter\u00e1 carga hor\u00e1ria de 360 horas, excluindo o tempo destinado \u00e0s atividades extracurriculares e \u00e0 elabora\u00e7\u00e3o do Trabalho de Conclus\u00e3o de Curso (TCC).<\/p>\n<p>Os interessados podem acessar o edital completo e tamb\u00e9m realizar as inscri\u00e7\u00f5es, exclusivamente pela internet, no <a href=\"http:\/\/ead.utfpr.edu.br\/ead\/candidato\/edital.php\">portal de Educa\u00e7\u00e3o a Dist\u00e2ncia da UTFPR<\/a>. No mesmo endere\u00e7o, encontra-se tamb\u00e9m a lista com os nomes dos candidatos que foram aprovados na primeira chamada.<\/p>\n<p>\u201cOs cursos ofertados pela Universidade Tecnol\u00f3gica Federal do Paran\u00e1, em parceria com o Polo da UAB de Apucarana, t\u00eam excelente qualidade. Os educadores que realizarem a forma\u00e7\u00e3o certamente sair\u00e3o muito bem preparados, enriquecendo o processo de ensino-aprendizagem nas suas salas de aula,\u201d acrescentou o prefeito Junior da Femac.<\/p>\n<p>Mais informa\u00e7\u00f5es sobre a Especializa\u00e7\u00e3o em Educa\u00e7\u00e3o: M\u00e9todos e T\u00e9cnicas de Ensino e demais cursos ofertados por meio do Polo da UAB de Apucarana podem ser obtidas por meio do telefone (43) 3425-1603 \u2013 que tamb\u00e9m atende via WhatsApp.<\/p>\n<div class = 'socialMediaOnEveryPost'>Compartilhe<div id=\"sgmbShare1-1\" class=\"sgmbShare jssocials-theme-classic sgmbWidget1-1\"><\/div><div class=\"dropdownWrapper dropdownWrapper1 dropdownWrapper-for-widget \" id=\"dropdownWrapper-for-widget\">\r\n\t\t\t\t\t\t<div class=\"dropdownLabel\" id=\"dropdownLabel-share-list\"><span class=\"sgmbButtonListLabel1\">Share List<\/span><\/div>\r\n\t\t\t\t\t\t<div class=\"dropdownPanel dropdownPanel1-1\">\r\n\t\t\t\t\t\t<\/div>\r\n\t\t\t\t\t<\/div><script>  SGMB_URL = \"http:\/\/www.apucarana.pr.gov.br\/ame\/wp-content\/plugins\/social-media-builder\/\"; jQuery(\".dropdownWrapper\").hide(); SGMB_GOOGLE_ACOUNT = \"\"; <\/script><script type=\"text\/javascript\">\r\n\t\tjQuery(document).ready(function($){var widget = new SGMBWidget();widget.show({\"id\":\"1\",\"title\":\"Face\\\/Twitter\",\"options\":{\"currentUrl\":\"1\",\"url\":\"\",\"shareText\":\"\",\"fontSize\":\"14\",\"betweenButtons\":\"1px\",\"theme\":\"classic\",\"sgmbButtonsPosition\":\"bottomLeft\",\"socialTheme\":\"\",\"icon\":\"default\",\"buttonsPanelEffect\":\"No Effect\",\"buttonsEffect\":\"No Effect\",\"iconsEffect\":\"No Effect\",\"buttons\":\"{\\\"facebook\\\":{\\\"label\\\":\\\"Share\\\",\\\"icon\\\":\\\"default-facebook\\\"},\\\"twitter\\\":{\\\"label\\\":\\\"Tweet\\\",\\\"icon\\\":\\\"default-twitter\\\",\\\"via\\\":\\\"\\\",\\\"hashtags\\\":\\\"\\\"}}\",\"roundButton\":\"\",\"showLabels\":\"\",\"showCounts\":\"\",\"showCenter\":\"\",\"showButtonsAsList\":\"\",\"sgmbDropdownColor\":\"\",\"sgmbDropdownLabelFontSize\":\"14\",\"sgmbDropdownLabelColor\":\"\",\"showButtonsOnEveryPost\":\"on\",\"selectedOrExcluded\":\"\",\"showButtonsOnEveryPage\":\"\",\"textOnEveryPost\":\"Compartilhe\",\"showButtonsOnCustomPost\":\"\",\"textOnCustomPost\":\"\",\"showButtonsOnMobileDirect\":\"on\",\"showButtonsOnDesktopDirect\":\"on\",\"sgmbSelectedPages\":[\"\"],\"sgmbExcludedPosts\":[\"\"],\"sgmbSelectedCustomPosts\":[],\"showButtonsInPopup\":\"\",\"titleOfPopup\":\"\",\"descriptionOfPopup\":\"\",\"showPopupOnLoad\":\"\",\"showPopupOnScroll\":\"\",\"showPopupOnExit\":\"\",\"openSecondsOfPopup\":\"\",\"googleAnaliticsAccount\":\"\"},\"buttonOptions\":{\"facebook\":{\"label\":\"Share\",\"icon\":\"default-facebook\"},\"twitter\":{\"label\":\"Tweet\",\"icon\":\"default-twitter\",\"via\":\"\",\"hashtags\":\"\"}},\"button\":[\"facebook\",\"twitter\"]}, 1, '', 'http:\/\/www.apucarana.pr.gov.br\/ame\/wp-content\/uploads\/2019\/04\/POLOEDSON-DENOBI06.jpg', '', 'http:\/\/www.apucarana.pr.gov.br\/ame\/polo-da-uab-comunica-que-foram-prorrogadas-as-inscricoes-para-a-especializacao-em-educacao\/'); });<\/script><\/div><script> jQuery(\".socialMediaOnEveryPost\").addClass(\"sgmb-left\") <\/script>","protected":false},"excerpt":{"rendered":"<p>Os professores interessados em cursar a p\u00f3s-gradua\u00e7\u00e3o em Educa\u00e7\u00e3o: M\u00e9todos e T\u00e9cnicas de Ensino, ofertada em parceria pela UTFPR e o Polo da UAB de Apucarana, t\u00eam at\u00e9 14 de agosto para realizarem as inscri\u00e7\u00f5es<\/p>\n","protected":false},"author":10,"featured_media":8156,"comment_status":"closed","ping_status":"open","sticky":false,"template":"","format":"standard","meta":[],"categories":[9],"tags":[],"_links":{"self":[{"href":"http:\/\/www.apucarana.pr.gov.br\/ame\/wp-json\/wp\/v2\/posts\/10984"}],"collection":[{"href":"http:\/\/www.apucarana.pr.gov.br\/ame\/wp-json\/wp\/v2\/posts"}],"about":[{"href":"http:\/\/www.apucarana.pr.gov.br\/ame\/wp-json\/wp\/v2\/types\/post"}],"author":[{"embeddable":true,"href":"http:\/\/www.apucarana.pr.gov.br\/ame\/wp-json\/wp\/v2\/users\/10"}],"replies":[{"embeddable":true,"href":"http:\/\/www.apucarana.pr.gov.br\/ame\/wp-json\/wp\/v2\/comments?post=10984"}],"version-history":[{"count":1,"href":"http:\/\/www.apucarana.pr.gov.br\/ame\/wp-json\/wp\/v2\/posts\/10984\/revisions"}],"predecessor-version":[{"id":10985,"href":"http:\/\/www.apucarana.pr.gov.br\/ame\/wp-json\/wp\/v2\/posts\/10984\/revisions\/10985"}],"wp:featuredmedia":[{"embeddable":true,"href":"http:\/\/www.apucarana.pr.gov.br\/ame\/wp-json\/wp\/v2\/media\/8156"}],"wp:attachment":[{"href":"http:\/\/www.apucarana.pr.gov.br\/ame\/wp-json\/wp\/v2\/media?parent=10984"}],"wp:term":[{"taxonomy":"category","embeddable":true,"href":"http:\/\/www.apucarana.pr.gov.br\/ame\/wp-json\/wp\/v2\/categories?post=10984"},{"taxonomy":"post_tag","embeddable":true,"href":"http:\/\/www.apucarana.pr.gov.br\/ame\/wp-json\/wp\/v2\/tags?post=10984"}],"curies":[{"name":"wp","href":"https:\/\/api.w.org\/{rel}","templated":true}]}}