{"id":10972,"date":"2022-08-03T16:24:25","date_gmt":"2022-08-03T19:24:25","guid":{"rendered":"http:\/\/www.apucarana.pr.gov.br\/ame\/?p=10972"},"modified":"2024-10-08T09:09:44","modified_gmt":"2024-10-08T12:09:44","slug":"secretaria-marli-fernandes-recebe-comitiva-de-campo-largo-para-troca-de-experiencias-na-area-da-educacao","status":"publish","type":"post","link":"http:\/\/www.apucarana.pr.gov.br\/ame\/secretaria-marli-fernandes-recebe-comitiva-de-campo-largo-para-troca-de-experiencias-na-area-da-educacao\/","title":{"rendered":"Secret\u00e1ria Marli Fernandes recebe comitiva de Campo Largo para troca de experi\u00eancias na \u00e1rea da Educa\u00e7\u00e3o"},"content":{"rendered":"<p>A secret\u00e1ria Marli Fernandes recebeu, na manh\u00e3 de hoje (3\/8), a visita de uma comitiva da cidade de Campo Largo, situada na regi\u00e3o metropolitana de Curitiba, que veio conhecer a estrutura e o funcionamento da rede municipal de educa\u00e7\u00e3o de Apucarana.<\/p>\n<p>\u201cApucarana \u00e9 refer\u00eancia em educa\u00e7\u00e3o no estado do Paran\u00e1. N\u00f3s estamos aqui a fim de trocar experi\u00eancias e obter informa\u00e7\u00f5es sobre os projetos que voc\u00eas desenvolvem. O intuito \u00e9 copiar e levar as boas pr\u00e1ticas no nosso munic\u00edpio,\u201d afirmou a secret\u00e1ria de educa\u00e7\u00e3o de Campo Largo, Dorot\u00e9a Aparecida Merchiori Stoco.<\/p>\n<p>\u201cCampo Largo e Apucarana s\u00e3o cidades parecidas, as duas t\u00eam aproximadamente o mesmo n\u00famero de habitantes e de alunos matriculados na rede municipal de ensino. Entre outros assuntos, eles queriam saber como fazemos a aplica\u00e7\u00e3o dos recursos do Fundeb (Fundo de Manuten\u00e7\u00e3o e Desenvolvimento da Educa\u00e7\u00e3o B\u00e1sica), como se d\u00e1 o funcionamento do transporte e da merenda escolar e sobre os projetos pedag\u00f3gicos que desenvolvemos nos nossos CMEIs e Escolas, principalmente de leitura, tecnologia e educa\u00e7\u00e3o ambiental. A troca de experi\u00eancias foi muito produtiva,\u201d avaliou a secret\u00e1ria de educa\u00e7\u00e3o, Marli Fernandes.<\/p>\n<p>O prefeito Junior da Femac lembrou que comitivas de v\u00e1rias partes do estado t\u00eam procurado a secret\u00e1ria Marli Fernandes depois que um estudo do Grupo Bandeirantes de Televis\u00e3o e do Instituto \u00c1quila apontou que Apucarana \u00e9 o munic\u00edpio brasileiro que oferta a melhor educa\u00e7\u00e3o b\u00e1sica \u00e0s suas crian\u00e7as. \u201cDesde o final do ano passado, n\u00f3s j\u00e1 recebemos visitas de representantes de Guarapuava, Ortigueira, Santa Helena, Arauc\u00e1ria, Maring\u00e1, Sab\u00e1udia, C\u00e2ndido de Abreu, Jardim Alegre, Jandaia do Sul, entre outros. \u00c9 sempre um prazer dividir nossos conhecimentos e contribuir para a melhoria da educa\u00e7\u00e3o de tantas outras crian\u00e7as do Paran\u00e1 e do Brasil,\u201d disse.<\/p>\n<p>Durante o encontro, a secret\u00e1ria Dorot\u00e9a Aparecida Merchiori Stoco presenteou a secret\u00e1ria Marli Fernandes com exemplares do livro A Arte e a Cultura Sesquicenten\u00e1rias de Campo Largo, que foi editado pelo Instituto Cec\u00edlio Elias Netto em comemora\u00e7\u00e3o ao anivers\u00e1rio de 150 anos da \u201cCapital da Lou\u00e7a, Porcelana e Cer\u00e2mica,\u201d com ilustra\u00e7\u00f5es feitas pelos alunos da rede municipal de ensino.<\/p>\n<p>Compunham tamb\u00e9m a comitiva de Campo Largo, o diretor geral de Educa\u00e7\u00e3o, Bruno C\u00e9sar da Cruz, e a diretora do Departamento Pedag\u00f3gico, Adriane Carneiro Ferreira. \u201cParab\u00e9ns \u00e0 professora Marli Fernandes e \u00e0 equipe dela pelo excelente trabalho que t\u00eam feito na rede municipal de ensino de Apucarana\u201d, congratulou a secret\u00e1ria de Campo Largo, Dorot\u00e9a Stoco.<\/p>\n<div class = 'socialMediaOnEveryPost'>Compartilhe<div id=\"sgmbShare1-1\" class=\"sgmbShare jssocials-theme-classic sgmbWidget1-1\"><\/div><div class=\"dropdownWrapper dropdownWrapper1 dropdownWrapper-for-widget \" id=\"dropdownWrapper-for-widget\">\r\n\t\t\t\t\t\t<div class=\"dropdownLabel\" id=\"dropdownLabel-share-list\"><span class=\"sgmbButtonListLabel1\">Share List<\/span><\/div>\r\n\t\t\t\t\t\t<div class=\"dropdownPanel dropdownPanel1-1\">\r\n\t\t\t\t\t\t<\/div>\r\n\t\t\t\t\t<\/div><script>  SGMB_URL = \"http:\/\/www.apucarana.pr.gov.br\/ame\/wp-content\/plugins\/social-media-builder\/\"; jQuery(\".dropdownWrapper\").hide(); SGMB_GOOGLE_ACOUNT = \"\"; <\/script><script type=\"text\/javascript\">\r\n\t\tjQuery(document).ready(function($){var widget = new SGMBWidget();widget.show({\"id\":\"1\",\"title\":\"Face\\\/Twitter\",\"options\":{\"currentUrl\":\"1\",\"url\":\"\",\"shareText\":\"\",\"fontSize\":\"14\",\"betweenButtons\":\"1px\",\"theme\":\"classic\",\"sgmbButtonsPosition\":\"bottomLeft\",\"socialTheme\":\"\",\"icon\":\"default\",\"buttonsPanelEffect\":\"No Effect\",\"buttonsEffect\":\"No Effect\",\"iconsEffect\":\"No Effect\",\"buttons\":\"{\\\"facebook\\\":{\\\"label\\\":\\\"Share\\\",\\\"icon\\\":\\\"default-facebook\\\"},\\\"twitter\\\":{\\\"label\\\":\\\"Tweet\\\",\\\"icon\\\":\\\"default-twitter\\\",\\\"via\\\":\\\"\\\",\\\"hashtags\\\":\\\"\\\"}}\",\"roundButton\":\"\",\"showLabels\":\"\",\"showCounts\":\"\",\"showCenter\":\"\",\"showButtonsAsList\":\"\",\"sgmbDropdownColor\":\"\",\"sgmbDropdownLabelFontSize\":\"14\",\"sgmbDropdownLabelColor\":\"\",\"showButtonsOnEveryPost\":\"on\",\"selectedOrExcluded\":\"\",\"showButtonsOnEveryPage\":\"\",\"textOnEveryPost\":\"Compartilhe\",\"showButtonsOnCustomPost\":\"\",\"textOnCustomPost\":\"\",\"showButtonsOnMobileDirect\":\"on\",\"showButtonsOnDesktopDirect\":\"on\",\"sgmbSelectedPages\":[\"\"],\"sgmbExcludedPosts\":[\"\"],\"sgmbSelectedCustomPosts\":[],\"showButtonsInPopup\":\"\",\"titleOfPopup\":\"\",\"descriptionOfPopup\":\"\",\"showPopupOnLoad\":\"\",\"showPopupOnScroll\":\"\",\"showPopupOnExit\":\"\",\"openSecondsOfPopup\":\"\",\"googleAnaliticsAccount\":\"\"},\"buttonOptions\":{\"facebook\":{\"label\":\"Share\",\"icon\":\"default-facebook\"},\"twitter\":{\"label\":\"Tweet\",\"icon\":\"default-twitter\",\"via\":\"\",\"hashtags\":\"\"}},\"button\":[\"facebook\",\"twitter\"]}, 1, '', 'http:\/\/www.apucarana.pr.gov.br\/ame\/wp-content\/uploads\/2022\/08\/IMG_4428-scaled.jpg', '', 'http:\/\/www.apucarana.pr.gov.br\/ame\/secretaria-marli-fernandes-recebe-comitiva-de-campo-largo-para-troca-de-experiencias-na-area-da-educacao\/'); });<\/script><\/div><script> jQuery(\".socialMediaOnEveryPost\").addClass(\"sgmb-left\") <\/script>","protected":false},"excerpt":{"rendered":"<p>O grupo estava composto pela dirigente municipal de educa\u00e7\u00e3o de Campo Largo, Dorot\u00e9a Stoco, o diretor geral da secretaria, Bruno Cezar da Cruz, e a diretora do departamento pedag\u00f3gico, Adriane Carneiro Ferreira<\/p>\n","protected":false},"author":10,"featured_media":10974,"comment_status":"closed","ping_status":"open","sticky":false,"template":"","format":"standard","meta":[],"categories":[9],"tags":[],"_links":{"self":[{"href":"http:\/\/www.apucarana.pr.gov.br\/ame\/wp-json\/wp\/v2\/posts\/10972"}],"collection":[{"href":"http:\/\/www.apucarana.pr.gov.br\/ame\/wp-json\/wp\/v2\/posts"}],"about":[{"href":"http:\/\/www.apucarana.pr.gov.br\/ame\/wp-json\/wp\/v2\/types\/post"}],"author":[{"embeddable":true,"href":"http:\/\/www.apucarana.pr.gov.br\/ame\/wp-json\/wp\/v2\/users\/10"}],"replies":[{"embeddable":true,"href":"http:\/\/www.apucarana.pr.gov.br\/ame\/wp-json\/wp\/v2\/comments?post=10972"}],"version-history":[{"count":1,"href":"http:\/\/www.apucarana.pr.gov.br\/ame\/wp-json\/wp\/v2\/posts\/10972\/revisions"}],"predecessor-version":[{"id":10983,"href":"http:\/\/www.apucarana.pr.gov.br\/ame\/wp-json\/wp\/v2\/posts\/10972\/revisions\/10983"}],"wp:featuredmedia":[{"embeddable":true,"href":"http:\/\/www.apucarana.pr.gov.br\/ame\/wp-json\/wp\/v2\/media\/10974"}],"wp:attachment":[{"href":"http:\/\/www.apucarana.pr.gov.br\/ame\/wp-json\/wp\/v2\/media?parent=10972"}],"wp:term":[{"taxonomy":"category","embeddable":true,"href":"http:\/\/www.apucarana.pr.gov.br\/ame\/wp-json\/wp\/v2\/categories?post=10972"},{"taxonomy":"post_tag","embeddable":true,"href":"http:\/\/www.apucarana.pr.gov.br\/ame\/wp-json\/wp\/v2\/tags?post=10972"}],"curies":[{"name":"wp","href":"https:\/\/api.w.org\/{rel}","templated":true}]}}