{"id":10961,"date":"2022-08-02T16:49:52","date_gmt":"2022-08-02T19:49:52","guid":{"rendered":"http:\/\/www.apucarana.pr.gov.br\/ame\/?p=10961"},"modified":"2024-10-08T09:09:44","modified_gmt":"2024-10-08T12:09:44","slug":"autarquia-de-educacao-promove-segunda-edicao-da-escola-de-pais","status":"publish","type":"post","link":"http:\/\/www.apucarana.pr.gov.br\/ame\/autarquia-de-educacao-promove-segunda-edicao-da-escola-de-pais\/","title":{"rendered":"Autarquia de Educa\u00e7\u00e3o promove segunda edi\u00e7\u00e3o da Escola de Pais"},"content":{"rendered":"<p>O Cine Teatro F\u00eanix ficou lotado, na noite de ontem (1\/8), durante a segunda edi\u00e7\u00e3o da Escola de Pais da rede municipal de Apucarana. Na ocasi\u00e3o, os participantes assistiram a uma palestra, ministrada pelo psic\u00f3logo e pedagogo Dione C\u00e9sar Vojivoda, do Instituto \u00c1quila, sobre a import\u00e2ncia do reconhecimento e da gest\u00e3o das emo\u00e7\u00f5es.<\/p>\n<p>A Escola de Pais \u00e9 um projeto da Autarquia Municipal de Educa\u00e7\u00e3o que visa fortalecer o v\u00ednculo entre as unidades de ensino e as fam\u00edlias dos estudantes. \u201cDiversos estudos cient\u00edficos j\u00e1 comprovaram que as crian\u00e7as aprendem muito melhor e desenvolvem-se de maneira mais saud\u00e1vel quando seus professores e seus pais mant\u00eam uma boa rela\u00e7\u00e3o. Neste sentido, o nosso intuito \u00e9 promover encontros bimestrais entre os docentes e as fam\u00edlias, por meio dos quais eles possam partilhar informa\u00e7\u00f5es e trocar experi\u00eancias sobre os desafios e as alegrias de se educar uma crian\u00e7a,\u201d detalhou a secret\u00e1ria Marli Fernandes.<\/p>\n<p>Para o prefeito Junior da Femac, o tema abordado na segunda edi\u00e7\u00e3o da Escola de Pais \u00e9 bastante pertinente. \u201cAs crian\u00e7as observam e imitam os comportamentos dos seus irm\u00e3os, pais, av\u00f3s, professores e demais adultos com quem convivem. Ent\u00e3o, aprender a reconhecer e a gerir as pr\u00f3prias emo\u00e7\u00f5es \u00e9 importante para que possamos oferecer um referencial adequado aos nossos filhos e estudantes. Parab\u00e9ns \u00e0 equipe pedag\u00f3gica da Autarquia Municipal de Educa\u00e7\u00e3o pelo desenvolvimento deste projeto na rede municipal de Apucarana\u201d, disse.<\/p>\n<p>\u201cUma das maiores dificuldades do indiv\u00edduo atualmente \u00e9 conseguir parar por alguns momentos e olhar para dentro de si, avaliando seus pontos positivos e aqueles que podem ser melhorados. O autoconhecimento \u00e9 fundamental para o ser humano. Uma crian\u00e7a que t\u00eam um adulto forte ao seu lado, capaz de reconhecer e autorregular as pr\u00f3prias emo\u00e7\u00f5es, certamente ter\u00e1 um futuro brilhante,\u201d completou o diretor do Instituto \u00c1quila, Dione C\u00e9sar Vojivoda.<\/p>\n<p>Para quem n\u00e3o conseguiu acompanhar ao vivo, o v\u00eddeo da segunda edi\u00e7\u00e3o da Escola de Pais est\u00e1 dispon\u00edvel por meio do <a href=\"https:\/\/www.youtube.com\/watch?v=xB_cmiNmZUc\">canal da Autarquia Municipal de Educa\u00e7\u00e3o no YouTube<\/a>.<\/p>\n<div class = 'socialMediaOnEveryPost'>Compartilhe<div id=\"sgmbShare1-1\" class=\"sgmbShare jssocials-theme-classic sgmbWidget1-1\"><\/div><div class=\"dropdownWrapper dropdownWrapper1 dropdownWrapper-for-widget \" id=\"dropdownWrapper-for-widget\">\r\n\t\t\t\t\t\t<div class=\"dropdownLabel\" id=\"dropdownLabel-share-list\"><span class=\"sgmbButtonListLabel1\">Share List<\/span><\/div>\r\n\t\t\t\t\t\t<div class=\"dropdownPanel dropdownPanel1-1\">\r\n\t\t\t\t\t\t<\/div>\r\n\t\t\t\t\t<\/div><script>  SGMB_URL = \"http:\/\/www.apucarana.pr.gov.br\/ame\/wp-content\/plugins\/social-media-builder\/\"; jQuery(\".dropdownWrapper\").hide(); SGMB_GOOGLE_ACOUNT = \"\"; <\/script><script type=\"text\/javascript\">\r\n\t\tjQuery(document).ready(function($){var widget = new SGMBWidget();widget.show({\"id\":\"1\",\"title\":\"Face\\\/Twitter\",\"options\":{\"currentUrl\":\"1\",\"url\":\"\",\"shareText\":\"\",\"fontSize\":\"14\",\"betweenButtons\":\"1px\",\"theme\":\"classic\",\"sgmbButtonsPosition\":\"bottomLeft\",\"socialTheme\":\"\",\"icon\":\"default\",\"buttonsPanelEffect\":\"No Effect\",\"buttonsEffect\":\"No Effect\",\"iconsEffect\":\"No Effect\",\"buttons\":\"{\\\"facebook\\\":{\\\"label\\\":\\\"Share\\\",\\\"icon\\\":\\\"default-facebook\\\"},\\\"twitter\\\":{\\\"label\\\":\\\"Tweet\\\",\\\"icon\\\":\\\"default-twitter\\\",\\\"via\\\":\\\"\\\",\\\"hashtags\\\":\\\"\\\"}}\",\"roundButton\":\"\",\"showLabels\":\"\",\"showCounts\":\"\",\"showCenter\":\"\",\"showButtonsAsList\":\"\",\"sgmbDropdownColor\":\"\",\"sgmbDropdownLabelFontSize\":\"14\",\"sgmbDropdownLabelColor\":\"\",\"showButtonsOnEveryPost\":\"on\",\"selectedOrExcluded\":\"\",\"showButtonsOnEveryPage\":\"\",\"textOnEveryPost\":\"Compartilhe\",\"showButtonsOnCustomPost\":\"\",\"textOnCustomPost\":\"\",\"showButtonsOnMobileDirect\":\"on\",\"showButtonsOnDesktopDirect\":\"on\",\"sgmbSelectedPages\":[\"\"],\"sgmbExcludedPosts\":[\"\"],\"sgmbSelectedCustomPosts\":[],\"showButtonsInPopup\":\"\",\"titleOfPopup\":\"\",\"descriptionOfPopup\":\"\",\"showPopupOnLoad\":\"\",\"showPopupOnScroll\":\"\",\"showPopupOnExit\":\"\",\"openSecondsOfPopup\":\"\",\"googleAnaliticsAccount\":\"\"},\"buttonOptions\":{\"facebook\":{\"label\":\"Share\",\"icon\":\"default-facebook\"},\"twitter\":{\"label\":\"Tweet\",\"icon\":\"default-twitter\",\"via\":\"\",\"hashtags\":\"\"}},\"button\":[\"facebook\",\"twitter\"]}, 1, '', 'http:\/\/www.apucarana.pr.gov.br\/ame\/wp-content\/uploads\/2022\/08\/FOTOS-16-scaled.jpg', '', 'http:\/\/www.apucarana.pr.gov.br\/ame\/autarquia-de-educacao-promove-segunda-edicao-da-escola-de-pais\/'); });<\/script><\/div><script> jQuery(\".socialMediaOnEveryPost\").addClass(\"sgmb-left\") <\/script>","protected":false},"excerpt":{"rendered":"<p>Na ocasi\u00e3o, os participantes assistiram a uma palestra, ministrada pelo psic\u00f3logo e pedagogo Dione C\u00e9sar Vojivoda, do Instituto \u00c1quila, sobre a import\u00e2ncia do reconhecimento e da gest\u00e3o das emo\u00e7\u00f5es<\/p>\n","protected":false},"author":10,"featured_media":10967,"comment_status":"closed","ping_status":"open","sticky":false,"template":"","format":"standard","meta":[],"categories":[9],"tags":[],"_links":{"self":[{"href":"http:\/\/www.apucarana.pr.gov.br\/ame\/wp-json\/wp\/v2\/posts\/10961"}],"collection":[{"href":"http:\/\/www.apucarana.pr.gov.br\/ame\/wp-json\/wp\/v2\/posts"}],"about":[{"href":"http:\/\/www.apucarana.pr.gov.br\/ame\/wp-json\/wp\/v2\/types\/post"}],"author":[{"embeddable":true,"href":"http:\/\/www.apucarana.pr.gov.br\/ame\/wp-json\/wp\/v2\/users\/10"}],"replies":[{"embeddable":true,"href":"http:\/\/www.apucarana.pr.gov.br\/ame\/wp-json\/wp\/v2\/comments?post=10961"}],"version-history":[{"count":2,"href":"http:\/\/www.apucarana.pr.gov.br\/ame\/wp-json\/wp\/v2\/posts\/10961\/revisions"}],"predecessor-version":[{"id":10970,"href":"http:\/\/www.apucarana.pr.gov.br\/ame\/wp-json\/wp\/v2\/posts\/10961\/revisions\/10970"}],"wp:featuredmedia":[{"embeddable":true,"href":"http:\/\/www.apucarana.pr.gov.br\/ame\/wp-json\/wp\/v2\/media\/10967"}],"wp:attachment":[{"href":"http:\/\/www.apucarana.pr.gov.br\/ame\/wp-json\/wp\/v2\/media?parent=10961"}],"wp:term":[{"taxonomy":"category","embeddable":true,"href":"http:\/\/www.apucarana.pr.gov.br\/ame\/wp-json\/wp\/v2\/categories?post=10961"},{"taxonomy":"post_tag","embeddable":true,"href":"http:\/\/www.apucarana.pr.gov.br\/ame\/wp-json\/wp\/v2\/tags?post=10961"}],"curies":[{"name":"wp","href":"https:\/\/api.w.org\/{rel}","templated":true}]}}